{"id":24251,"date":"2022-10-21T12:15:00","date_gmt":"2022-10-21T10:15:00","guid":{"rendered":"http:\/\/sp1.kielce.eu\/?p=24251"},"modified":"2022-10-21T12:15:00","modified_gmt":"2022-10-21T10:15:00","slug":"szkolenie-wolontariuszy-ze-szkolnego-kola-wolontariatu-jedynka","status":"publish","type":"post","link":"https:\/\/sp1.kielce.eu\/index.php\/2022\/10\/21\/szkolenie-wolontariuszy-ze-szkolnego-kola-wolontariatu-jedynka\/","title":{"rendered":"Szkolenie Wolontariuszy ze Szkolnego Ko\u0142a Wolontariatu \u201eJEDYNKA\u201d"},"content":{"rendered":"\n<p>W naszej szkole 7 pa\u017adziernika br. odby\u0142o si\u0119 dwugodzinne szkolenie naszych Wolontariuszy z klas \u00f3smych przeprowadzone przez p. Monik\u0119 Wilk, koordynatora Diecezjalnego Centrum Wolontariatu i przez p. Dominik\u0119 Borkowsk\u0105, koordynatora Wolontariatu Hospicyjnego.<\/p>\n\n\n\n<p>&nbsp;&nbsp;&nbsp;&nbsp;&nbsp;&nbsp;&nbsp;&nbsp; Uczniowie u\u015bwiadomili sobie w nowy spos\u00f3b, warto\u015b\u0107 wolontariatu, kt\u00f3ry mo\u017ce by\u0107 nie tylko pewnym etapem, epizodem w \u017cyciu m\u0142odego cz\u0142owieka, ale sta\u0142ym stylem \u017cycia, aby pomaga\u0107 innym w wielorakich potrzebach.<\/p>\n\n\n\n<p>&nbsp;&nbsp;&nbsp;&nbsp;&nbsp;&nbsp;&nbsp;&nbsp; Idea\u0142em wolontariusza wed\u0142ug p. Dominiki jest po prostu bycie cz\u0142owiekiem przy cz\u0142owieku, gdy sam ju\u017c nie m\u00f3wi, czy nawet nie wiemy, czy nas s\u0142yszy i niewiele mu zosta\u0142o dni do ko\u0144ca swego \u017cycia na ziemi.<br>Wtedy wa\u017cna jest zasada-motto dojrza\u0142ego wolontariusza:<\/p>\n\n\n\n<p><strong>Je\u015bli nie mo\u017cesz doda\u0107 dni do swojego, czy czyjego\u015b \u017cycia, dodaj \u017cycia tym dniom, kt\u00f3re jeszcze pozosta\u0142y!<\/strong><\/p>\n\n\n\n<p>ks. Konrad Walerczak, p. Agnieszka Rycombel, p. El\u017cbieta Litwinek, p. Agnieszka M\u0142ynarczyk<\/p>\n\n\n\n<figure class=\"wp-block-gallery has-nested-images columns-default is-cropped wp-block-gallery-1 is-layout-flex wp-block-gallery-is-layout-flex\">\n<figure class=\"wp-block-image size-large\"><a href=\"http:\/\/sp1.kielce.eu\/wp-content\/uploads\/2022\/10\/20221007-140225.jpg\"><img loading=\"lazy\" decoding=\"async\" width=\"1008\" height=\"756\" data-id=\"24252\" src=\"http:\/\/sp1.kielce.eu\/wp-content\/uploads\/2022\/10\/20221007-140225.jpg\" alt=\"\" class=\"wp-image-24252\" srcset=\"https:\/\/sp1.kielce.eu\/wp-content\/uploads\/2022\/10\/20221007-140225.jpg 1008w, https:\/\/sp1.kielce.eu\/wp-content\/uploads\/2022\/10\/20221007-140225-300x225.jpg 300w, https:\/\/sp1.kielce.eu\/wp-content\/uploads\/2022\/10\/20221007-140225-768x576.jpg 768w, https:\/\/sp1.kielce.eu\/wp-content\/uploads\/2022\/10\/20221007-140225-820x615.jpg 820w\" sizes=\"auto, (max-width: 1008px) 100vw, 1008px\" \/><\/a><\/figure>\n\n\n\n<figure class=\"wp-block-image size-large\"><a href=\"http:\/\/sp1.kielce.eu\/wp-content\/uploads\/2022\/10\/20221007-142557.jpg\"><img loading=\"lazy\" decoding=\"async\" width=\"1008\" height=\"756\" data-id=\"24253\" src=\"http:\/\/sp1.kielce.eu\/wp-content\/uploads\/2022\/10\/20221007-142557.jpg\" alt=\"\" class=\"wp-image-24253\" srcset=\"https:\/\/sp1.kielce.eu\/wp-content\/uploads\/2022\/10\/20221007-142557.jpg 1008w, https:\/\/sp1.kielce.eu\/wp-content\/uploads\/2022\/10\/20221007-142557-300x225.jpg 300w, https:\/\/sp1.kielce.eu\/wp-content\/uploads\/2022\/10\/20221007-142557-768x576.jpg 768w, https:\/\/sp1.kielce.eu\/wp-content\/uploads\/2022\/10\/20221007-142557-820x615.jpg 820w\" sizes=\"auto, (max-width: 1008px) 100vw, 1008px\" \/><\/a><\/figure>\n\n\n\n<figure class=\"wp-block-image size-large\"><a href=\"http:\/\/sp1.kielce.eu\/wp-content\/uploads\/2022\/10\/20221007-150342.jpg\"><img loading=\"lazy\" decoding=\"async\" width=\"1008\" height=\"756\" data-id=\"24254\" src=\"http:\/\/sp1.kielce.eu\/wp-content\/uploads\/2022\/10\/20221007-150342.jpg\" alt=\"\" class=\"wp-image-24254\" srcset=\"https:\/\/sp1.kielce.eu\/wp-content\/uploads\/2022\/10\/20221007-150342.jpg 1008w, https:\/\/sp1.kielce.eu\/wp-content\/uploads\/2022\/10\/20221007-150342-300x225.jpg 300w, https:\/\/sp1.kielce.eu\/wp-content\/uploads\/2022\/10\/20221007-150342-768x576.jpg 768w, https:\/\/sp1.kielce.eu\/wp-content\/uploads\/2022\/10\/20221007-150342-820x615.jpg 820w\" sizes=\"auto, (max-width: 1008px) 100vw, 1008px\" \/><\/a><\/figure>\n\n\n\n<figure class=\"wp-block-image size-large\"><a href=\"http:\/\/sp1.kielce.eu\/wp-content\/uploads\/2022\/10\/20221007-150453.jpg\"><img loading=\"lazy\" decoding=\"async\" width=\"1008\" height=\"756\" data-id=\"24255\" src=\"http:\/\/sp1.kielce.eu\/wp-content\/uploads\/2022\/10\/20221007-150453.jpg\" alt=\"\" class=\"wp-image-24255\" srcset=\"https:\/\/sp1.kielce.eu\/wp-content\/uploads\/2022\/10\/20221007-150453.jpg 1008w, https:\/\/sp1.kielce.eu\/wp-content\/uploads\/2022\/10\/20221007-150453-300x225.jpg 300w, https:\/\/sp1.kielce.eu\/wp-content\/uploads\/2022\/10\/20221007-150453-768x576.jpg 768w, https:\/\/sp1.kielce.eu\/wp-content\/uploads\/2022\/10\/20221007-150453-820x615.jpg 820w\" sizes=\"auto, (max-width: 1008px) 100vw, 1008px\" \/><\/a><\/figure>\n\n\n\n<figure class=\"wp-block-image size-large\"><a href=\"http:\/\/sp1.kielce.eu\/wp-content\/uploads\/2022\/10\/20221007-150645.jpg\"><img loading=\"lazy\" decoding=\"async\" width=\"1008\" height=\"756\" data-id=\"24256\" src=\"http:\/\/sp1.kielce.eu\/wp-content\/uploads\/2022\/10\/20221007-150645.jpg\" alt=\"\" class=\"wp-image-24256\" srcset=\"https:\/\/sp1.kielce.eu\/wp-content\/uploads\/2022\/10\/20221007-150645.jpg 1008w, https:\/\/sp1.kielce.eu\/wp-content\/uploads\/2022\/10\/20221007-150645-300x225.jpg 300w, https:\/\/sp1.kielce.eu\/wp-content\/uploads\/2022\/10\/20221007-150645-768x576.jpg 768w, https:\/\/sp1.kielce.eu\/wp-content\/uploads\/2022\/10\/20221007-150645-820x615.jpg 820w\" sizes=\"auto, (max-width: 1008px) 100vw, 1008px\" \/><\/a><\/figure>\n\n\n\n<figure class=\"wp-block-image size-large\"><a href=\"http:\/\/sp1.kielce.eu\/wp-content\/uploads\/2022\/10\/Zdj\u00a6Ocie-tytueowe.-20221007-142558.jpg\"><img loading=\"lazy\" decoding=\"async\" width=\"648\" height=\"756\" data-id=\"24257\" src=\"http:\/\/sp1.kielce.eu\/wp-content\/uploads\/2022\/10\/Zdj\u00a6Ocie-tytueowe.-20221007-142558.jpg\" alt=\"\" class=\"wp-image-24257\" srcset=\"https:\/\/sp1.kielce.eu\/wp-content\/uploads\/2022\/10\/Zdj\u00a6Ocie-tytueowe.-20221007-142558.jpg 648w, https:\/\/sp1.kielce.eu\/wp-content\/uploads\/2022\/10\/Zdj\u00a6Ocie-tytueowe.-20221007-142558-257x300.jpg 257w\" sizes=\"auto, (max-width: 648px) 100vw, 648px\" \/><\/a><\/figure>\n<\/figure>\n","protected":false},"excerpt":{"rendered":"<p>W naszej szkole 7 pa\u017adziernika br. odby\u0142o si\u0119 dwugodzinne szkolenie naszych Wolontariuszy z klas \u00f3smych [&hellip;]<\/p>\n","protected":false},"author":5,"featured_media":24257,"comment_status":"closed","ping_status":"","sticky":false,"template":"","format":"standard","meta":{"footnotes":""},"categories":[36,163],"tags":[],"class_list":["post-24251","post","type-post","status-publish","format-standard","has-post-thumbnail","hentry","category-wydarzenia","category-skw"],"_links":{"self":[{"href":"https:\/\/sp1.kielce.eu\/index.php\/wp-json\/wp\/v2\/posts\/24251","targetHints":{"allow":["GET"]}}],"collection":[{"href":"https:\/\/sp1.kielce.eu\/index.php\/wp-json\/wp\/v2\/posts"}],"about":[{"href":"https:\/\/sp1.kielce.eu\/index.php\/wp-json\/wp\/v2\/types\/post"}],"author":[{"embeddable":true,"href":"https:\/\/sp1.kielce.eu\/index.php\/wp-json\/wp\/v2\/users\/5"}],"replies":[{"embeddable":true,"href":"https:\/\/sp1.kielce.eu\/index.php\/wp-json\/wp\/v2\/comments?post=24251"}],"version-history":[{"count":1,"href":"https:\/\/sp1.kielce.eu\/index.php\/wp-json\/wp\/v2\/posts\/24251\/revisions"}],"predecessor-version":[{"id":24258,"href":"https:\/\/sp1.kielce.eu\/index.php\/wp-json\/wp\/v2\/posts\/24251\/revisions\/24258"}],"wp:featuredmedia":[{"embeddable":true,"href":"https:\/\/sp1.kielce.eu\/index.php\/wp-json\/wp\/v2\/media\/24257"}],"wp:attachment":[{"href":"https:\/\/sp1.kielce.eu\/index.php\/wp-json\/wp\/v2\/media?parent=24251"}],"wp:term":[{"taxonomy":"category","embeddable":true,"href":"https:\/\/sp1.kielce.eu\/index.php\/wp-json\/wp\/v2\/categories?post=24251"},{"taxonomy":"post_tag","embeddable":true,"href":"https:\/\/sp1.kielce.eu\/index.php\/wp-json\/wp\/v2\/tags?post=24251"}],"curies":[{"name":"wp","href":"https:\/\/api.w.org\/{rel}","templated":true}]}}