{"id":24247,"date":"2022-10-21T12:09:42","date_gmt":"2022-10-21T10:09:42","guid":{"rendered":"http:\/\/sp1.kielce.eu\/?p=24247"},"modified":"2022-10-21T12:09:42","modified_gmt":"2022-10-21T10:09:42","slug":"akcja-szkola-pelna-talentow","status":"publish","type":"post","link":"https:\/\/sp1.kielce.eu\/index.php\/2022\/10\/21\/akcja-szkola-pelna-talentow\/","title":{"rendered":"Akcja &#8222;Szko\u0142a Pe\u0142na Talent\u00f3w&#8221;"},"content":{"rendered":"\n<p>Szko\u0142a to miejsce, w kt\u00f3rym sp\u0119dzamy bardzo du\u017co czasu. Uczymy si\u0119 nowych rzeczy, utrwalamy ju\u017c dla nas znane. Poznajemy nowe osoby, r\u00f3\u017cne charaktery, znajdujemy si\u0119 w r\u00f3\u017cnych sytuacjach, dzi\u0119ki czemu kszta\u0142tujemy sw\u00f3j w\u0142asny charakter i spos\u00f3b bycia. Dlatego szko\u0142a jest idealnym miejscem na poznanie oraz rozwijanie nowych talent\u00f3w.<\/p>\n\n\n\n<p>Teraz jest taka mo\u017cliwo\u015b\u0107!!!<\/p>\n\n\n\n<p>Razem z mark\u0105 Lidl w akcji&nbsp;<strong>&#8222;Szko\u0142a Pe\u0142na Talent\u00f3w&#8221;<\/strong>&nbsp;mo\u017cemy pom\u00f3c w znajdowaniu i szlifowaniu naszych szkolnych talent\u00f3w. Dlatego zach\u0119camy do przynoszenia &#8222;Talenciak\u00f3w&#8221;, b\u0105d\u017a rejestrowania ich bezpo\u015brednio na stronie Lidla.<\/p>\n\n\n\n<p>A \u017ceby pokaza\u0107 \u017ce warto, stworzyli\u015bmy filmik. Zach\u0119camy do ogl\u0105dania<\/p>\n\n\n\n<p><strong>Opiekun akcji i tw\u00f3rca filmu<\/strong><\/p>\n\n\n\n<p><strong>Agnieszka Adamczyk<\/strong><\/p>\n\n\n\n<figure class=\"wp-block-video\"><video controls src=\"http:\/\/sp1.kielce.eu\/wp-content\/uploads\/2022\/10\/film_lidl.mp4\"><\/video><\/figure>\n","protected":false},"excerpt":{"rendered":"<p>Szko\u0142a to miejsce, w kt\u00f3rym sp\u0119dzamy bardzo du\u017co czasu. Uczymy si\u0119 nowych rzeczy, utrwalamy ju\u017c [&hellip;]<\/p>\n","protected":false},"author":5,"featured_media":24249,"comment_status":"closed","ping_status":"","sticky":false,"template":"","format":"standard","meta":{"footnotes":""},"categories":[36],"tags":[],"class_list":["post-24247","post","type-post","status-publish","format-standard","has-post-thumbnail","hentry","category-wydarzenia"],"_links":{"self":[{"href":"https:\/\/sp1.kielce.eu\/index.php\/wp-json\/wp\/v2\/posts\/24247","targetHints":{"allow":["GET"]}}],"collection":[{"href":"https:\/\/sp1.kielce.eu\/index.php\/wp-json\/wp\/v2\/posts"}],"about":[{"href":"https:\/\/sp1.kielce.eu\/index.php\/wp-json\/wp\/v2\/types\/post"}],"author":[{"embeddable":true,"href":"https:\/\/sp1.kielce.eu\/index.php\/wp-json\/wp\/v2\/users\/5"}],"replies":[{"embeddable":true,"href":"https:\/\/sp1.kielce.eu\/index.php\/wp-json\/wp\/v2\/comments?post=24247"}],"version-history":[{"count":1,"href":"https:\/\/sp1.kielce.eu\/index.php\/wp-json\/wp\/v2\/posts\/24247\/revisions"}],"predecessor-version":[{"id":24250,"href":"https:\/\/sp1.kielce.eu\/index.php\/wp-json\/wp\/v2\/posts\/24247\/revisions\/24250"}],"wp:featuredmedia":[{"embeddable":true,"href":"https:\/\/sp1.kielce.eu\/index.php\/wp-json\/wp\/v2\/media\/24249"}],"wp:attachment":[{"href":"https:\/\/sp1.kielce.eu\/index.php\/wp-json\/wp\/v2\/media?parent=24247"}],"wp:term":[{"taxonomy":"category","embeddable":true,"href":"https:\/\/sp1.kielce.eu\/index.php\/wp-json\/wp\/v2\/categories?post=24247"},{"taxonomy":"post_tag","embeddable":true,"href":"https:\/\/sp1.kielce.eu\/index.php\/wp-json\/wp\/v2\/tags?post=24247"}],"curies":[{"name":"wp","href":"https:\/\/api.w.org\/{rel}","templated":true}]}}