{"id":24167,"date":"2022-10-17T20:55:51","date_gmt":"2022-10-17T18:55:51","guid":{"rendered":"http:\/\/sp1.kielce.eu\/?p=24167"},"modified":"2022-10-17T20:55:51","modified_gmt":"2022-10-17T18:55:51","slug":"swieto-drzewa","status":"publish","type":"post","link":"https:\/\/sp1.kielce.eu\/index.php\/2022\/10\/17\/swieto-drzewa\/","title":{"rendered":"\u015awi\u0119to drzewa"},"content":{"rendered":"\n<p>Z okazji \u015awi\u0119ta Drzewa, kt\u00f3re obchodzimy 10 pa\u017adziernika uczniowie klasy 7a wraz z nauczycielem biologii<br>i pracownikami Sp\u00f3\u0142dzielni Mieszkaniowej &#8222;Bocianek&#8221; wzi\u0119li udzia\u0142 w akcji sadzenia drzew na naszym osiedlu.<br>Sadzenie drzew jest jednym z najbardziej skutecznych i prostych sposob\u00f3w przeciwdzia\u0142ania zmianom klimatycznym. Mamy nadziej\u0119, \u017ce posadzone ro\u015bliny pos\u0142u\u017c\u0105 edukacji dzieci i m\u0142odzie\u017cy oraz zwi\u0119ksz\u0105 r\u00f3\u017cnorodno\u015b\u0107 biologiczn\u0105 i baz\u0119 pokarmow\u0105 dla ptak\u00f3w i pszcz\u00f3\u0142.<\/p>\n\n\n\n<p>Krystyna Banasik &#8211; nauczyciel biologii<\/p>\n\n\n\n<figure class=\"wp-block-gallery has-nested-images columns-default is-cropped wp-block-gallery-1 is-layout-flex wp-block-gallery-is-layout-flex\">\n<figure class=\"wp-block-image size-large\"><a href=\"http:\/\/sp1.kielce.eu\/wp-content\/uploads\/2022\/10\/MicosoftTeams-image-Medium.png\"><img loading=\"lazy\" decoding=\"async\" width=\"1365\" height=\"768\" data-id=\"24168\" src=\"http:\/\/sp1.kielce.eu\/wp-content\/uploads\/2022\/10\/MicosoftTeams-image-Medium.png\" alt=\"\" class=\"wp-image-24168\" srcset=\"https:\/\/sp1.kielce.eu\/wp-content\/uploads\/2022\/10\/MicosoftTeams-image-Medium.png 1365w, https:\/\/sp1.kielce.eu\/wp-content\/uploads\/2022\/10\/MicosoftTeams-image-Medium-300x169.png 300w, https:\/\/sp1.kielce.eu\/wp-content\/uploads\/2022\/10\/MicosoftTeams-image-Medium-768x432.png 768w, https:\/\/sp1.kielce.eu\/wp-content\/uploads\/2022\/10\/MicosoftTeams-image-Medium-820x461.png 820w\" sizes=\"auto, (max-width: 1365px) 100vw, 1365px\" \/><\/a><\/figure>\n\n\n\n<figure class=\"wp-block-image size-large\"><a href=\"http:\/\/sp1.kielce.eu\/wp-content\/uploads\/2022\/10\/Microsofteams-image-Medium.png\"><img loading=\"lazy\" decoding=\"async\" width=\"1365\" height=\"768\" data-id=\"24169\" src=\"http:\/\/sp1.kielce.eu\/wp-content\/uploads\/2022\/10\/Microsofteams-image-Medium.png\" alt=\"\" class=\"wp-image-24169\" srcset=\"https:\/\/sp1.kielce.eu\/wp-content\/uploads\/2022\/10\/Microsofteams-image-Medium.png 1365w, https:\/\/sp1.kielce.eu\/wp-content\/uploads\/2022\/10\/Microsofteams-image-Medium-300x169.png 300w, https:\/\/sp1.kielce.eu\/wp-content\/uploads\/2022\/10\/Microsofteams-image-Medium-768x432.png 768w, https:\/\/sp1.kielce.eu\/wp-content\/uploads\/2022\/10\/Microsofteams-image-Medium-820x461.png 820w\" sizes=\"auto, (max-width: 1365px) 100vw, 1365px\" \/><\/a><\/figure>\n\n\n\n<figure class=\"wp-block-image size-large\"><a href=\"http:\/\/sp1.kielce.eu\/wp-content\/uploads\/2022\/10\/MicrosoftTeams-image-Medium-1.png\"><img loading=\"lazy\" decoding=\"async\" width=\"1365\" height=\"768\" data-id=\"24170\" src=\"http:\/\/sp1.kielce.eu\/wp-content\/uploads\/2022\/10\/MicrosoftTeams-image-Medium-1.png\" alt=\"\" class=\"wp-image-24170\" srcset=\"https:\/\/sp1.kielce.eu\/wp-content\/uploads\/2022\/10\/MicrosoftTeams-image-Medium-1.png 1365w, https:\/\/sp1.kielce.eu\/wp-content\/uploads\/2022\/10\/MicrosoftTeams-image-Medium-1-300x169.png 300w, https:\/\/sp1.kielce.eu\/wp-content\/uploads\/2022\/10\/MicrosoftTeams-image-Medium-1-768x432.png 768w, https:\/\/sp1.kielce.eu\/wp-content\/uploads\/2022\/10\/MicrosoftTeams-image-Medium-1-820x461.png 820w\" sizes=\"auto, (max-width: 1365px) 100vw, 1365px\" \/><\/a><\/figure>\n\n\n\n<figure class=\"wp-block-image size-large\"><a href=\"http:\/\/sp1.kielce.eu\/wp-content\/uploads\/2022\/10\/MicrosoftTeams-imge-Medium-1.png\"><img loading=\"lazy\" decoding=\"async\" width=\"1365\" height=\"768\" data-id=\"24171\" src=\"http:\/\/sp1.kielce.eu\/wp-content\/uploads\/2022\/10\/MicrosoftTeams-imge-Medium-1.png\" alt=\"\" class=\"wp-image-24171\" srcset=\"https:\/\/sp1.kielce.eu\/wp-content\/uploads\/2022\/10\/MicrosoftTeams-imge-Medium-1.png 1365w, https:\/\/sp1.kielce.eu\/wp-content\/uploads\/2022\/10\/MicrosoftTeams-imge-Medium-1-300x169.png 300w, https:\/\/sp1.kielce.eu\/wp-content\/uploads\/2022\/10\/MicrosoftTeams-imge-Medium-1-768x432.png 768w, https:\/\/sp1.kielce.eu\/wp-content\/uploads\/2022\/10\/MicrosoftTeams-imge-Medium-1-820x461.png 820w\" sizes=\"auto, (max-width: 1365px) 100vw, 1365px\" \/><\/a><\/figure>\n<\/figure>\n","protected":false},"excerpt":{"rendered":"<p>Z okazji \u015awi\u0119ta Drzewa, kt\u00f3re obchodzimy 10 pa\u017adziernika uczniowie klasy 7a wraz z nauczycielem biologiii [&hellip;]<\/p>\n","protected":false},"author":5,"featured_media":24168,"comment_status":"closed","ping_status":"","sticky":false,"template":"","format":"standard","meta":{"footnotes":""},"categories":[36,17],"tags":[],"class_list":["post-24167","post","type-post","status-publish","format-standard","has-post-thumbnail","hentry","category-wydarzenia","category-lop"],"_links":{"self":[{"href":"https:\/\/sp1.kielce.eu\/index.php\/wp-json\/wp\/v2\/posts\/24167","targetHints":{"allow":["GET"]}}],"collection":[{"href":"https:\/\/sp1.kielce.eu\/index.php\/wp-json\/wp\/v2\/posts"}],"about":[{"href":"https:\/\/sp1.kielce.eu\/index.php\/wp-json\/wp\/v2\/types\/post"}],"author":[{"embeddable":true,"href":"https:\/\/sp1.kielce.eu\/index.php\/wp-json\/wp\/v2\/users\/5"}],"replies":[{"embeddable":true,"href":"https:\/\/sp1.kielce.eu\/index.php\/wp-json\/wp\/v2\/comments?post=24167"}],"version-history":[{"count":1,"href":"https:\/\/sp1.kielce.eu\/index.php\/wp-json\/wp\/v2\/posts\/24167\/revisions"}],"predecessor-version":[{"id":24172,"href":"https:\/\/sp1.kielce.eu\/index.php\/wp-json\/wp\/v2\/posts\/24167\/revisions\/24172"}],"wp:featuredmedia":[{"embeddable":true,"href":"https:\/\/sp1.kielce.eu\/index.php\/wp-json\/wp\/v2\/media\/24168"}],"wp:attachment":[{"href":"https:\/\/sp1.kielce.eu\/index.php\/wp-json\/wp\/v2\/media?parent=24167"}],"wp:term":[{"taxonomy":"category","embeddable":true,"href":"https:\/\/sp1.kielce.eu\/index.php\/wp-json\/wp\/v2\/categories?post=24167"},{"taxonomy":"post_tag","embeddable":true,"href":"https:\/\/sp1.kielce.eu\/index.php\/wp-json\/wp\/v2\/tags?post=24167"}],"curies":[{"name":"wp","href":"https:\/\/api.w.org\/{rel}","templated":true}]}}