{"id":24108,"date":"2022-10-14T09:00:00","date_gmt":"2022-10-14T07:00:00","guid":{"rendered":"http:\/\/sp1.kielce.eu\/?p=24108"},"modified":"2022-10-13T23:06:51","modified_gmt":"2022-10-13T21:06:51","slug":"14-pazdziernika-pamietamy","status":"publish","type":"post","link":"https:\/\/sp1.kielce.eu\/index.php\/2022\/10\/14\/14-pazdziernika-pamietamy\/","title":{"rendered":"14 pa\u017adziernika &#8211; Pami\u0119tamy"},"content":{"rendered":"\n<p>Dzisiaj jest Dzie\u0144 Edukacji Narodowej i jednocze\u015bnie rocznica \u015bmierci naszej wieloletniej nauczycielki j\u0119zyka polskiego p. Emilii Janyst-Klupy. wspania\u0142ego pedagoga i cudownego cz\u0142owieka. 13 pa\u017adziernika klasa 5a wraz z wychowawc\u0105 p. Piotrem Surm\u0105 z\u0142o\u017cyli wieniec i zapalili znicze na pomniku pani Emilii.<\/p>\n\n\n\n<p>Pami\u0119tamy o ludziach, kt\u00f3rzy przyczynili si\u0119 do rozkwitu naszej szko\u0142y i zawsze starali si\u0119 da\u0107 od siebie wszystko co mieli najlepszego.<\/p>\n\n\n\n<p>wychowawca kl. 5a <\/p>\n\n\n\n<p>Piotr Surma<\/p>\n\n\n\n<p> <\/p>\n\n\n\n<figure class=\"wp-block-gallery has-nested-images columns-default is-cropped wp-block-gallery-1 is-layout-flex wp-block-gallery-is-layout-flex\">\n<figure class=\"wp-block-image size-large\"><a href=\"http:\/\/sp1.kielce.eu\/wp-content\/uploads\/2022\/10\/IMG_7183-Medium.jpg\"><img loading=\"lazy\" decoding=\"async\" width=\"1365\" height=\"768\" data-id=\"24109\" src=\"http:\/\/sp1.kielce.eu\/wp-content\/uploads\/2022\/10\/IMG_7183-Medium.jpg\" alt=\"\" class=\"wp-image-24109\" srcset=\"https:\/\/sp1.kielce.eu\/wp-content\/uploads\/2022\/10\/IMG_7183-Medium.jpg 1365w, https:\/\/sp1.kielce.eu\/wp-content\/uploads\/2022\/10\/IMG_7183-Medium-300x169.jpg 300w, https:\/\/sp1.kielce.eu\/wp-content\/uploads\/2022\/10\/IMG_7183-Medium-768x432.jpg 768w, https:\/\/sp1.kielce.eu\/wp-content\/uploads\/2022\/10\/IMG_7183-Medium-820x461.jpg 820w\" sizes=\"auto, (max-width: 1365px) 100vw, 1365px\" \/><\/a><\/figure>\n\n\n\n<figure class=\"wp-block-image size-large\"><a href=\"http:\/\/sp1.kielce.eu\/wp-content\/uploads\/2022\/10\/IMG_7186-Medium.jpg\"><img loading=\"lazy\" decoding=\"async\" width=\"1365\" height=\"768\" data-id=\"24110\" src=\"http:\/\/sp1.kielce.eu\/wp-content\/uploads\/2022\/10\/IMG_7186-Medium.jpg\" alt=\"\" class=\"wp-image-24110\" srcset=\"https:\/\/sp1.kielce.eu\/wp-content\/uploads\/2022\/10\/IMG_7186-Medium.jpg 1365w, https:\/\/sp1.kielce.eu\/wp-content\/uploads\/2022\/10\/IMG_7186-Medium-300x169.jpg 300w, https:\/\/sp1.kielce.eu\/wp-content\/uploads\/2022\/10\/IMG_7186-Medium-768x432.jpg 768w, https:\/\/sp1.kielce.eu\/wp-content\/uploads\/2022\/10\/IMG_7186-Medium-820x461.jpg 820w\" sizes=\"auto, (max-width: 1365px) 100vw, 1365px\" \/><\/a><\/figure>\n\n\n\n<figure class=\"wp-block-image size-large\"><a href=\"http:\/\/sp1.kielce.eu\/wp-content\/uploads\/2022\/10\/IMG_7188-Medium.jpg\"><img loading=\"lazy\" decoding=\"async\" width=\"1365\" height=\"768\" data-id=\"24111\" src=\"http:\/\/sp1.kielce.eu\/wp-content\/uploads\/2022\/10\/IMG_7188-Medium.jpg\" alt=\"\" class=\"wp-image-24111\" srcset=\"https:\/\/sp1.kielce.eu\/wp-content\/uploads\/2022\/10\/IMG_7188-Medium.jpg 1365w, https:\/\/sp1.kielce.eu\/wp-content\/uploads\/2022\/10\/IMG_7188-Medium-300x169.jpg 300w, https:\/\/sp1.kielce.eu\/wp-content\/uploads\/2022\/10\/IMG_7188-Medium-768x432.jpg 768w, https:\/\/sp1.kielce.eu\/wp-content\/uploads\/2022\/10\/IMG_7188-Medium-820x461.jpg 820w\" sizes=\"auto, (max-width: 1365px) 100vw, 1365px\" \/><\/a><\/figure>\n\n\n\n<figure class=\"wp-block-image size-large\"><a href=\"http:\/\/sp1.kielce.eu\/wp-content\/uploads\/2022\/10\/IMG_7189-Medium.jpg\"><img loading=\"lazy\" decoding=\"async\" width=\"768\" height=\"1365\" data-id=\"24112\" src=\"http:\/\/sp1.kielce.eu\/wp-content\/uploads\/2022\/10\/IMG_7189-Medium.jpg\" alt=\"\" class=\"wp-image-24112\" srcset=\"https:\/\/sp1.kielce.eu\/wp-content\/uploads\/2022\/10\/IMG_7189-Medium.jpg 768w, https:\/\/sp1.kielce.eu\/wp-content\/uploads\/2022\/10\/IMG_7189-Medium-169x300.jpg 169w, https:\/\/sp1.kielce.eu\/wp-content\/uploads\/2022\/10\/IMG_7189-Medium-506x900.jpg 506w\" sizes=\"auto, (max-width: 768px) 100vw, 768px\" \/><\/a><\/figure>\n\n\n\n<figure class=\"wp-block-image size-large\"><a href=\"http:\/\/sp1.kielce.eu\/wp-content\/uploads\/2022\/10\/IMG_7195-Medium.jpg\"><img loading=\"lazy\" decoding=\"async\" width=\"768\" height=\"1365\" data-id=\"24113\" src=\"http:\/\/sp1.kielce.eu\/wp-content\/uploads\/2022\/10\/IMG_7195-Medium.jpg\" alt=\"\" class=\"wp-image-24113\" srcset=\"https:\/\/sp1.kielce.eu\/wp-content\/uploads\/2022\/10\/IMG_7195-Medium.jpg 768w, https:\/\/sp1.kielce.eu\/wp-content\/uploads\/2022\/10\/IMG_7195-Medium-169x300.jpg 169w, https:\/\/sp1.kielce.eu\/wp-content\/uploads\/2022\/10\/IMG_7195-Medium-506x900.jpg 506w\" sizes=\"auto, (max-width: 768px) 100vw, 768px\" \/><\/a><\/figure>\n<\/figure>\n","protected":false},"excerpt":{"rendered":"<p>Dzisiaj jest Dzie\u0144 Edukacji Narodowej i jednocze\u015bnie rocznica \u015bmierci naszej wieloletniej nauczycielki j\u0119zyka polskiego p. [&hellip;]<\/p>\n","protected":false},"author":5,"featured_media":24111,"comment_status":"closed","ping_status":"","sticky":false,"template":"","format":"standard","meta":{"footnotes":""},"categories":[36],"tags":[],"class_list":["post-24108","post","type-post","status-publish","format-standard","has-post-thumbnail","hentry","category-wydarzenia"],"_links":{"self":[{"href":"https:\/\/sp1.kielce.eu\/index.php\/wp-json\/wp\/v2\/posts\/24108","targetHints":{"allow":["GET"]}}],"collection":[{"href":"https:\/\/sp1.kielce.eu\/index.php\/wp-json\/wp\/v2\/posts"}],"about":[{"href":"https:\/\/sp1.kielce.eu\/index.php\/wp-json\/wp\/v2\/types\/post"}],"author":[{"embeddable":true,"href":"https:\/\/sp1.kielce.eu\/index.php\/wp-json\/wp\/v2\/users\/5"}],"replies":[{"embeddable":true,"href":"https:\/\/sp1.kielce.eu\/index.php\/wp-json\/wp\/v2\/comments?post=24108"}],"version-history":[{"count":1,"href":"https:\/\/sp1.kielce.eu\/index.php\/wp-json\/wp\/v2\/posts\/24108\/revisions"}],"predecessor-version":[{"id":24114,"href":"https:\/\/sp1.kielce.eu\/index.php\/wp-json\/wp\/v2\/posts\/24108\/revisions\/24114"}],"wp:featuredmedia":[{"embeddable":true,"href":"https:\/\/sp1.kielce.eu\/index.php\/wp-json\/wp\/v2\/media\/24111"}],"wp:attachment":[{"href":"https:\/\/sp1.kielce.eu\/index.php\/wp-json\/wp\/v2\/media?parent=24108"}],"wp:term":[{"taxonomy":"category","embeddable":true,"href":"https:\/\/sp1.kielce.eu\/index.php\/wp-json\/wp\/v2\/categories?post=24108"},{"taxonomy":"post_tag","embeddable":true,"href":"https:\/\/sp1.kielce.eu\/index.php\/wp-json\/wp\/v2\/tags?post=24108"}],"curies":[{"name":"wp","href":"https:\/\/api.w.org\/{rel}","templated":true}]}}