{"id":24026,"date":"2022-10-11T08:29:10","date_gmt":"2022-10-11T06:29:10","guid":{"rendered":"http:\/\/sp1.kielce.eu\/?p=24026"},"modified":"2022-10-11T08:29:10","modified_gmt":"2022-10-11T06:29:10","slug":"europejski-tydzien-sportu-2022-kl-vi-pilka-siatkowa","status":"publish","type":"post","link":"https:\/\/sp1.kielce.eu\/index.php\/2022\/10\/11\/europejski-tydzien-sportu-2022-kl-vi-pilka-siatkowa\/","title":{"rendered":"Europejski Tydzie\u0144 Sportu 2022 kl VI Pi\u0142ka Siatkowa"},"content":{"rendered":"\n<p>W czasie trwania zawod\u00f3w panowa\u0142a mi\u0142a sportowa atmosfera a uczniowie z klas rywalizowali zgodnie z zasadami&nbsp;fair play.&nbsp;<\/p>\n\n\n\n<p>\u00a0Opiekun: Remigiusz Krzywda<\/p>\n\n\n\n<figure class=\"wp-block-gallery has-nested-images columns-default is-cropped wp-block-gallery-1 is-layout-flex wp-block-gallery-is-layout-flex\">\n<figure class=\"wp-block-image size-large\"><a href=\"http:\/\/sp1.kielce.eu\/wp-content\/uploads\/2022\/10\/Resized_20220923_125655.jpeg\"><img loading=\"lazy\" decoding=\"async\" width=\"297\" height=\"166\" data-id=\"24027\" src=\"http:\/\/sp1.kielce.eu\/wp-content\/uploads\/2022\/10\/Resized_20220923_125655.jpeg\" alt=\"\" class=\"wp-image-24027\" \/><\/a><\/figure>\n\n\n\n<figure class=\"wp-block-image size-large\"><a href=\"http:\/\/sp1.kielce.eu\/wp-content\/uploads\/2022\/10\/Resized_20220923_125721.jpeg\"><img loading=\"lazy\" decoding=\"async\" width=\"856\" height=\"482\" data-id=\"24028\" src=\"http:\/\/sp1.kielce.eu\/wp-content\/uploads\/2022\/10\/Resized_20220923_125721.jpeg\" alt=\"\" class=\"wp-image-24028\" srcset=\"https:\/\/sp1.kielce.eu\/wp-content\/uploads\/2022\/10\/Resized_20220923_125721.jpeg 856w, https:\/\/sp1.kielce.eu\/wp-content\/uploads\/2022\/10\/Resized_20220923_125721-300x169.jpeg 300w, https:\/\/sp1.kielce.eu\/wp-content\/uploads\/2022\/10\/Resized_20220923_125721-768x432.jpeg 768w, https:\/\/sp1.kielce.eu\/wp-content\/uploads\/2022\/10\/Resized_20220923_125721-820x462.jpeg 820w\" sizes=\"auto, (max-width: 856px) 100vw, 856px\" \/><\/a><\/figure>\n<\/figure>\n","protected":false},"excerpt":{"rendered":"<p>W czasie trwania zawod\u00f3w panowa\u0142a mi\u0142a sportowa atmosfera a uczniowie z klas rywalizowali zgodnie z [&hellip;]<\/p>\n","protected":false},"author":5,"featured_media":24029,"comment_status":"closed","ping_status":"","sticky":false,"template":"","format":"standard","meta":{"footnotes":""},"categories":[36,11],"tags":[],"class_list":["post-24026","post","type-post","status-publish","format-standard","has-post-thumbnail","hentry","category-wydarzenia","category-zawody-sportowe"],"_links":{"self":[{"href":"https:\/\/sp1.kielce.eu\/index.php\/wp-json\/wp\/v2\/posts\/24026","targetHints":{"allow":["GET"]}}],"collection":[{"href":"https:\/\/sp1.kielce.eu\/index.php\/wp-json\/wp\/v2\/posts"}],"about":[{"href":"https:\/\/sp1.kielce.eu\/index.php\/wp-json\/wp\/v2\/types\/post"}],"author":[{"embeddable":true,"href":"https:\/\/sp1.kielce.eu\/index.php\/wp-json\/wp\/v2\/users\/5"}],"replies":[{"embeddable":true,"href":"https:\/\/sp1.kielce.eu\/index.php\/wp-json\/wp\/v2\/comments?post=24026"}],"version-history":[{"count":1,"href":"https:\/\/sp1.kielce.eu\/index.php\/wp-json\/wp\/v2\/posts\/24026\/revisions"}],"predecessor-version":[{"id":24030,"href":"https:\/\/sp1.kielce.eu\/index.php\/wp-json\/wp\/v2\/posts\/24026\/revisions\/24030"}],"wp:featuredmedia":[{"embeddable":true,"href":"https:\/\/sp1.kielce.eu\/index.php\/wp-json\/wp\/v2\/media\/24029"}],"wp:attachment":[{"href":"https:\/\/sp1.kielce.eu\/index.php\/wp-json\/wp\/v2\/media?parent=24026"}],"wp:term":[{"taxonomy":"category","embeddable":true,"href":"https:\/\/sp1.kielce.eu\/index.php\/wp-json\/wp\/v2\/categories?post=24026"},{"taxonomy":"post_tag","embeddable":true,"href":"https:\/\/sp1.kielce.eu\/index.php\/wp-json\/wp\/v2\/tags?post=24026"}],"curies":[{"name":"wp","href":"https:\/\/api.w.org\/{rel}","templated":true}]}}