{"id":24023,"date":"2022-10-10T22:08:22","date_gmt":"2022-10-10T20:08:22","guid":{"rendered":"http:\/\/sp1.kielce.eu\/?p=24023"},"modified":"2022-10-10T22:08:22","modified_gmt":"2022-10-10T20:08:22","slug":"miedzynarodowy-dzien-osob-starszych","status":"publish","type":"post","link":"https:\/\/sp1.kielce.eu\/index.php\/2022\/10\/10\/miedzynarodowy-dzien-osob-starszych\/","title":{"rendered":"Mi\u0119dzynarodowy Dzie\u0144 Os\u00f3b Starszych"},"content":{"rendered":"\n<p>Z okazji Mi\u0119dzynarodowego Dnia Os\u00f3b Starszych, uczniowie ucz\u0119szczaj\u0105cy na \u015bwietlic\u0119 szkoln\u0105, wykonali pi\u0119kne laurki. Zosta\u0142y one przekazane Kieleckiej Radzie Senior\u00f3w kt\u00f3ra przekaza\u0142a je osobom z Klubu Seniora.<\/p>\n\n\n\n<p>Jeszcze raz z okazji Mi\u0119dzynarodowego Dnia Seniora, \u017cyczymy Wam pogody ducha, spe\u0142nienia marze\u0144 oraz d\u0142ugich lat \u017cycia wype\u0142nionych zdrowiem, szacunkiem i mi\u0142o\u015bci\u0105. Niech jesie\u0144 \u017cycia b\u0119dzie czasem, w kt\u00f3rym spe\u0142ni\u0105 si\u0119 rzeczy niespe\u0142nione, a Wasz niegasn\u0105cy duch stanowi\u0142 b\u0119dzie inspiracj\u0119 dla innych.<\/p>\n\n\n\n<p class=\"has-text-align-right\">Wychowawcy \u015bwietlicy<\/p>\n","protected":false},"excerpt":{"rendered":"<p>Z okazji Mi\u0119dzynarodowego Dnia Os\u00f3b Starszych, uczniowie ucz\u0119szczaj\u0105cy na \u015bwietlic\u0119 szkoln\u0105, wykonali pi\u0119kne laurki. Zosta\u0142y [&hellip;]<\/p>\n","protected":false},"author":13,"featured_media":24024,"comment_status":"closed","ping_status":"","sticky":false,"template":"","format":"standard","meta":{"footnotes":""},"categories":[25],"tags":[],"class_list":["post-24023","post","type-post","status-publish","format-standard","has-post-thumbnail","hentry","category-swietlica"],"_links":{"self":[{"href":"https:\/\/sp1.kielce.eu\/index.php\/wp-json\/wp\/v2\/posts\/24023","targetHints":{"allow":["GET"]}}],"collection":[{"href":"https:\/\/sp1.kielce.eu\/index.php\/wp-json\/wp\/v2\/posts"}],"about":[{"href":"https:\/\/sp1.kielce.eu\/index.php\/wp-json\/wp\/v2\/types\/post"}],"author":[{"embeddable":true,"href":"https:\/\/sp1.kielce.eu\/index.php\/wp-json\/wp\/v2\/users\/13"}],"replies":[{"embeddable":true,"href":"https:\/\/sp1.kielce.eu\/index.php\/wp-json\/wp\/v2\/comments?post=24023"}],"version-history":[{"count":1,"href":"https:\/\/sp1.kielce.eu\/index.php\/wp-json\/wp\/v2\/posts\/24023\/revisions"}],"predecessor-version":[{"id":24025,"href":"https:\/\/sp1.kielce.eu\/index.php\/wp-json\/wp\/v2\/posts\/24023\/revisions\/24025"}],"wp:featuredmedia":[{"embeddable":true,"href":"https:\/\/sp1.kielce.eu\/index.php\/wp-json\/wp\/v2\/media\/24024"}],"wp:attachment":[{"href":"https:\/\/sp1.kielce.eu\/index.php\/wp-json\/wp\/v2\/media?parent=24023"}],"wp:term":[{"taxonomy":"category","embeddable":true,"href":"https:\/\/sp1.kielce.eu\/index.php\/wp-json\/wp\/v2\/categories?post=24023"},{"taxonomy":"post_tag","embeddable":true,"href":"https:\/\/sp1.kielce.eu\/index.php\/wp-json\/wp\/v2\/tags?post=24023"}],"curies":[{"name":"wp","href":"https:\/\/api.w.org\/{rel}","templated":true}]}}