{"id":24013,"date":"2022-10-10T21:47:58","date_gmt":"2022-10-10T19:47:58","guid":{"rendered":"http:\/\/sp1.kielce.eu\/?p=24013"},"modified":"2022-10-10T21:47:58","modified_gmt":"2022-10-10T19:47:58","slug":"wybory-do-malego-samorzadu-uczniowskiego-4","status":"publish","type":"post","link":"https:\/\/sp1.kielce.eu\/index.php\/2022\/10\/10\/wybory-do-malego-samorzadu-uczniowskiego-4\/","title":{"rendered":"Wybory do Ma\u0142ego Samorz\u0105du Uczniowskiego."},"content":{"rendered":"\n<p>5 pa\u017adziernika odby\u0142y si\u0119 wybory do Ma\u0142ego Samorz\u0105du Uczniowskiego. Najwi\u0119cej g\u0142os\u00f3w otrzyma\u0142a uczennica&nbsp; klasy 3c Izabela Kubicka, a jej zast\u0119pcami zostali Franek Guli\u0144ski z klasy 3b i Antonina Bandura z klasy 2a. Dzi\u0119kujemy wszystkim uczniom oraz ich wychowawcom za pomoc w przygotowaniu wybor\u00f3w. Pami\u0119tajmy, \u017ce Ma\u0142y Samorz\u0105d tworz\u0105 wszyscy uczniowie klas 1-3, a wybrani uczniowie w wyborach ich reprezentuj\u0105. Powodzenia i \u017cyczymy owocnej pracy w nowym roku szkolnym!<\/p>\n\n\n\n<p class=\"has-text-align-right\">Opiekunki MSU:<\/p>\n\n\n\n<p class=\"has-text-align-right\">Kinga Kozie\u0142<\/p>\n\n\n\n<p class=\"has-text-align-right\">Marta Pawlak<\/p>\n\n\n\n<p class=\"has-text-align-right\">Agnieszka Siwek<\/p>\n","protected":false},"excerpt":{"rendered":"<p>5 pa\u017adziernika odby\u0142y si\u0119 wybory do Ma\u0142ego Samorz\u0105du Uczniowskiego. Najwi\u0119cej g\u0142os\u00f3w otrzyma\u0142a uczennica&nbsp; klasy 3c [&hellip;]<\/p>\n","protected":false},"author":13,"featured_media":24014,"comment_status":"closed","ping_status":"","sticky":false,"template":"","format":"standard","meta":{"footnotes":""},"categories":[170],"tags":[],"class_list":["post-24013","post","type-post","status-publish","format-standard","has-post-thumbnail","hentry","category-msu"],"_links":{"self":[{"href":"https:\/\/sp1.kielce.eu\/index.php\/wp-json\/wp\/v2\/posts\/24013","targetHints":{"allow":["GET"]}}],"collection":[{"href":"https:\/\/sp1.kielce.eu\/index.php\/wp-json\/wp\/v2\/posts"}],"about":[{"href":"https:\/\/sp1.kielce.eu\/index.php\/wp-json\/wp\/v2\/types\/post"}],"author":[{"embeddable":true,"href":"https:\/\/sp1.kielce.eu\/index.php\/wp-json\/wp\/v2\/users\/13"}],"replies":[{"embeddable":true,"href":"https:\/\/sp1.kielce.eu\/index.php\/wp-json\/wp\/v2\/comments?post=24013"}],"version-history":[{"count":1,"href":"https:\/\/sp1.kielce.eu\/index.php\/wp-json\/wp\/v2\/posts\/24013\/revisions"}],"predecessor-version":[{"id":24015,"href":"https:\/\/sp1.kielce.eu\/index.php\/wp-json\/wp\/v2\/posts\/24013\/revisions\/24015"}],"wp:featuredmedia":[{"embeddable":true,"href":"https:\/\/sp1.kielce.eu\/index.php\/wp-json\/wp\/v2\/media\/24014"}],"wp:attachment":[{"href":"https:\/\/sp1.kielce.eu\/index.php\/wp-json\/wp\/v2\/media?parent=24013"}],"wp:term":[{"taxonomy":"category","embeddable":true,"href":"https:\/\/sp1.kielce.eu\/index.php\/wp-json\/wp\/v2\/categories?post=24013"},{"taxonomy":"post_tag","embeddable":true,"href":"https:\/\/sp1.kielce.eu\/index.php\/wp-json\/wp\/v2\/tags?post=24013"}],"curies":[{"name":"wp","href":"https:\/\/api.w.org\/{rel}","templated":true}]}}