{"id":23970,"date":"2022-10-10T08:18:10","date_gmt":"2022-10-10T06:18:10","guid":{"rendered":"http:\/\/sp1.kielce.eu\/?p=23970"},"modified":"2022-10-10T12:04:00","modified_gmt":"2022-10-10T10:04:00","slug":"nowa-rada-samorzadu-uczniowskiego-2","status":"publish","type":"post","link":"https:\/\/sp1.kielce.eu\/index.php\/2022\/10\/10\/nowa-rada-samorzadu-uczniowskiego-2\/","title":{"rendered":"Nowa Rada Samorz\u0105du Uczniowskiego"},"content":{"rendered":"\n<p>W czwartek 6 pa\u017adziernika 2022 roku odby\u0142y si\u0119 wybory do Rady SU naszej szko\u0142y.Swoje g\u0142osy mogli odda\u0107 wszyscy uczniowie klas 4-8. W pi\u0105tek zebra\u0142a si\u0119 komisja, kt\u00f3ra wszystko policzy\u0142a i og\u0142osi\u0142a &nbsp;\u201enowe w\u0142adze\u201d SU. \u017byczymy udanych realizacji podejmowanych inicjatyw!<br><\/p>\n\n\n\n<p><strong>RADA SAMORZ\u0104DU UCZNIOWSKIEGO<\/strong><\/p>\n\n\n\n<p>na rok szkolny 2022\/2023<\/p>\n\n\n\n<p>Przewodnicz\u0105cy SU &#8211;&nbsp;<strong>Maciej Kazusek kl.8a<\/strong><\/p>\n\n\n\n<p>Zast\u0119pca Przewodnicz\u0105cego SU &#8211;&nbsp;<strong>Oskar Podkowa kl.5b<\/strong><\/p>\n\n\n\n<p>Sekretarz SU &#8211;&nbsp;<strong>Jakub Wujek kl. 8a<\/strong><\/p>\n\n\n\n<p>Skarbnik SU &#8211;\u00a0<strong>Malwina Religa kl.8b<\/strong><\/p>\n\n\n\n<figure class=\"wp-block-gallery has-nested-images columns-default is-cropped wp-block-gallery-1 is-layout-flex wp-block-gallery-is-layout-flex\">\n<figure class=\"wp-block-image size-large\"><a href=\"http:\/\/sp1.kielce.eu\/wp-content\/uploads\/2022\/10\/IMG_3293-Medium.jpg\"><img loading=\"lazy\" decoding=\"async\" width=\"768\" height=\"1024\" data-id=\"23971\" src=\"http:\/\/sp1.kielce.eu\/wp-content\/uploads\/2022\/10\/IMG_3293-Medium.jpg\" alt=\"\" class=\"wp-image-23971\" srcset=\"https:\/\/sp1.kielce.eu\/wp-content\/uploads\/2022\/10\/IMG_3293-Medium.jpg 768w, https:\/\/sp1.kielce.eu\/wp-content\/uploads\/2022\/10\/IMG_3293-Medium-225x300.jpg 225w, https:\/\/sp1.kielce.eu\/wp-content\/uploads\/2022\/10\/IMG_3293-Medium-675x900.jpg 675w\" sizes=\"auto, (max-width: 768px) 100vw, 768px\" \/><\/a><\/figure>\n\n\n\n<figure class=\"wp-block-image size-large\"><a href=\"http:\/\/sp1.kielce.eu\/wp-content\/uploads\/2022\/10\/IMG_3297-Medium.jpg\"><img loading=\"lazy\" decoding=\"async\" width=\"768\" height=\"1024\" data-id=\"23972\" src=\"http:\/\/sp1.kielce.eu\/wp-content\/uploads\/2022\/10\/IMG_3297-Medium.jpg\" alt=\"\" class=\"wp-image-23972\" srcset=\"https:\/\/sp1.kielce.eu\/wp-content\/uploads\/2022\/10\/IMG_3297-Medium.jpg 768w, https:\/\/sp1.kielce.eu\/wp-content\/uploads\/2022\/10\/IMG_3297-Medium-225x300.jpg 225w, https:\/\/sp1.kielce.eu\/wp-content\/uploads\/2022\/10\/IMG_3297-Medium-675x900.jpg 675w\" sizes=\"auto, (max-width: 768px) 100vw, 768px\" \/><\/a><\/figure>\n\n\n\n<figure class=\"wp-block-image size-large\"><a href=\"http:\/\/sp1.kielce.eu\/wp-content\/uploads\/2022\/10\/IMG_3300-Medium.jpg\"><img loading=\"lazy\" decoding=\"async\" width=\"768\" height=\"1024\" data-id=\"23973\" src=\"http:\/\/sp1.kielce.eu\/wp-content\/uploads\/2022\/10\/IMG_3300-Medium.jpg\" alt=\"\" class=\"wp-image-23973\" srcset=\"https:\/\/sp1.kielce.eu\/wp-content\/uploads\/2022\/10\/IMG_3300-Medium.jpg 768w, https:\/\/sp1.kielce.eu\/wp-content\/uploads\/2022\/10\/IMG_3300-Medium-225x300.jpg 225w, https:\/\/sp1.kielce.eu\/wp-content\/uploads\/2022\/10\/IMG_3300-Medium-675x900.jpg 675w\" sizes=\"auto, (max-width: 768px) 100vw, 768px\" \/><\/a><\/figure>\n<\/figure>\n","protected":false},"excerpt":{"rendered":"<p>W czwartek 6 pa\u017adziernika 2022 roku odby\u0142y si\u0119 wybory do Rady SU naszej szko\u0142y.Swoje g\u0142osy [&hellip;]<\/p>\n","protected":false},"author":5,"featured_media":23972,"comment_status":"closed","ping_status":"closed","sticky":false,"template":"","format":"standard","meta":{"footnotes":""},"categories":[36,18],"tags":[],"class_list":["post-23970","post","type-post","status-publish","format-standard","has-post-thumbnail","hentry","category-wydarzenia","category-samorzad-uczniowoski"],"_links":{"self":[{"href":"https:\/\/sp1.kielce.eu\/index.php\/wp-json\/wp\/v2\/posts\/23970","targetHints":{"allow":["GET"]}}],"collection":[{"href":"https:\/\/sp1.kielce.eu\/index.php\/wp-json\/wp\/v2\/posts"}],"about":[{"href":"https:\/\/sp1.kielce.eu\/index.php\/wp-json\/wp\/v2\/types\/post"}],"author":[{"embeddable":true,"href":"https:\/\/sp1.kielce.eu\/index.php\/wp-json\/wp\/v2\/users\/5"}],"replies":[{"embeddable":true,"href":"https:\/\/sp1.kielce.eu\/index.php\/wp-json\/wp\/v2\/comments?post=23970"}],"version-history":[{"count":2,"href":"https:\/\/sp1.kielce.eu\/index.php\/wp-json\/wp\/v2\/posts\/23970\/revisions"}],"predecessor-version":[{"id":23980,"href":"https:\/\/sp1.kielce.eu\/index.php\/wp-json\/wp\/v2\/posts\/23970\/revisions\/23980"}],"wp:featuredmedia":[{"embeddable":true,"href":"https:\/\/sp1.kielce.eu\/index.php\/wp-json\/wp\/v2\/media\/23972"}],"wp:attachment":[{"href":"https:\/\/sp1.kielce.eu\/index.php\/wp-json\/wp\/v2\/media?parent=23970"}],"wp:term":[{"taxonomy":"category","embeddable":true,"href":"https:\/\/sp1.kielce.eu\/index.php\/wp-json\/wp\/v2\/categories?post=23970"},{"taxonomy":"post_tag","embeddable":true,"href":"https:\/\/sp1.kielce.eu\/index.php\/wp-json\/wp\/v2\/tags?post=23970"}],"curies":[{"name":"wp","href":"https:\/\/api.w.org\/{rel}","templated":true}]}}