{"id":23911,"date":"2022-10-07T09:34:38","date_gmt":"2022-10-07T07:34:38","guid":{"rendered":"http:\/\/sp1.kielce.eu\/?p=23911"},"modified":"2022-10-07T09:34:38","modified_gmt":"2022-10-07T07:34:38","slug":"wyjscie-klasy-7a","status":"publish","type":"post","link":"https:\/\/sp1.kielce.eu\/index.php\/2022\/10\/07\/wyjscie-klasy-7a\/","title":{"rendered":"Wyj\u015bcie klasy 7a"},"content":{"rendered":"\n<p>Dnia 6 pa\u017adziernika klasa 7a wraz z wychowawc\u0105 wybra\u0142a si\u0119 na spacer oraz do kina. Pogoda nam sprzyja\u0142a. Mogli\u015bmy si\u0119 cieszy\u0107 z\u0142ot\u0105 polsk\u0105 jesieni\u0105. Po drodze zatrzymali\u015bmy si\u0119 przy pomniku patrona szko\u0142y Stanis\u0142awa Staszica oraz r\u00f3wnie zas\u0142u\u017conego dla rozwoju polskiego przemys\u0142u Eugeniusza Kwiatkowskiego. Po przypomnieniu najwa\u017cniejszych fakt\u00f3w z \u017cycia S.Staszica udali\u015bmy si\u0119 do kina na film &#8222;Orl\u0119ta Grodno 39&#8221; prezentowany w ramach &#8222;kina na temat&#8221;. Przed seansem obejrzeli\u015bmy wprowadzenie prezentuj\u0105ce t\u0142o historyczne wydarze\u0144 filmowych. Po tym wst\u0119pie rozpocz\u0105\u0142 si\u0119 seans. Obraz przedstawia\u0142 histori\u0119 heroicznej walki w tym cywilnych mieszka\u0144c\u00f3w Grodna, w du\u017cej mierze harcerzy i m\u0142odzie\u017cy szkolnej, z rosyjskim naje\u017ad\u017ac\u0105. Uczniowie mieli mo\u017cliwo\u015b\u0107 obserwowa\u0107 dramatyczne wydarzenia oczami nastolatka \u2013 g\u0142\u00f3wnego bohatera Leona. By\u0142a to niezwyk\u0142a lekcja historii.<\/p>\n\n\n\n<p>Anna Mazur \u2013 wychowawca 7a<\/p>\n\n\n\n<figure class=\"wp-block-gallery has-nested-images columns-default is-cropped wp-block-gallery-1 is-layout-flex wp-block-gallery-is-layout-flex\">\n<figure class=\"wp-block-image size-large\"><a href=\"http:\/\/sp1.kielce.eu\/wp-content\/uploads\/2022\/10\/IMG202210060900202-scaled.jpg\"><img loading=\"lazy\" decoding=\"async\" width=\"2560\" height=\"1287\" data-id=\"23912\" src=\"http:\/\/sp1.kielce.eu\/wp-content\/uploads\/2022\/10\/IMG202210060900202-scaled.jpg\" alt=\"\" class=\"wp-image-23912\" srcset=\"https:\/\/sp1.kielce.eu\/wp-content\/uploads\/2022\/10\/IMG202210060900202-scaled.jpg 2560w, https:\/\/sp1.kielce.eu\/wp-content\/uploads\/2022\/10\/IMG202210060900202-300x151.jpg 300w, https:\/\/sp1.kielce.eu\/wp-content\/uploads\/2022\/10\/IMG202210060900202-1400x704.jpg 1400w, https:\/\/sp1.kielce.eu\/wp-content\/uploads\/2022\/10\/IMG202210060900202-768x386.jpg 768w, https:\/\/sp1.kielce.eu\/wp-content\/uploads\/2022\/10\/IMG202210060900202-1536x772.jpg 1536w, https:\/\/sp1.kielce.eu\/wp-content\/uploads\/2022\/10\/IMG202210060900202-2048x1030.jpg 2048w, https:\/\/sp1.kielce.eu\/wp-content\/uploads\/2022\/10\/IMG202210060900202-820x412.jpg 820w\" sizes=\"auto, (max-width: 2560px) 100vw, 2560px\" \/><\/a><\/figure>\n\n\n\n<figure class=\"wp-block-image size-large\"><a href=\"http:\/\/sp1.kielce.eu\/wp-content\/uploads\/2022\/10\/IMG202210060908272.jpg\"><img loading=\"lazy\" decoding=\"async\" width=\"2131\" height=\"1800\" data-id=\"23913\" src=\"http:\/\/sp1.kielce.eu\/wp-content\/uploads\/2022\/10\/IMG202210060908272.jpg\" alt=\"\" class=\"wp-image-23913\" srcset=\"https:\/\/sp1.kielce.eu\/wp-content\/uploads\/2022\/10\/IMG202210060908272.jpg 2131w, https:\/\/sp1.kielce.eu\/wp-content\/uploads\/2022\/10\/IMG202210060908272-300x253.jpg 300w, https:\/\/sp1.kielce.eu\/wp-content\/uploads\/2022\/10\/IMG202210060908272-1066x900.jpg 1066w, https:\/\/sp1.kielce.eu\/wp-content\/uploads\/2022\/10\/IMG202210060908272-768x649.jpg 768w, https:\/\/sp1.kielce.eu\/wp-content\/uploads\/2022\/10\/IMG202210060908272-1536x1297.jpg 1536w, https:\/\/sp1.kielce.eu\/wp-content\/uploads\/2022\/10\/IMG202210060908272-2048x1730.jpg 2048w, https:\/\/sp1.kielce.eu\/wp-content\/uploads\/2022\/10\/IMG202210060908272-820x693.jpg 820w\" sizes=\"auto, (max-width: 2131px) 100vw, 2131px\" \/><\/a><\/figure>\n\n\n\n<figure class=\"wp-block-image size-large\"><a href=\"http:\/\/sp1.kielce.eu\/wp-content\/uploads\/2022\/10\/Orl\u00a6Ota.png\"><img loading=\"lazy\" decoding=\"async\" width=\"397\" height=\"350\" data-id=\"23914\" src=\"http:\/\/sp1.kielce.eu\/wp-content\/uploads\/2022\/10\/Orl\u00a6Ota.png\" alt=\"\" class=\"wp-image-23914\" srcset=\"https:\/\/sp1.kielce.eu\/wp-content\/uploads\/2022\/10\/Orl\u00a6Ota.png 397w, https:\/\/sp1.kielce.eu\/wp-content\/uploads\/2022\/10\/Orl\u00a6Ota-300x264.png 300w\" sizes=\"auto, (max-width: 397px) 100vw, 397px\" \/><\/a><\/figure>\n<\/figure>\n","protected":false},"excerpt":{"rendered":"<p>Dnia 6 pa\u017adziernika klasa 7a wraz z wychowawc\u0105 wybra\u0142a si\u0119 na spacer oraz do kina. [&hellip;]<\/p>\n","protected":false},"author":5,"featured_media":23913,"comment_status":"closed","ping_status":"","sticky":false,"template":"","format":"standard","meta":{"footnotes":""},"categories":[36],"tags":[],"class_list":["post-23911","post","type-post","status-publish","format-standard","has-post-thumbnail","hentry","category-wydarzenia"],"_links":{"self":[{"href":"https:\/\/sp1.kielce.eu\/index.php\/wp-json\/wp\/v2\/posts\/23911","targetHints":{"allow":["GET"]}}],"collection":[{"href":"https:\/\/sp1.kielce.eu\/index.php\/wp-json\/wp\/v2\/posts"}],"about":[{"href":"https:\/\/sp1.kielce.eu\/index.php\/wp-json\/wp\/v2\/types\/post"}],"author":[{"embeddable":true,"href":"https:\/\/sp1.kielce.eu\/index.php\/wp-json\/wp\/v2\/users\/5"}],"replies":[{"embeddable":true,"href":"https:\/\/sp1.kielce.eu\/index.php\/wp-json\/wp\/v2\/comments?post=23911"}],"version-history":[{"count":1,"href":"https:\/\/sp1.kielce.eu\/index.php\/wp-json\/wp\/v2\/posts\/23911\/revisions"}],"predecessor-version":[{"id":23915,"href":"https:\/\/sp1.kielce.eu\/index.php\/wp-json\/wp\/v2\/posts\/23911\/revisions\/23915"}],"wp:featuredmedia":[{"embeddable":true,"href":"https:\/\/sp1.kielce.eu\/index.php\/wp-json\/wp\/v2\/media\/23913"}],"wp:attachment":[{"href":"https:\/\/sp1.kielce.eu\/index.php\/wp-json\/wp\/v2\/media?parent=23911"}],"wp:term":[{"taxonomy":"category","embeddable":true,"href":"https:\/\/sp1.kielce.eu\/index.php\/wp-json\/wp\/v2\/categories?post=23911"},{"taxonomy":"post_tag","embeddable":true,"href":"https:\/\/sp1.kielce.eu\/index.php\/wp-json\/wp\/v2\/tags?post=23911"}],"curies":[{"name":"wp","href":"https:\/\/api.w.org\/{rel}","templated":true}]}}