{"id":23908,"date":"2022-10-07T09:30:54","date_gmt":"2022-10-07T07:30:54","guid":{"rendered":"http:\/\/sp1.kielce.eu\/?p=23908"},"modified":"2022-10-07T09:30:54","modified_gmt":"2022-10-07T07:30:54","slug":"okolicznosciowa-pieczec-na-narodowe-czytanie","status":"publish","type":"post","link":"https:\/\/sp1.kielce.eu\/index.php\/2022\/10\/07\/okolicznosciowa-pieczec-na-narodowe-czytanie\/","title":{"rendered":"Okoliczno\u015bciowa piecz\u0119\u0107 na Narodowe Czytanie"},"content":{"rendered":"\n<p>Biblioteka Szkolna , dzi\u0119ki uprzejmo\u015bci SODMiDN w Kielcach , jest w posiadaniu okoliczno\u015bciowej piecz\u0119ci z okazji tegorocznej edycji Narodowego Czytania po\u015bwi\u0119conej ,,Balladom i romansom\u201d.\u00a0 Zapraszamy do biblioteki wszystkich, kt\u00f3rzy chc\u0105 otrzyma\u0107 pami\u0105tkowy stempel w ksi\u0105\u017ckach autorstwa Adama Mickiewicza. Akcja b\u0119dzie trwa\u0107 do 13 pa\u017adziernika.<\/p>\n\n\n\n<p><em>&nbsp;&nbsp;&nbsp;&nbsp;&nbsp;&nbsp;&nbsp;&nbsp;&nbsp;&nbsp;&nbsp;&nbsp;&nbsp;&nbsp;&nbsp;&nbsp;&nbsp;&nbsp;&nbsp;&nbsp;&nbsp;&nbsp;&nbsp;&nbsp;&nbsp;&nbsp;&nbsp;&nbsp;&nbsp;&nbsp;&nbsp;&nbsp;&nbsp;&nbsp;&nbsp;&nbsp;&nbsp;&nbsp;&nbsp;&nbsp;&nbsp;&nbsp;&nbsp;&nbsp;&nbsp;&nbsp;&nbsp;&nbsp;&nbsp;&nbsp;&nbsp;&nbsp;&nbsp;&nbsp; Dorota Broni\u015b<\/em><\/p>\n\n\n\n<p><em>\u00a0\u00a0\u00a0 \u00a0\u00a0\u00a0\u00a0\u00a0\u00a0\u00a0\u00a0\u00a0\u00a0\u00a0\u00a0\u00a0\u00a0\u00a0\u00a0\u00a0\u00a0\u00a0\u00a0\u00a0\u00a0\u00a0\u00a0\u00a0\u00a0\u00a0\u00a0\u00a0\u00a0\u00a0\u00a0\u00a0\u00a0\u00a0\u00a0\u00a0\u00a0\u00a0\u00a0\u00a0\u00a0\u00a0\u00a0\u00a0\u00a0\u00a0\u00a0\u00a0\u00a0Renata Kozie\u0142<\/em><\/p>\n\n\n\n<figure class=\"wp-block-gallery has-nested-images columns-default is-cropped wp-block-gallery-1 is-layout-flex wp-block-gallery-is-layout-flex\">\n<figure class=\"wp-block-image size-large\"><img loading=\"lazy\" decoding=\"async\" width=\"768\" height=\"1024\" data-id=\"23909\" src=\"http:\/\/sp1.kielce.eu\/wp-content\/uploads\/2022\/10\/20221006_123453-Medium-rotated.jpg\" alt=\"\" class=\"wp-image-23909\" srcset=\"https:\/\/sp1.kielce.eu\/wp-content\/uploads\/2022\/10\/20221006_123453-Medium-rotated.jpg 768w, https:\/\/sp1.kielce.eu\/wp-content\/uploads\/2022\/10\/20221006_123453-Medium-225x300.jpg 225w, https:\/\/sp1.kielce.eu\/wp-content\/uploads\/2022\/10\/20221006_123453-Medium-675x900.jpg 675w\" sizes=\"auto, (max-width: 768px) 100vw, 768px\" \/><\/figure>\n<\/figure>\n","protected":false},"excerpt":{"rendered":"<p>Biblioteka Szkolna , dzi\u0119ki uprzejmo\u015bci SODMiDN w Kielcach , jest w posiadaniu okoliczno\u015bciowej piecz\u0119ci z [&hellip;]<\/p>\n","protected":false},"author":5,"featured_media":23909,"comment_status":"closed","ping_status":"","sticky":false,"template":"","format":"standard","meta":{"footnotes":""},"categories":[36,72],"tags":[],"class_list":["post-23908","post","type-post","status-publish","format-standard","has-post-thumbnail","hentry","category-wydarzenia","category-biblioteka"],"_links":{"self":[{"href":"https:\/\/sp1.kielce.eu\/index.php\/wp-json\/wp\/v2\/posts\/23908","targetHints":{"allow":["GET"]}}],"collection":[{"href":"https:\/\/sp1.kielce.eu\/index.php\/wp-json\/wp\/v2\/posts"}],"about":[{"href":"https:\/\/sp1.kielce.eu\/index.php\/wp-json\/wp\/v2\/types\/post"}],"author":[{"embeddable":true,"href":"https:\/\/sp1.kielce.eu\/index.php\/wp-json\/wp\/v2\/users\/5"}],"replies":[{"embeddable":true,"href":"https:\/\/sp1.kielce.eu\/index.php\/wp-json\/wp\/v2\/comments?post=23908"}],"version-history":[{"count":1,"href":"https:\/\/sp1.kielce.eu\/index.php\/wp-json\/wp\/v2\/posts\/23908\/revisions"}],"predecessor-version":[{"id":23910,"href":"https:\/\/sp1.kielce.eu\/index.php\/wp-json\/wp\/v2\/posts\/23908\/revisions\/23910"}],"wp:featuredmedia":[{"embeddable":true,"href":"https:\/\/sp1.kielce.eu\/index.php\/wp-json\/wp\/v2\/media\/23909"}],"wp:attachment":[{"href":"https:\/\/sp1.kielce.eu\/index.php\/wp-json\/wp\/v2\/media?parent=23908"}],"wp:term":[{"taxonomy":"category","embeddable":true,"href":"https:\/\/sp1.kielce.eu\/index.php\/wp-json\/wp\/v2\/categories?post=23908"},{"taxonomy":"post_tag","embeddable":true,"href":"https:\/\/sp1.kielce.eu\/index.php\/wp-json\/wp\/v2\/tags?post=23908"}],"curies":[{"name":"wp","href":"https:\/\/api.w.org\/{rel}","templated":true}]}}