{"id":23879,"date":"2022-10-06T08:29:27","date_gmt":"2022-10-06T06:29:27","guid":{"rendered":"http:\/\/sp1.kielce.eu\/?p=23879"},"modified":"2022-10-06T08:29:27","modified_gmt":"2022-10-06T06:29:27","slug":"narodowe-czytanie-ballad-i-romansow-adama-mickiewicza-2","status":"publish","type":"post","link":"https:\/\/sp1.kielce.eu\/index.php\/2022\/10\/06\/narodowe-czytanie-ballad-i-romansow-adama-mickiewicza-2\/","title":{"rendered":"Narodowe Czytanie ,,Ballad i romans\u00f3w\u201d Adama Mickiewicza"},"content":{"rendered":"\n<p>W<strong>&nbsp;ramach Og\u00f3lnopolskiego Dnia G\u0142o\u015bnego Czytania<\/strong> po raz czwarty wzi\u0119li\u015bmy udzia\u0142 w akcji&nbsp;<strong>,,Narodowe Czytanie\u201d<\/strong>&nbsp;zainicjowanej przez Par\u0119 Prezydenck\u0105. W tegorocznej 11-tej edycji zosta\u0142y wybrane ,,Ballady i romanse\u201d Adama Mickiewicza. &nbsp;Teksty wieszcza narodowego odczytali nasi go\u015bcie wraz z Dyrekcj\u0105 oraz nauczycielami i uczniami SP 1:<\/p>\n\n\n\n<p>1. Dyrektor SP nr 1 w Kielcach \u2013 Pani \u017baneta Szczepaniak<\/p>\n\n\n\n<p>2. Aktorka Teatru Kubu\u015b \u2013Pani Agata Sobota<\/p>\n\n\n\n<p>3. Zast\u0119pca Dyrektora Muzeum Zabawy i Zabawek w Kielcach \u2013 Pan Jakub Czaplarski<\/p>\n\n\n\n<p>4. Dyrektor Miejskiej Biblioteki Publicznej \u2013 Pani Anna \u017bmudzi\u0144ska<\/p>\n\n\n\n<p>5. Dyrektor naukowy OMPIO- Pan Marek Maci\u0105gowski<\/p>\n\n\n\n<p>6. Prezes Sp\u00f3\u0142dzielni Mieszkaniowej ,,Bocianek\u201d \u2013 Pan Pawe\u0142 Kubicki<\/p>\n\n\n\n<p>7. Doradca metodyczny SODMiDN &#8211;&nbsp; Pani El\u017cbieta Sornat<\/p>\n\n\n\n<p>8.&nbsp; Korona Kielce- Scyzio<\/p>\n\n\n\n<p>9. Nauczyciel historii SP nr 1 \u2013 Pan Patryk Kozie\u0142<\/p>\n\n\n\n<p>10. Nauczyciel j\u0119zyka polskiego- Pani Mariola Str\u00f3zik<\/p>\n\n\n\n<p>11. Przedstawiciel Rady Rodzic\u00f3w SP nr 1 \u2013 Pani Paulina Gola<\/p>\n\n\n\n<p>Z okazji Narodowego Czytania Prezydent RP Andrzej Duda tradycyjnie skierowa\u0142 przes\u0142anie, zach\u0119caj\u0105c do wsp\u00f3\u0142tworzenia akcji.&nbsp;<\/p>\n\n\n\n<p><em>\u2013 Dwie\u015bcie lat temu w Wilnie zosta\u0142y wydane&nbsp;Ballady i romanse&nbsp;Adama Mickiewicza \u2013 zbi\u00f3r poezji, kt\u00f3ry zapocz\u0105tkowa\u0142 w Polsce romantyzm. M\u0142odzie\u0144cze, a jednocze\u015bnie bardzo dojrza\u0142e wiersze okaza\u0142y si\u0119 prze\u0142omowe i dzisiaj trudno wyobrazi\u0107 sobie bez nich dalsze dzieje naszej literatury. (\u2026) Romantyzm to istota polsko\u015bci i fundament nowoczesnej to\u017csamo\u015bci naszego narodu. To epoka zmaga\u0144 z zaborc\u0105, utrwalona w biografii Adama Mickiewicza oraz tych wszystkich polskich patriot\u00f3w, uczestnik\u00f3w tajnych stowarzysze\u0144 i powsta\u0144, dzia\u0142aczy emigracyjnych i spiskowc\u00f3w, kt\u00f3rzy na r\u00f3\u017cne sposoby, w kraju i na obczy\u017anie, czynem i s\u0142owem toczyli b\u00f3j o suwerenn\u0105 Rzeczpospolit\u0105&nbsp; \u2013 <\/em>napisa\u0142 w li\u015bcie Prezydent RP Andrzej Duda.<\/p>\n\n\n\n<p><em>\u2013 Wierz\u0119, \u017ce wsp\u00f3lna lektura utwor\u00f3w naszego narodowego wieszcza na nowo uka\u017ce fenomen polskiego romantyzmu i wzbogaci jubileuszowe obchody o wa\u017cn\u0105 refleksj\u0119 nad nasz\u0105 kultur\u0105 i histori\u0105. Chcia\u0142bym, aby tegoroczne Narodowe Czytanie jeszcze bardziej umocni\u0142o jedno\u015b\u0107 i poczucie wsp\u00f3lnoty Polak\u00f3w na ca\u0142ym \u015bwiecie. I \u017ceby \u2013 jak zawsze \u2013 by\u0142o dla nas wsp\u00f3lnym \u015bwi\u0119tem czytelnictwa<\/em> \u2013 doda\u0142 Prezydent.&nbsp;<\/p>\n\n\n\n<p>Do wsp\u00f3lnego odczytania wybrali\u015bmy trzy utwory: ,,\u015awiteziank\u0119\u201d, ,,Pani\u0105 Twardowsk\u0105\u201d oraz ,,Powr\u00f3t taty\u201d. Te teksty znajduj\u0105 si\u0119 w podstawie programowej i s\u0105 to lektury obowi\u0105zkowe do egzaminu. Klasa 6a i 6b przygotowa\u0142a inscenizacj\u0119 ,,Pani Twardowskiej\u201d. Z kolei uczniowie z kl. 4a wcielili si\u0119 w rol\u0119 Dzieci z ,,Powrotu taty\u201d.<\/p>\n\n\n\n<p>Scenografi\u0119 zaprojektowa\u0142a pani Marzena Kwiecie\u0144, opraw\u0105 muzyczn\u0105 zaj\u0119\u0142a si\u0119 pani Emilia Orkisz. Choreografi\u0119 przygotowa\u0142a pani Ewa Nowak. Uroczysto\u015b\u0107 fotografowa\u0142 i filmowa\u0142 pan Piotr Surma.<\/p>\n\n\n\n<p>W przygotowaniu przedstawienia zosta\u0142y wykorzystane sprz\u0119ty zakupione w ramach projektu \u201eLaboratoria Przysz\u0142o\u015bci\u201d<\/p>\n\n\n\n<p>Na zako\u0144czenie Dyrekcja podzi\u0119kowa\u0142a zgromadzonym go\u015bciom.<\/p>\n\n\n\n<p>Kolejny raz udowodnili\u015bmy, \u017ce warto czyta\u0107 oraz \u017ce klasyka literatury polskiej ma ponadczasow\u0105 warto\u015b\u0107.&nbsp;<\/p>\n\n\n\n<p>Serdecznie dzi\u0119kujemy wszystkim za udzia\u0142 w akcji oraz zaanga\u017cowanie w jej przeprowadzenie.<\/p>\n\n\n\n<p>&nbsp;&nbsp;&nbsp;&nbsp;&nbsp;&nbsp;&nbsp;&nbsp;&nbsp;&nbsp;&nbsp;&nbsp;&nbsp;&nbsp;&nbsp;&nbsp;&nbsp;&nbsp;&nbsp;&nbsp;&nbsp;&nbsp;&nbsp;&nbsp;&nbsp;&nbsp;&nbsp;&nbsp;&nbsp;&nbsp;&nbsp;&nbsp;&nbsp;&nbsp;&nbsp;&nbsp;&nbsp;&nbsp;&nbsp;&nbsp;&nbsp;&nbsp;&nbsp;&nbsp;&nbsp;&nbsp;&nbsp;&nbsp;&nbsp;&nbsp;&nbsp;&nbsp;&nbsp;&nbsp;&nbsp;&nbsp;&nbsp;&nbsp;&nbsp;&nbsp;&nbsp;&nbsp;&nbsp;&nbsp;&nbsp;&nbsp;&nbsp;&nbsp;&nbsp;&nbsp;&nbsp;&nbsp;&nbsp;&nbsp;&nbsp;&nbsp;&nbsp;&nbsp;&nbsp;&nbsp;&nbsp;&nbsp;&nbsp;&nbsp;&nbsp;&nbsp;&nbsp;&nbsp;&nbsp;&nbsp;&nbsp;&nbsp;&nbsp;&nbsp;&nbsp;&nbsp;&nbsp;&nbsp;&nbsp;&nbsp;&nbsp;&nbsp;&nbsp;&nbsp;&nbsp;&nbsp;&nbsp;&nbsp;&nbsp;&nbsp;&nbsp; &nbsp;&nbsp;&nbsp;&nbsp;&nbsp;&nbsp;&nbsp;&nbsp;&nbsp;&nbsp;&nbsp;&nbsp;&nbsp;&nbsp;Organizatorzy :<\/p>\n\n\n\n<p>&nbsp;&nbsp;&nbsp;&nbsp;&nbsp;&nbsp;&nbsp;&nbsp;&nbsp;&nbsp;&nbsp;&nbsp;&nbsp;&nbsp;&nbsp;&nbsp;&nbsp;&nbsp;&nbsp;&nbsp;&nbsp;&nbsp;&nbsp;&nbsp;&nbsp;&nbsp;&nbsp;&nbsp;&nbsp;&nbsp;&nbsp;&nbsp;&nbsp;&nbsp;&nbsp;&nbsp;&nbsp;&nbsp;&nbsp;&nbsp;&nbsp;&nbsp;&nbsp;&nbsp;&nbsp;&nbsp;&nbsp;&nbsp;&nbsp;&nbsp;&nbsp;&nbsp;&nbsp;&nbsp;&nbsp;&nbsp;&nbsp;&nbsp;&nbsp;&nbsp;&nbsp;&nbsp;&nbsp;&nbsp;&nbsp;&nbsp;&nbsp;&nbsp;&nbsp;&nbsp;&nbsp;&nbsp;&nbsp;&nbsp;&nbsp;&nbsp;&nbsp;&nbsp;&nbsp;&nbsp;&nbsp;&nbsp;&nbsp;&nbsp;&nbsp;&nbsp;&nbsp;&nbsp;&nbsp;&nbsp;&nbsp;&nbsp;&nbsp;&nbsp;&nbsp;&nbsp;&nbsp;&nbsp;&nbsp;&nbsp;&nbsp;&nbsp;&nbsp;&nbsp;&nbsp;&nbsp;&nbsp;&nbsp;&nbsp;&nbsp;&nbsp;&nbsp;&nbsp;&nbsp;&nbsp;&nbsp; &nbsp;&nbsp;&nbsp;&nbsp;&nbsp; Dorota Broni\u015b<\/p>\n\n\n\n<p>\u00a0\u00a0\u00a0\u00a0\u00a0\u00a0\u00a0\u00a0\u00a0\u00a0\u00a0\u00a0\u00a0\u00a0\u00a0\u00a0\u00a0\u00a0\u00a0\u00a0\u00a0\u00a0\u00a0\u00a0\u00a0\u00a0\u00a0\u00a0\u00a0\u00a0\u00a0\u00a0\u00a0\u00a0\u00a0\u00a0\u00a0\u00a0\u00a0\u00a0\u00a0\u00a0\u00a0\u00a0\u00a0\u00a0\u00a0\u00a0\u00a0\u00a0\u00a0\u00a0\u00a0\u00a0\u00a0\u00a0\u00a0 \u00a0\u00a0\u00a0\u00a0\u00a0\u00a0\u00a0\u00a0\u00a0\u00a0\u00a0\u00a0\u00a0\u00a0\u00a0\u00a0\u00a0\u00a0\u00a0\u00a0\u00a0\u00a0\u00a0\u00a0\u00a0\u00a0\u00a0\u00a0\u00a0\u00a0\u00a0\u00a0\u00a0\u00a0\u00a0\u00a0\u00a0\u00a0\u00a0\u00a0\u00a0\u00a0\u00a0\u00a0\u00a0\u00a0\u00a0\u00a0\u00a0\u00a0\u00a0\u00a0\u00a0\u00a0\u00a0 Biblioteka Szkolna- Renata Kozie\u0142<\/p>\n\n\n\n<figure class=\"wp-block-embed is-type-video is-provider-youtube wp-block-embed-youtube wp-embed-aspect-16-9 wp-has-aspect-ratio\"><div class=\"wp-block-embed__wrapper\">\n<iframe loading=\"lazy\" title=\"Narodowe Czytanie 2022 w SP nr1 im Stanis\u0142awa Staszica w Kielcach\" width=\"1160\" height=\"653\" src=\"https:\/\/www.youtube.com\/embed\/V9mzJVLzmuY?feature=oembed\" frameborder=\"0\" allow=\"accelerometer; autoplay; clipboard-write; encrypted-media; gyroscope; picture-in-picture\" allowfullscreen><\/iframe>\n<\/div><\/figure>\n\n\n\n<figure class=\"wp-block-gallery has-nested-images columns-default is-cropped wp-block-gallery-1 is-layout-flex wp-block-gallery-is-layout-flex\">\n<figure class=\"wp-block-image size-large\"><a href=\"http:\/\/sp1.kielce.eu\/wp-content\/uploads\/2022\/10\/IMG_7034-Medium.jpg\"><img loading=\"lazy\" decoding=\"async\" width=\"1365\" height=\"768\" data-id=\"23880\" src=\"http:\/\/sp1.kielce.eu\/wp-content\/uploads\/2022\/10\/IMG_7034-Medium.jpg\" alt=\"\" class=\"wp-image-23880\" srcset=\"https:\/\/sp1.kielce.eu\/wp-content\/uploads\/2022\/10\/IMG_7034-Medium.jpg 1365w, https:\/\/sp1.kielce.eu\/wp-content\/uploads\/2022\/10\/IMG_7034-Medium-300x169.jpg 300w, https:\/\/sp1.kielce.eu\/wp-content\/uploads\/2022\/10\/IMG_7034-Medium-768x432.jpg 768w, https:\/\/sp1.kielce.eu\/wp-content\/uploads\/2022\/10\/IMG_7034-Medium-820x461.jpg 820w\" sizes=\"auto, (max-width: 1365px) 100vw, 1365px\" \/><\/a><\/figure>\n\n\n\n<figure class=\"wp-block-image size-large\"><a href=\"http:\/\/sp1.kielce.eu\/wp-content\/uploads\/2022\/10\/IMG_7036-Medium.jpg\"><img loading=\"lazy\" decoding=\"async\" width=\"1365\" height=\"768\" data-id=\"23881\" src=\"http:\/\/sp1.kielce.eu\/wp-content\/uploads\/2022\/10\/IMG_7036-Medium.jpg\" alt=\"\" class=\"wp-image-23881\" srcset=\"https:\/\/sp1.kielce.eu\/wp-content\/uploads\/2022\/10\/IMG_7036-Medium.jpg 1365w, https:\/\/sp1.kielce.eu\/wp-content\/uploads\/2022\/10\/IMG_7036-Medium-300x169.jpg 300w, https:\/\/sp1.kielce.eu\/wp-content\/uploads\/2022\/10\/IMG_7036-Medium-768x432.jpg 768w, https:\/\/sp1.kielce.eu\/wp-content\/uploads\/2022\/10\/IMG_7036-Medium-820x461.jpg 820w\" sizes=\"auto, (max-width: 1365px) 100vw, 1365px\" \/><\/a><\/figure>\n\n\n\n<figure class=\"wp-block-image size-large\"><a href=\"http:\/\/sp1.kielce.eu\/wp-content\/uploads\/2022\/10\/IMG_7037-Medium.jpg\"><img loading=\"lazy\" decoding=\"async\" width=\"1365\" height=\"768\" data-id=\"23882\" src=\"http:\/\/sp1.kielce.eu\/wp-content\/uploads\/2022\/10\/IMG_7037-Medium.jpg\" alt=\"\" class=\"wp-image-23882\" srcset=\"https:\/\/sp1.kielce.eu\/wp-content\/uploads\/2022\/10\/IMG_7037-Medium.jpg 1365w, https:\/\/sp1.kielce.eu\/wp-content\/uploads\/2022\/10\/IMG_7037-Medium-300x169.jpg 300w, https:\/\/sp1.kielce.eu\/wp-content\/uploads\/2022\/10\/IMG_7037-Medium-768x432.jpg 768w, https:\/\/sp1.kielce.eu\/wp-content\/uploads\/2022\/10\/IMG_7037-Medium-820x461.jpg 820w\" sizes=\"auto, (max-width: 1365px) 100vw, 1365px\" \/><\/a><\/figure>\n\n\n\n<figure class=\"wp-block-image size-large\"><a href=\"http:\/\/sp1.kielce.eu\/wp-content\/uploads\/2022\/10\/IMG_7041-Medium.jpg\"><img loading=\"lazy\" decoding=\"async\" width=\"1365\" height=\"768\" data-id=\"23883\" src=\"http:\/\/sp1.kielce.eu\/wp-content\/uploads\/2022\/10\/IMG_7041-Medium.jpg\" alt=\"\" class=\"wp-image-23883\" srcset=\"https:\/\/sp1.kielce.eu\/wp-content\/uploads\/2022\/10\/IMG_7041-Medium.jpg 1365w, https:\/\/sp1.kielce.eu\/wp-content\/uploads\/2022\/10\/IMG_7041-Medium-300x169.jpg 300w, https:\/\/sp1.kielce.eu\/wp-content\/uploads\/2022\/10\/IMG_7041-Medium-768x432.jpg 768w, https:\/\/sp1.kielce.eu\/wp-content\/uploads\/2022\/10\/IMG_7041-Medium-820x461.jpg 820w\" sizes=\"auto, (max-width: 1365px) 100vw, 1365px\" \/><\/a><\/figure>\n\n\n\n<figure class=\"wp-block-image size-large\"><a href=\"http:\/\/sp1.kielce.eu\/wp-content\/uploads\/2022\/10\/IMG_7042-Medium.jpg\"><img loading=\"lazy\" decoding=\"async\" width=\"1365\" height=\"768\" data-id=\"23884\" src=\"http:\/\/sp1.kielce.eu\/wp-content\/uploads\/2022\/10\/IMG_7042-Medium.jpg\" alt=\"\" class=\"wp-image-23884\" srcset=\"https:\/\/sp1.kielce.eu\/wp-content\/uploads\/2022\/10\/IMG_7042-Medium.jpg 1365w, https:\/\/sp1.kielce.eu\/wp-content\/uploads\/2022\/10\/IMG_7042-Medium-300x169.jpg 300w, https:\/\/sp1.kielce.eu\/wp-content\/uploads\/2022\/10\/IMG_7042-Medium-768x432.jpg 768w, https:\/\/sp1.kielce.eu\/wp-content\/uploads\/2022\/10\/IMG_7042-Medium-820x461.jpg 820w\" sizes=\"auto, (max-width: 1365px) 100vw, 1365px\" \/><\/a><\/figure>\n\n\n\n<figure class=\"wp-block-image size-large\"><a href=\"http:\/\/sp1.kielce.eu\/wp-content\/uploads\/2022\/10\/IMG_7047-Medium.jpg\"><img loading=\"lazy\" decoding=\"async\" width=\"1361\" height=\"768\" data-id=\"23885\" src=\"http:\/\/sp1.kielce.eu\/wp-content\/uploads\/2022\/10\/IMG_7047-Medium.jpg\" alt=\"\" class=\"wp-image-23885\" srcset=\"https:\/\/sp1.kielce.eu\/wp-content\/uploads\/2022\/10\/IMG_7047-Medium.jpg 1361w, https:\/\/sp1.kielce.eu\/wp-content\/uploads\/2022\/10\/IMG_7047-Medium-300x169.jpg 300w, https:\/\/sp1.kielce.eu\/wp-content\/uploads\/2022\/10\/IMG_7047-Medium-768x433.jpg 768w, https:\/\/sp1.kielce.eu\/wp-content\/uploads\/2022\/10\/IMG_7047-Medium-820x463.jpg 820w\" sizes=\"auto, (max-width: 1361px) 100vw, 1361px\" \/><\/a><\/figure>\n\n\n\n<figure class=\"wp-block-image size-large\"><a href=\"http:\/\/sp1.kielce.eu\/wp-content\/uploads\/2022\/10\/IMG_7050-Medium.jpg\"><img loading=\"lazy\" decoding=\"async\" width=\"1365\" height=\"768\" data-id=\"23886\" src=\"http:\/\/sp1.kielce.eu\/wp-content\/uploads\/2022\/10\/IMG_7050-Medium.jpg\" alt=\"\" class=\"wp-image-23886\" srcset=\"https:\/\/sp1.kielce.eu\/wp-content\/uploads\/2022\/10\/IMG_7050-Medium.jpg 1365w, https:\/\/sp1.kielce.eu\/wp-content\/uploads\/2022\/10\/IMG_7050-Medium-300x169.jpg 300w, https:\/\/sp1.kielce.eu\/wp-content\/uploads\/2022\/10\/IMG_7050-Medium-768x432.jpg 768w, https:\/\/sp1.kielce.eu\/wp-content\/uploads\/2022\/10\/IMG_7050-Medium-820x461.jpg 820w\" sizes=\"auto, (max-width: 1365px) 100vw, 1365px\" \/><\/a><\/figure>\n\n\n\n<figure class=\"wp-block-image size-large\"><a href=\"http:\/\/sp1.kielce.eu\/wp-content\/uploads\/2022\/10\/IMG_7057-Medium.jpg\"><img loading=\"lazy\" decoding=\"async\" width=\"1361\" height=\"768\" data-id=\"23887\" src=\"http:\/\/sp1.kielce.eu\/wp-content\/uploads\/2022\/10\/IMG_7057-Medium.jpg\" alt=\"\" class=\"wp-image-23887\" srcset=\"https:\/\/sp1.kielce.eu\/wp-content\/uploads\/2022\/10\/IMG_7057-Medium.jpg 1361w, https:\/\/sp1.kielce.eu\/wp-content\/uploads\/2022\/10\/IMG_7057-Medium-300x169.jpg 300w, https:\/\/sp1.kielce.eu\/wp-content\/uploads\/2022\/10\/IMG_7057-Medium-768x433.jpg 768w, https:\/\/sp1.kielce.eu\/wp-content\/uploads\/2022\/10\/IMG_7057-Medium-820x463.jpg 820w\" sizes=\"auto, (max-width: 1361px) 100vw, 1361px\" \/><\/a><\/figure>\n\n\n\n<figure class=\"wp-block-image size-large\"><a href=\"http:\/\/sp1.kielce.eu\/wp-content\/uploads\/2022\/10\/IMG_7059-Medium.jpg\"><img loading=\"lazy\" decoding=\"async\" width=\"1366\" height=\"704\" data-id=\"23888\" src=\"http:\/\/sp1.kielce.eu\/wp-content\/uploads\/2022\/10\/IMG_7059-Medium.jpg\" alt=\"\" class=\"wp-image-23888\" srcset=\"https:\/\/sp1.kielce.eu\/wp-content\/uploads\/2022\/10\/IMG_7059-Medium.jpg 1366w, https:\/\/sp1.kielce.eu\/wp-content\/uploads\/2022\/10\/IMG_7059-Medium-300x155.jpg 300w, https:\/\/sp1.kielce.eu\/wp-content\/uploads\/2022\/10\/IMG_7059-Medium-768x396.jpg 768w, https:\/\/sp1.kielce.eu\/wp-content\/uploads\/2022\/10\/IMG_7059-Medium-820x423.jpg 820w\" sizes=\"auto, (max-width: 1366px) 100vw, 1366px\" \/><\/a><\/figure>\n\n\n\n<figure class=\"wp-block-image size-large\"><a href=\"http:\/\/sp1.kielce.eu\/wp-content\/uploads\/2022\/10\/IMG_7064-Medium.jpg\"><img loading=\"lazy\" decoding=\"async\" width=\"1365\" height=\"768\" data-id=\"23889\" src=\"http:\/\/sp1.kielce.eu\/wp-content\/uploads\/2022\/10\/IMG_7064-Medium.jpg\" alt=\"\" class=\"wp-image-23889\" srcset=\"https:\/\/sp1.kielce.eu\/wp-content\/uploads\/2022\/10\/IMG_7064-Medium.jpg 1365w, https:\/\/sp1.kielce.eu\/wp-content\/uploads\/2022\/10\/IMG_7064-Medium-300x169.jpg 300w, https:\/\/sp1.kielce.eu\/wp-content\/uploads\/2022\/10\/IMG_7064-Medium-768x432.jpg 768w, https:\/\/sp1.kielce.eu\/wp-content\/uploads\/2022\/10\/IMG_7064-Medium-820x461.jpg 820w\" sizes=\"auto, (max-width: 1365px) 100vw, 1365px\" \/><\/a><\/figure>\n\n\n\n<figure class=\"wp-block-image size-large\"><a href=\"http:\/\/sp1.kielce.eu\/wp-content\/uploads\/2022\/10\/IMG_7065-Medium.jpg\"><img loading=\"lazy\" decoding=\"async\" width=\"1365\" height=\"768\" data-id=\"23890\" src=\"http:\/\/sp1.kielce.eu\/wp-content\/uploads\/2022\/10\/IMG_7065-Medium.jpg\" alt=\"\" class=\"wp-image-23890\" srcset=\"https:\/\/sp1.kielce.eu\/wp-content\/uploads\/2022\/10\/IMG_7065-Medium.jpg 1365w, https:\/\/sp1.kielce.eu\/wp-content\/uploads\/2022\/10\/IMG_7065-Medium-300x169.jpg 300w, https:\/\/sp1.kielce.eu\/wp-content\/uploads\/2022\/10\/IMG_7065-Medium-768x432.jpg 768w, https:\/\/sp1.kielce.eu\/wp-content\/uploads\/2022\/10\/IMG_7065-Medium-820x461.jpg 820w\" sizes=\"auto, (max-width: 1365px) 100vw, 1365px\" \/><\/a><\/figure>\n\n\n\n<figure class=\"wp-block-image size-large\"><a href=\"http:\/\/sp1.kielce.eu\/wp-content\/uploads\/2022\/10\/IMG_7066-Medium.jpg\"><img loading=\"lazy\" decoding=\"async\" width=\"1365\" height=\"768\" data-id=\"23891\" src=\"http:\/\/sp1.kielce.eu\/wp-content\/uploads\/2022\/10\/IMG_7066-Medium.jpg\" alt=\"\" class=\"wp-image-23891\" srcset=\"https:\/\/sp1.kielce.eu\/wp-content\/uploads\/2022\/10\/IMG_7066-Medium.jpg 1365w, https:\/\/sp1.kielce.eu\/wp-content\/uploads\/2022\/10\/IMG_7066-Medium-300x169.jpg 300w, https:\/\/sp1.kielce.eu\/wp-content\/uploads\/2022\/10\/IMG_7066-Medium-768x432.jpg 768w, https:\/\/sp1.kielce.eu\/wp-content\/uploads\/2022\/10\/IMG_7066-Medium-820x461.jpg 820w\" sizes=\"auto, (max-width: 1365px) 100vw, 1365px\" \/><\/a><\/figure>\n\n\n\n<figure class=\"wp-block-image size-large\"><a href=\"http:\/\/sp1.kielce.eu\/wp-content\/uploads\/2022\/10\/IMG_7076-Medium.jpg\"><img loading=\"lazy\" decoding=\"async\" width=\"1365\" height=\"768\" data-id=\"23892\" src=\"http:\/\/sp1.kielce.eu\/wp-content\/uploads\/2022\/10\/IMG_7076-Medium.jpg\" alt=\"\" class=\"wp-image-23892\" srcset=\"https:\/\/sp1.kielce.eu\/wp-content\/uploads\/2022\/10\/IMG_7076-Medium.jpg 1365w, https:\/\/sp1.kielce.eu\/wp-content\/uploads\/2022\/10\/IMG_7076-Medium-300x169.jpg 300w, https:\/\/sp1.kielce.eu\/wp-content\/uploads\/2022\/10\/IMG_7076-Medium-768x432.jpg 768w, https:\/\/sp1.kielce.eu\/wp-content\/uploads\/2022\/10\/IMG_7076-Medium-820x461.jpg 820w\" sizes=\"auto, (max-width: 1365px) 100vw, 1365px\" \/><\/a><\/figure>\n\n\n\n<figure class=\"wp-block-image size-large\"><a href=\"http:\/\/sp1.kielce.eu\/wp-content\/uploads\/2022\/10\/IMG_7078-Medium.jpg\"><img loading=\"lazy\" decoding=\"async\" width=\"1365\" height=\"768\" data-id=\"23893\" src=\"http:\/\/sp1.kielce.eu\/wp-content\/uploads\/2022\/10\/IMG_7078-Medium.jpg\" alt=\"\" class=\"wp-image-23893\" srcset=\"https:\/\/sp1.kielce.eu\/wp-content\/uploads\/2022\/10\/IMG_7078-Medium.jpg 1365w, https:\/\/sp1.kielce.eu\/wp-content\/uploads\/2022\/10\/IMG_7078-Medium-300x169.jpg 300w, https:\/\/sp1.kielce.eu\/wp-content\/uploads\/2022\/10\/IMG_7078-Medium-768x432.jpg 768w, https:\/\/sp1.kielce.eu\/wp-content\/uploads\/2022\/10\/IMG_7078-Medium-820x461.jpg 820w\" sizes=\"auto, (max-width: 1365px) 100vw, 1365px\" \/><\/a><\/figure>\n\n\n\n<figure class=\"wp-block-image size-large\"><a href=\"http:\/\/sp1.kielce.eu\/wp-content\/uploads\/2022\/10\/IMG_7079-Medium.jpg\"><img loading=\"lazy\" decoding=\"async\" width=\"1365\" height=\"768\" data-id=\"23894\" src=\"http:\/\/sp1.kielce.eu\/wp-content\/uploads\/2022\/10\/IMG_7079-Medium.jpg\" alt=\"\" class=\"wp-image-23894\" srcset=\"https:\/\/sp1.kielce.eu\/wp-content\/uploads\/2022\/10\/IMG_7079-Medium.jpg 1365w, https:\/\/sp1.kielce.eu\/wp-content\/uploads\/2022\/10\/IMG_7079-Medium-300x169.jpg 300w, https:\/\/sp1.kielce.eu\/wp-content\/uploads\/2022\/10\/IMG_7079-Medium-768x432.jpg 768w, https:\/\/sp1.kielce.eu\/wp-content\/uploads\/2022\/10\/IMG_7079-Medium-820x461.jpg 820w\" sizes=\"auto, (max-width: 1365px) 100vw, 1365px\" \/><\/a><\/figure>\n\n\n\n<figure class=\"wp-block-image size-large\"><a href=\"http:\/\/sp1.kielce.eu\/wp-content\/uploads\/2022\/10\/IMG_7080-Medium.jpg\"><img loading=\"lazy\" decoding=\"async\" width=\"1365\" height=\"768\" data-id=\"23895\" src=\"http:\/\/sp1.kielce.eu\/wp-content\/uploads\/2022\/10\/IMG_7080-Medium.jpg\" alt=\"\" class=\"wp-image-23895\" srcset=\"https:\/\/sp1.kielce.eu\/wp-content\/uploads\/2022\/10\/IMG_7080-Medium.jpg 1365w, https:\/\/sp1.kielce.eu\/wp-content\/uploads\/2022\/10\/IMG_7080-Medium-300x169.jpg 300w, https:\/\/sp1.kielce.eu\/wp-content\/uploads\/2022\/10\/IMG_7080-Medium-768x432.jpg 768w, https:\/\/sp1.kielce.eu\/wp-content\/uploads\/2022\/10\/IMG_7080-Medium-820x461.jpg 820w\" sizes=\"auto, (max-width: 1365px) 100vw, 1365px\" \/><\/a><\/figure>\n\n\n\n<figure class=\"wp-block-image size-large\"><a href=\"http:\/\/sp1.kielce.eu\/wp-content\/uploads\/2022\/10\/IMG_7083-Medium.jpg\"><img loading=\"lazy\" decoding=\"async\" width=\"1365\" height=\"768\" data-id=\"23896\" src=\"http:\/\/sp1.kielce.eu\/wp-content\/uploads\/2022\/10\/IMG_7083-Medium.jpg\" alt=\"\" class=\"wp-image-23896\" srcset=\"https:\/\/sp1.kielce.eu\/wp-content\/uploads\/2022\/10\/IMG_7083-Medium.jpg 1365w, https:\/\/sp1.kielce.eu\/wp-content\/uploads\/2022\/10\/IMG_7083-Medium-300x169.jpg 300w, https:\/\/sp1.kielce.eu\/wp-content\/uploads\/2022\/10\/IMG_7083-Medium-768x432.jpg 768w, https:\/\/sp1.kielce.eu\/wp-content\/uploads\/2022\/10\/IMG_7083-Medium-820x461.jpg 820w\" sizes=\"auto, (max-width: 1365px) 100vw, 1365px\" \/><\/a><\/figure>\n\n\n\n<figure class=\"wp-block-image size-large\"><a href=\"http:\/\/sp1.kielce.eu\/wp-content\/uploads\/2022\/10\/IMG_7086-Medium.jpg\"><img loading=\"lazy\" decoding=\"async\" width=\"1365\" height=\"768\" data-id=\"23897\" src=\"http:\/\/sp1.kielce.eu\/wp-content\/uploads\/2022\/10\/IMG_7086-Medium.jpg\" alt=\"\" class=\"wp-image-23897\" srcset=\"https:\/\/sp1.kielce.eu\/wp-content\/uploads\/2022\/10\/IMG_7086-Medium.jpg 1365w, https:\/\/sp1.kielce.eu\/wp-content\/uploads\/2022\/10\/IMG_7086-Medium-300x169.jpg 300w, https:\/\/sp1.kielce.eu\/wp-content\/uploads\/2022\/10\/IMG_7086-Medium-768x432.jpg 768w, https:\/\/sp1.kielce.eu\/wp-content\/uploads\/2022\/10\/IMG_7086-Medium-820x461.jpg 820w\" sizes=\"auto, (max-width: 1365px) 100vw, 1365px\" \/><\/a><\/figure>\n<\/figure>\n","protected":false},"excerpt":{"rendered":"<p>W&nbsp;ramach Og\u00f3lnopolskiego Dnia G\u0142o\u015bnego Czytania po raz czwarty wzi\u0119li\u015bmy udzia\u0142 w akcji&nbsp;,,Narodowe Czytanie\u201d&nbsp;zainicjowanej przez Par\u0119 [&hellip;]<\/p>\n","protected":false},"author":5,"featured_media":23898,"comment_status":"closed","ping_status":"","sticky":false,"template":"","format":"standard","meta":{"footnotes":""},"categories":[36,72],"tags":[],"class_list":["post-23879","post","type-post","status-publish","format-standard","has-post-thumbnail","hentry","category-wydarzenia","category-biblioteka"],"_links":{"self":[{"href":"https:\/\/sp1.kielce.eu\/index.php\/wp-json\/wp\/v2\/posts\/23879","targetHints":{"allow":["GET"]}}],"collection":[{"href":"https:\/\/sp1.kielce.eu\/index.php\/wp-json\/wp\/v2\/posts"}],"about":[{"href":"https:\/\/sp1.kielce.eu\/index.php\/wp-json\/wp\/v2\/types\/post"}],"author":[{"embeddable":true,"href":"https:\/\/sp1.kielce.eu\/index.php\/wp-json\/wp\/v2\/users\/5"}],"replies":[{"embeddable":true,"href":"https:\/\/sp1.kielce.eu\/index.php\/wp-json\/wp\/v2\/comments?post=23879"}],"version-history":[{"count":1,"href":"https:\/\/sp1.kielce.eu\/index.php\/wp-json\/wp\/v2\/posts\/23879\/revisions"}],"predecessor-version":[{"id":23899,"href":"https:\/\/sp1.kielce.eu\/index.php\/wp-json\/wp\/v2\/posts\/23879\/revisions\/23899"}],"wp:featuredmedia":[{"embeddable":true,"href":"https:\/\/sp1.kielce.eu\/index.php\/wp-json\/wp\/v2\/media\/23898"}],"wp:attachment":[{"href":"https:\/\/sp1.kielce.eu\/index.php\/wp-json\/wp\/v2\/media?parent=23879"}],"wp:term":[{"taxonomy":"category","embeddable":true,"href":"https:\/\/sp1.kielce.eu\/index.php\/wp-json\/wp\/v2\/categories?post=23879"},{"taxonomy":"post_tag","embeddable":true,"href":"https:\/\/sp1.kielce.eu\/index.php\/wp-json\/wp\/v2\/tags?post=23879"}],"curies":[{"name":"wp","href":"https:\/\/api.w.org\/{rel}","templated":true}]}}