{"id":23873,"date":"2022-10-06T08:23:14","date_gmt":"2022-10-06T06:23:14","guid":{"rendered":"http:\/\/sp1.kielce.eu\/?p=23873"},"modified":"2022-10-06T08:23:14","modified_gmt":"2022-10-06T06:23:14","slug":"europejski-tydzien-sportu-5","status":"publish","type":"post","link":"https:\/\/sp1.kielce.eu\/index.php\/2022\/10\/06\/europejski-tydzien-sportu-5\/","title":{"rendered":"Europejski Tydzie\u0144 Sportu"},"content":{"rendered":"\n<p>spotkanie i wyk\u0142ad z piel\u0119gniarka szkoln\u0105 : \u201e Urazy i okoliczno\u015bci w sporcie \u201ddla klas 7<\/p>\n\n\n\n<p>Organizatorzy: \u00a0Marta Wi\u0119ckowska i Grzegorz Ko\u0142oma\u0144ski\u00a0<\/p>\n\n\n\n<figure class=\"wp-block-gallery has-nested-images columns-default is-cropped wp-block-gallery-1 is-layout-flex wp-block-gallery-is-layout-flex\">\n<figure class=\"wp-block-image size-large\"><a href=\"http:\/\/sp1.kielce.eu\/wp-content\/uploads\/2022\/10\/20220930_101624-Medium.jpg\"><img loading=\"lazy\" decoding=\"async\" width=\"1364\" height=\"768\" data-id=\"23874\" src=\"http:\/\/sp1.kielce.eu\/wp-content\/uploads\/2022\/10\/20220930_101624-Medium.jpg\" alt=\"\" class=\"wp-image-23874\" srcset=\"https:\/\/sp1.kielce.eu\/wp-content\/uploads\/2022\/10\/20220930_101624-Medium.jpg 1364w, https:\/\/sp1.kielce.eu\/wp-content\/uploads\/2022\/10\/20220930_101624-Medium-300x169.jpg 300w, https:\/\/sp1.kielce.eu\/wp-content\/uploads\/2022\/10\/20220930_101624-Medium-768x432.jpg 768w, https:\/\/sp1.kielce.eu\/wp-content\/uploads\/2022\/10\/20220930_101624-Medium-820x462.jpg 820w\" sizes=\"auto, (max-width: 1364px) 100vw, 1364px\" \/><\/a><\/figure>\n\n\n\n<figure class=\"wp-block-image size-large\"><a href=\"http:\/\/sp1.kielce.eu\/wp-content\/uploads\/2022\/10\/20220930_101630-Medium.jpg\"><img loading=\"lazy\" decoding=\"async\" width=\"1364\" height=\"768\" data-id=\"23875\" src=\"http:\/\/sp1.kielce.eu\/wp-content\/uploads\/2022\/10\/20220930_101630-Medium.jpg\" alt=\"\" class=\"wp-image-23875\" srcset=\"https:\/\/sp1.kielce.eu\/wp-content\/uploads\/2022\/10\/20220930_101630-Medium.jpg 1364w, https:\/\/sp1.kielce.eu\/wp-content\/uploads\/2022\/10\/20220930_101630-Medium-300x169.jpg 300w, https:\/\/sp1.kielce.eu\/wp-content\/uploads\/2022\/10\/20220930_101630-Medium-768x432.jpg 768w, https:\/\/sp1.kielce.eu\/wp-content\/uploads\/2022\/10\/20220930_101630-Medium-820x462.jpg 820w\" sizes=\"auto, (max-width: 1364px) 100vw, 1364px\" \/><\/a><\/figure>\n\n\n\n<figure class=\"wp-block-image size-large\"><a href=\"http:\/\/sp1.kielce.eu\/wp-content\/uploads\/2022\/10\/20220930_101633-Medium.jpg\"><img loading=\"lazy\" decoding=\"async\" width=\"1364\" height=\"768\" data-id=\"23876\" src=\"http:\/\/sp1.kielce.eu\/wp-content\/uploads\/2022\/10\/20220930_101633-Medium.jpg\" alt=\"\" class=\"wp-image-23876\" srcset=\"https:\/\/sp1.kielce.eu\/wp-content\/uploads\/2022\/10\/20220930_101633-Medium.jpg 1364w, https:\/\/sp1.kielce.eu\/wp-content\/uploads\/2022\/10\/20220930_101633-Medium-300x169.jpg 300w, https:\/\/sp1.kielce.eu\/wp-content\/uploads\/2022\/10\/20220930_101633-Medium-768x432.jpg 768w, https:\/\/sp1.kielce.eu\/wp-content\/uploads\/2022\/10\/20220930_101633-Medium-820x462.jpg 820w\" sizes=\"auto, (max-width: 1364px) 100vw, 1364px\" \/><\/a><\/figure>\n\n\n\n<figure class=\"wp-block-image size-large\"><a href=\"http:\/\/sp1.kielce.eu\/wp-content\/uploads\/2022\/10\/20220930_101636-Medium.jpg\"><img loading=\"lazy\" decoding=\"async\" width=\"1364\" height=\"768\" data-id=\"23877\" src=\"http:\/\/sp1.kielce.eu\/wp-content\/uploads\/2022\/10\/20220930_101636-Medium.jpg\" alt=\"\" class=\"wp-image-23877\" srcset=\"https:\/\/sp1.kielce.eu\/wp-content\/uploads\/2022\/10\/20220930_101636-Medium.jpg 1364w, https:\/\/sp1.kielce.eu\/wp-content\/uploads\/2022\/10\/20220930_101636-Medium-300x169.jpg 300w, https:\/\/sp1.kielce.eu\/wp-content\/uploads\/2022\/10\/20220930_101636-Medium-768x432.jpg 768w, https:\/\/sp1.kielce.eu\/wp-content\/uploads\/2022\/10\/20220930_101636-Medium-820x462.jpg 820w\" sizes=\"auto, (max-width: 1364px) 100vw, 1364px\" \/><\/a><\/figure>\n<\/figure>\n","protected":false},"excerpt":{"rendered":"<p>spotkanie i wyk\u0142ad z piel\u0119gniarka szkoln\u0105 : \u201e Urazy i okoliczno\u015bci w sporcie \u201ddla klas [&hellip;]<\/p>\n","protected":false},"author":5,"featured_media":23875,"comment_status":"closed","ping_status":"","sticky":false,"template":"","format":"standard","meta":{"footnotes":""},"categories":[36,11],"tags":[],"class_list":["post-23873","post","type-post","status-publish","format-standard","has-post-thumbnail","hentry","category-wydarzenia","category-zawody-sportowe"],"_links":{"self":[{"href":"https:\/\/sp1.kielce.eu\/index.php\/wp-json\/wp\/v2\/posts\/23873","targetHints":{"allow":["GET"]}}],"collection":[{"href":"https:\/\/sp1.kielce.eu\/index.php\/wp-json\/wp\/v2\/posts"}],"about":[{"href":"https:\/\/sp1.kielce.eu\/index.php\/wp-json\/wp\/v2\/types\/post"}],"author":[{"embeddable":true,"href":"https:\/\/sp1.kielce.eu\/index.php\/wp-json\/wp\/v2\/users\/5"}],"replies":[{"embeddable":true,"href":"https:\/\/sp1.kielce.eu\/index.php\/wp-json\/wp\/v2\/comments?post=23873"}],"version-history":[{"count":1,"href":"https:\/\/sp1.kielce.eu\/index.php\/wp-json\/wp\/v2\/posts\/23873\/revisions"}],"predecessor-version":[{"id":23878,"href":"https:\/\/sp1.kielce.eu\/index.php\/wp-json\/wp\/v2\/posts\/23873\/revisions\/23878"}],"wp:featuredmedia":[{"embeddable":true,"href":"https:\/\/sp1.kielce.eu\/index.php\/wp-json\/wp\/v2\/media\/23875"}],"wp:attachment":[{"href":"https:\/\/sp1.kielce.eu\/index.php\/wp-json\/wp\/v2\/media?parent=23873"}],"wp:term":[{"taxonomy":"category","embeddable":true,"href":"https:\/\/sp1.kielce.eu\/index.php\/wp-json\/wp\/v2\/categories?post=23873"},{"taxonomy":"post_tag","embeddable":true,"href":"https:\/\/sp1.kielce.eu\/index.php\/wp-json\/wp\/v2\/tags?post=23873"}],"curies":[{"name":"wp","href":"https:\/\/api.w.org\/{rel}","templated":true}]}}