{"id":23797,"date":"2022-10-04T14:23:47","date_gmt":"2022-10-04T12:23:47","guid":{"rendered":"http:\/\/sp1.kielce.eu\/?p=23797"},"modified":"2022-10-04T14:23:47","modified_gmt":"2022-10-04T12:23:47","slug":"swietlicowy-konkurs-plastyczno-techniczny-pt-pani-jesien","status":"publish","type":"post","link":"https:\/\/sp1.kielce.eu\/index.php\/2022\/10\/04\/swietlicowy-konkurs-plastyczno-techniczny-pt-pani-jesien\/","title":{"rendered":"\u015awietlicowy Konkurs Plastyczno \u2013 Techniczny pt. \u201ePani Jesie\u0144\u201d"},"content":{"rendered":"\n<p>23 wrze\u015bnia to pierwszy dzie\u0144 jesieni. W&nbsp;zwi\u0105zku z&nbsp;tym \u015bwietlica szkolna przy Szkole Podstawowej nr&nbsp;1 im.&nbsp;Stanis\u0142awa Staszica w&nbsp;Kielcach zorganizowa\u0142a konkurs plastyczno \u2013 techniczny pt. \u201ePani Jesie\u0144\u201d.<\/p>\n\n\n\n<p>Tematyk\u0105 prac konkursowych by\u0142a Pani Jesie\u0144 w&nbsp;sukni balowej z&nbsp;wykorzystaniem dar\u00f3w natury. Celem konkursu by\u0142o wspieranie edukacji artystycznej, rozw\u00f3j wyobra\u017ani plastyczno \u2013 technicznej, \u0107wiczenie sprawno\u015bci manualnej oraz uwra\u017cliwienie na pi\u0119kno barw jesiennych.<\/p>\n\n\n\n<p>Komisja oceniaj\u0105ca prace by\u0142a pod wra\u017ceniem, jak tw\u00f3rczy i&nbsp;pomys\u0142owi okazali si\u0119 uczestnicy konkursu. Po dokonaniu oceny wy\u0142oniono nast\u0119puj\u0105cych laureat\u00f3w:<\/p>\n\n\n\n<p><strong>I miejsca:<\/strong><br>Aleksandra Kopacz 1b,<br>Aleksander Foremski 2a,<br>Karolina Staniek 1c<\/p>\n\n\n\n<p><strong>II miejsca:<\/strong><br>Liliana Olszak 1b,<br>Malwina Michalska 1b,<br>Filip \u0141abuz 3a<\/p>\n\n\n\n<p><strong>III miejsca:<\/strong><br>Wojciech Tomczyk 2a,<br>Gabriela Napora 1a,<br>Oliwia Ciupi\u0144ska 1c<\/p>\n\n\n\n<p><strong>Wyr\u00f3\u017cnienia:<\/strong><br>Maja Pa\u0142ys 1b,<br>Maria Mazur 3c,<br>Mateusz Barym\u00f3w 1a,<br>Izabela \u0141uszczek 2a<\/p>\n\n\n\n<p>Prace wszystkich uczestnik\u00f3w konkursu zosta\u0142y zamieszczone na wystawie w&nbsp;\u015bwietlicy szkolnej.<\/p>\n\n\n\n<p>Nagrodzonym oraz wyr\u00f3\u017cnionym uczniom gratulujemy i&nbsp;\u017cyczymy dalszych sukces\u00f3w.<\/p>\n\n\n\n<p class=\"has-text-align-right\">Organizator konkursu:<br>Iwona Delipacy<\/p>\n\n\n\n<figure class=\"wp-block-gallery has-nested-images columns-5 is-cropped wp-block-gallery-1 is-layout-flex wp-block-gallery-is-layout-flex\">\n<figure class=\"wp-block-image size-large\"><a href=\"http:\/\/sp1.kielce.eu\/wp-content\/uploads\/2022\/10\/IMG_20220927_101817-Copy.jpg\"><img loading=\"lazy\" decoding=\"async\" width=\"1200\" height=\"609\" data-id=\"23799\" src=\"http:\/\/sp1.kielce.eu\/wp-content\/uploads\/2022\/10\/IMG_20220927_101817-Copy.jpg\" alt=\"\" class=\"wp-image-23799\" srcset=\"https:\/\/sp1.kielce.eu\/wp-content\/uploads\/2022\/10\/IMG_20220927_101817-Copy.jpg 1200w, https:\/\/sp1.kielce.eu\/wp-content\/uploads\/2022\/10\/IMG_20220927_101817-Copy-300x152.jpg 300w, https:\/\/sp1.kielce.eu\/wp-content\/uploads\/2022\/10\/IMG_20220927_101817-Copy-768x390.jpg 768w, https:\/\/sp1.kielce.eu\/wp-content\/uploads\/2022\/10\/IMG_20220927_101817-Copy-820x416.jpg 820w\" sizes=\"auto, (max-width: 1200px) 100vw, 1200px\" \/><\/a><\/figure>\n\n\n\n<figure class=\"wp-block-image size-large\"><a href=\"http:\/\/sp1.kielce.eu\/wp-content\/uploads\/2022\/10\/IMG_20221003_093157-Copy.jpg\"><img loading=\"lazy\" decoding=\"async\" width=\"711\" height=\"900\" data-id=\"23801\" src=\"http:\/\/sp1.kielce.eu\/wp-content\/uploads\/2022\/10\/IMG_20221003_093157-Copy.jpg\" alt=\"\" class=\"wp-image-23801\" srcset=\"https:\/\/sp1.kielce.eu\/wp-content\/uploads\/2022\/10\/IMG_20221003_093157-Copy.jpg 711w, https:\/\/sp1.kielce.eu\/wp-content\/uploads\/2022\/10\/IMG_20221003_093157-Copy-237x300.jpg 237w\" sizes=\"auto, (max-width: 711px) 100vw, 711px\" \/><\/a><\/figure>\n\n\n\n<figure class=\"wp-block-image size-large\"><a href=\"http:\/\/sp1.kielce.eu\/wp-content\/uploads\/2022\/10\/IMG_20221003_131030-Copy.jpg\"><img loading=\"lazy\" decoding=\"async\" width=\"445\" height=\"900\" data-id=\"23800\" src=\"http:\/\/sp1.kielce.eu\/wp-content\/uploads\/2022\/10\/IMG_20221003_131030-Copy.jpg\" alt=\"\" class=\"wp-image-23800\" srcset=\"https:\/\/sp1.kielce.eu\/wp-content\/uploads\/2022\/10\/IMG_20221003_131030-Copy.jpg 445w, https:\/\/sp1.kielce.eu\/wp-content\/uploads\/2022\/10\/IMG_20221003_131030-Copy-148x300.jpg 148w\" sizes=\"auto, (max-width: 445px) 100vw, 445px\" \/><\/a><\/figure>\n\n\n\n<figure class=\"wp-block-image size-large\"><a href=\"http:\/\/sp1.kielce.eu\/wp-content\/uploads\/2022\/10\/IMG_20221003_132929-Copy.jpg\"><img loading=\"lazy\" decoding=\"async\" width=\"743\" height=\"900\" data-id=\"23802\" src=\"http:\/\/sp1.kielce.eu\/wp-content\/uploads\/2022\/10\/IMG_20221003_132929-Copy.jpg\" alt=\"\" class=\"wp-image-23802\" srcset=\"https:\/\/sp1.kielce.eu\/wp-content\/uploads\/2022\/10\/IMG_20221003_132929-Copy.jpg 743w, https:\/\/sp1.kielce.eu\/wp-content\/uploads\/2022\/10\/IMG_20221003_132929-Copy-248x300.jpg 248w\" sizes=\"auto, (max-width: 743px) 100vw, 743px\" \/><\/a><\/figure>\n\n\n\n<figure class=\"wp-block-image size-large\"><a href=\"http:\/\/sp1.kielce.eu\/wp-content\/uploads\/2022\/10\/IMG_20221003_133737-Copy.jpg\"><img loading=\"lazy\" decoding=\"async\" width=\"675\" height=\"900\" data-id=\"23798\" src=\"http:\/\/sp1.kielce.eu\/wp-content\/uploads\/2022\/10\/IMG_20221003_133737-Copy.jpg\" alt=\"\" class=\"wp-image-23798\" srcset=\"https:\/\/sp1.kielce.eu\/wp-content\/uploads\/2022\/10\/IMG_20221003_133737-Copy.jpg 675w, https:\/\/sp1.kielce.eu\/wp-content\/uploads\/2022\/10\/IMG_20221003_133737-Copy-225x300.jpg 225w\" sizes=\"auto, (max-width: 675px) 100vw, 675px\" \/><\/a><\/figure>\n<\/figure>\n","protected":false},"excerpt":{"rendered":"<p>23 wrze\u015bnia to pierwszy dzie\u0144 jesieni. W&nbsp;zwi\u0105zku z&nbsp;tym \u015bwietlica szkolna przy Szkole Podstawowej nr&nbsp;1 im.&nbsp;Stanis\u0142awa [&hellip;]<\/p>\n","protected":false},"author":13,"featured_media":23803,"comment_status":"closed","ping_status":"","sticky":false,"template":"","format":"standard","meta":{"footnotes":""},"categories":[25,22],"tags":[],"class_list":["post-23797","post","type-post","status-publish","format-standard","has-post-thumbnail","hentry","category-swietlica","category-konkursy-konkursy-przedmiotowe"],"_links":{"self":[{"href":"https:\/\/sp1.kielce.eu\/index.php\/wp-json\/wp\/v2\/posts\/23797","targetHints":{"allow":["GET"]}}],"collection":[{"href":"https:\/\/sp1.kielce.eu\/index.php\/wp-json\/wp\/v2\/posts"}],"about":[{"href":"https:\/\/sp1.kielce.eu\/index.php\/wp-json\/wp\/v2\/types\/post"}],"author":[{"embeddable":true,"href":"https:\/\/sp1.kielce.eu\/index.php\/wp-json\/wp\/v2\/users\/13"}],"replies":[{"embeddable":true,"href":"https:\/\/sp1.kielce.eu\/index.php\/wp-json\/wp\/v2\/comments?post=23797"}],"version-history":[{"count":1,"href":"https:\/\/sp1.kielce.eu\/index.php\/wp-json\/wp\/v2\/posts\/23797\/revisions"}],"predecessor-version":[{"id":23804,"href":"https:\/\/sp1.kielce.eu\/index.php\/wp-json\/wp\/v2\/posts\/23797\/revisions\/23804"}],"wp:featuredmedia":[{"embeddable":true,"href":"https:\/\/sp1.kielce.eu\/index.php\/wp-json\/wp\/v2\/media\/23803"}],"wp:attachment":[{"href":"https:\/\/sp1.kielce.eu\/index.php\/wp-json\/wp\/v2\/media?parent=23797"}],"wp:term":[{"taxonomy":"category","embeddable":true,"href":"https:\/\/sp1.kielce.eu\/index.php\/wp-json\/wp\/v2\/categories?post=23797"},{"taxonomy":"post_tag","embeddable":true,"href":"https:\/\/sp1.kielce.eu\/index.php\/wp-json\/wp\/v2\/tags?post=23797"}],"curies":[{"name":"wp","href":"https:\/\/api.w.org\/{rel}","templated":true}]}}