{"id":23791,"date":"2022-09-21T08:04:00","date_gmt":"2022-09-21T06:04:00","guid":{"rendered":"http:\/\/sp1.kielce.eu\/?p=23791"},"modified":"2022-10-04T14:24:11","modified_gmt":"2022-10-04T12:24:11","slug":"dzien-kropki-w-swietlicy","status":"publish","type":"post","link":"https:\/\/sp1.kielce.eu\/index.php\/2022\/09\/21\/dzien-kropki-w-swietlicy\/","title":{"rendered":"DZIE\u0143 KROPKI w \u015bwietlicy"},"content":{"rendered":"\n<p>Mi\u0119dzynarodowy Dzie\u0144 Kropki, to coraz bardziej popularne \u015bwi\u0119to kreatywno\u015bci, odwagi i&nbsp;zabawy, kt\u00f3re obchodzimy 15 wrze\u015bnia. Tego dnia dzieci w naszej \u015bwietlicy szkolnej stworzy\u0142y niepowtarzalne i wyj\u0105tkowe kropkowe dzie\u0142o sztuki. By\u0142 to wspania\u0142y czas do porozmawiania z nimi na temat ich talent\u00f3w i zaprezentowania ich \u015bwiatu, bo ka\u017cdy z nas ma w&nbsp;sobie jaki\u015b ukryty talent. <\/p>\n\n\n\n<p class=\"has-text-align-right\">Wychowawcy \u015bwietlicy<\/p>\n\n\n\n<figure class=\"wp-block-gallery has-nested-images columns-default is-cropped wp-block-gallery-1 is-layout-flex wp-block-gallery-is-layout-flex\">\n<figure class=\"wp-block-image size-large\"><a href=\"http:\/\/sp1.kielce.eu\/wp-content\/uploads\/2022\/10\/20220928_044319-Copy.jpg\"><img loading=\"lazy\" decoding=\"async\" width=\"900\" height=\"900\" data-id=\"23794\" src=\"http:\/\/sp1.kielce.eu\/wp-content\/uploads\/2022\/10\/20220928_044319-Copy.jpg\" alt=\"\" class=\"wp-image-23794\" srcset=\"https:\/\/sp1.kielce.eu\/wp-content\/uploads\/2022\/10\/20220928_044319-Copy.jpg 900w, https:\/\/sp1.kielce.eu\/wp-content\/uploads\/2022\/10\/20220928_044319-Copy-300x300.jpg 300w, https:\/\/sp1.kielce.eu\/wp-content\/uploads\/2022\/10\/20220928_044319-Copy-150x150.jpg 150w, https:\/\/sp1.kielce.eu\/wp-content\/uploads\/2022\/10\/20220928_044319-Copy-768x768.jpg 768w, https:\/\/sp1.kielce.eu\/wp-content\/uploads\/2022\/10\/20220928_044319-Copy-820x820.jpg 820w\" sizes=\"auto, (max-width: 900px) 100vw, 900px\" \/><\/a><\/figure>\n\n\n\n<figure class=\"wp-block-image size-large\"><a href=\"http:\/\/sp1.kielce.eu\/wp-content\/uploads\/2022\/10\/20220928_044454-Copy.jpg\"><img loading=\"lazy\" decoding=\"async\" width=\"900\" height=\"900\" data-id=\"23792\" src=\"http:\/\/sp1.kielce.eu\/wp-content\/uploads\/2022\/10\/20220928_044454-Copy.jpg\" alt=\"\" class=\"wp-image-23792\" srcset=\"https:\/\/sp1.kielce.eu\/wp-content\/uploads\/2022\/10\/20220928_044454-Copy.jpg 900w, https:\/\/sp1.kielce.eu\/wp-content\/uploads\/2022\/10\/20220928_044454-Copy-300x300.jpg 300w, https:\/\/sp1.kielce.eu\/wp-content\/uploads\/2022\/10\/20220928_044454-Copy-150x150.jpg 150w, https:\/\/sp1.kielce.eu\/wp-content\/uploads\/2022\/10\/20220928_044454-Copy-768x768.jpg 768w, https:\/\/sp1.kielce.eu\/wp-content\/uploads\/2022\/10\/20220928_044454-Copy-820x820.jpg 820w\" sizes=\"auto, (max-width: 900px) 100vw, 900px\" \/><\/a><\/figure>\n\n\n\n<figure class=\"wp-block-image size-large\"><a href=\"http:\/\/sp1.kielce.eu\/wp-content\/uploads\/2022\/10\/20220928_044516-Copy.jpg\"><img loading=\"lazy\" decoding=\"async\" width=\"900\" height=\"900\" data-id=\"23793\" src=\"http:\/\/sp1.kielce.eu\/wp-content\/uploads\/2022\/10\/20220928_044516-Copy.jpg\" alt=\"\" class=\"wp-image-23793\" srcset=\"https:\/\/sp1.kielce.eu\/wp-content\/uploads\/2022\/10\/20220928_044516-Copy.jpg 900w, https:\/\/sp1.kielce.eu\/wp-content\/uploads\/2022\/10\/20220928_044516-Copy-300x300.jpg 300w, https:\/\/sp1.kielce.eu\/wp-content\/uploads\/2022\/10\/20220928_044516-Copy-150x150.jpg 150w, https:\/\/sp1.kielce.eu\/wp-content\/uploads\/2022\/10\/20220928_044516-Copy-768x768.jpg 768w, https:\/\/sp1.kielce.eu\/wp-content\/uploads\/2022\/10\/20220928_044516-Copy-820x820.jpg 820w\" sizes=\"auto, (max-width: 900px) 100vw, 900px\" \/><\/a><\/figure>\n<\/figure>\n","protected":false},"excerpt":{"rendered":"<p>Mi\u0119dzynarodowy Dzie\u0144 Kropki, to coraz bardziej popularne \u015bwi\u0119to kreatywno\u015bci, odwagi i&nbsp;zabawy, kt\u00f3re obchodzimy 15 wrze\u015bnia. [&hellip;]<\/p>\n","protected":false},"author":13,"featured_media":23795,"comment_status":"closed","ping_status":"","sticky":false,"template":"","format":"standard","meta":{"footnotes":""},"categories":[25],"tags":[],"class_list":["post-23791","post","type-post","status-publish","format-standard","has-post-thumbnail","hentry","category-swietlica"],"_links":{"self":[{"href":"https:\/\/sp1.kielce.eu\/index.php\/wp-json\/wp\/v2\/posts\/23791","targetHints":{"allow":["GET"]}}],"collection":[{"href":"https:\/\/sp1.kielce.eu\/index.php\/wp-json\/wp\/v2\/posts"}],"about":[{"href":"https:\/\/sp1.kielce.eu\/index.php\/wp-json\/wp\/v2\/types\/post"}],"author":[{"embeddable":true,"href":"https:\/\/sp1.kielce.eu\/index.php\/wp-json\/wp\/v2\/users\/13"}],"replies":[{"embeddable":true,"href":"https:\/\/sp1.kielce.eu\/index.php\/wp-json\/wp\/v2\/comments?post=23791"}],"version-history":[{"count":2,"href":"https:\/\/sp1.kielce.eu\/index.php\/wp-json\/wp\/v2\/posts\/23791\/revisions"}],"predecessor-version":[{"id":23805,"href":"https:\/\/sp1.kielce.eu\/index.php\/wp-json\/wp\/v2\/posts\/23791\/revisions\/23805"}],"wp:featuredmedia":[{"embeddable":true,"href":"https:\/\/sp1.kielce.eu\/index.php\/wp-json\/wp\/v2\/media\/23795"}],"wp:attachment":[{"href":"https:\/\/sp1.kielce.eu\/index.php\/wp-json\/wp\/v2\/media?parent=23791"}],"wp:term":[{"taxonomy":"category","embeddable":true,"href":"https:\/\/sp1.kielce.eu\/index.php\/wp-json\/wp\/v2\/categories?post=23791"},{"taxonomy":"post_tag","embeddable":true,"href":"https:\/\/sp1.kielce.eu\/index.php\/wp-json\/wp\/v2\/tags?post=23791"}],"curies":[{"name":"wp","href":"https:\/\/api.w.org\/{rel}","templated":true}]}}