{"id":23788,"date":"2022-10-04T08:26:49","date_gmt":"2022-10-04T06:26:49","guid":{"rendered":"http:\/\/sp1.kielce.eu\/?p=23788"},"modified":"2022-10-04T08:26:49","modified_gmt":"2022-10-04T06:26:49","slug":"miedzynarodowy-miesiac-bibliotek-szkolnych-2","status":"publish","type":"post","link":"https:\/\/sp1.kielce.eu\/index.php\/2022\/10\/04\/miedzynarodowy-miesiac-bibliotek-szkolnych-2\/","title":{"rendered":"Mi\u0119dzynarodowy Miesi\u0105c Bibliotek Szkolnych"},"content":{"rendered":"\n<p>Zapraszamy uczni\u00f3w do wzi\u0119cia udzia\u0142u w wydarzeniach zwi\u0105zanych z Mi\u0119dzynarodowym miesi\u0105cem bibliotek szkolnych. W Pa\u017adzierniku uczniowie Szko\u0142y Podstawowej numer 1 b\u0119d\u0105 mogli wzi\u0105\u0107 udzia\u0142 w dw\u00f3ch konkursach i wygra\u0107 atrakcyjne nagrody.<\/p>\n\n\n\n<p>Mi\u0119dzynarodowy Miesi\u0105c Bibliotek Szkolnych to pa\u017adziernikowe \u015bwi\u0119to, ustanowione przez Mi\u0119dzynarodowe Stowarzyszenie Bibliotekarstwa Szkolnego (ang. International Association of School Librarianship)&nbsp;w 1999 r., obchodzone by\u0142o przez jeden dzie\u0144, a&nbsp;od 2008 r. \u2013 przez ca\u0142y pa\u017adziernik. \u015awi\u0119to ma na celu zwr\u00f3cenie uwagi na ogromn\u0105 rol\u0119 biblioteki w&nbsp;\u017cyciu szko\u0142y oraz w&nbsp;nauce i&nbsp;rozwijaniu zainteresowa\u0144&nbsp;czytelniczych.<\/p>\n\n\n\n<p><em>Konkurs wiedzy i promocji ksi\u0105\u017cki (klasy 4-8)<\/em><\/p>\n\n\n\n<p><strong>Pierwszy etap<\/strong><\/p>\n\n\n\n<p>W pierwszym etapie konkursu uczniowie musz\u0105 wype\u0142ni\u0107 test online. Po klikni\u0119ciu linku zostaniecie przekierowani do w\u0142a\u015bciwego testu. W pierwszym pytaniu nale\u017cy wpisa\u0107 imi\u0119, nazwisko i klas\u0119. Nale\u017cy pami\u0119ta\u0107 aby nacisn\u0105\u0107 niebieski przycisk wy\u015blij, kt\u00f3ry umieszczony jest na ko\u0144cu testu. Pierwsze 10 os\u00f3b, kt\u00f3re najlepiej odpowiedz\u0105 na pytania zostan\u0105 zaproszone do drugiego etapu konkursu. Test nale\u017cy rozwi\u0105za\u0107 do 13 pa\u017adziernika.<\/p>\n\n\n\n<p>Link do testu.<\/p>\n\n\n\n<figure class=\"wp-block-embed\"><div class=\"wp-block-embed__wrapper\">\nhttps:\/\/www.survio.com\/survey\/d\/H9O9D7M3K8A8X7Q6J\n<\/div><\/figure>\n\n\n\n<p>Je\u015bli po klikni\u0119ciu link nie dzia\u0142a, nale\u017cy go skopiowa\u0107 i wklei\u0107 w g\u00f3rny pasek przegl\u0105darki.<\/p>\n\n\n\n<p><strong>Drugi etap<\/strong><\/p>\n\n\n\n<p>W ramach promowania czytelnictwa i zach\u0119cania koleg\u00f3w i kole\u017canek do czytania nagraj kr\u00f3tki filmik, w kt\u00f3rym prezentujesz ulubion\u0105 ksi\u0105\u017ck\u0119 i zach\u0119casz innych do jej przeczytania. Mo\u017cesz to zrobi\u0107 w dowolny spos\u00f3b: w domu, na dworze, w szkole itd. Filmik nie musi by\u0107 d\u0142ugi, mo\u017ce trwa\u0107 od 2 do 4 minut. Najlepsze filmiki zostan\u0105 opublikowane na szkolnym kanale You Tube.<\/p>\n\n\n\n<p><em>Konkurs plastyczny (klasy 1-3)<\/em><\/p>\n\n\n\n<p>Narysuj lub namaluj ulubion\u0105 scen\u0119 z ksi\u0105\u017cki, kt\u00f3ra Ci si\u0119 najbardziej podoba. U\u017cyj kartki z bloku A3 i dowolnych materia\u0142\u00f3w: kredek, flamastr\u00f3w, farb, o\u0142\u00f3wka itd. Prace nale\u017cy z\u0142o\u017cy\u0107 do 13 pa\u017adziernika w bibliotece szkolnej. Og\u0142oszenie wynik\u00f3w i szkolna wystawa odb\u0119d\u0105 si\u0119 w ostatnim tygodniu pa\u017adziernika.<\/p>\n\n\n\n<p>Zapraszamy do udzia\u0142u!<\/p>\n\n\n\n<figure class=\"wp-block-gallery has-nested-images columns-default is-cropped wp-block-gallery-1 is-layout-flex wp-block-gallery-is-layout-flex\">\n<figure class=\"wp-block-image size-large\"><img loading=\"lazy\" decoding=\"async\" width=\"636\" height=\"900\" data-id=\"23789\" src=\"http:\/\/sp1.kielce.eu\/wp-content\/uploads\/2022\/10\/Blue-International-Children-Book-Day-Minimalist-Poster-1-636x900.jpg\" alt=\"\" class=\"wp-image-23789\" srcset=\"https:\/\/sp1.kielce.eu\/wp-content\/uploads\/2022\/10\/Blue-International-Children-Book-Day-Minimalist-Poster-1-636x900.jpg 636w, https:\/\/sp1.kielce.eu\/wp-content\/uploads\/2022\/10\/Blue-International-Children-Book-Day-Minimalist-Poster-1-212x300.jpg 212w, https:\/\/sp1.kielce.eu\/wp-content\/uploads\/2022\/10\/Blue-International-Children-Book-Day-Minimalist-Poster-1-768x1086.jpg 768w, https:\/\/sp1.kielce.eu\/wp-content\/uploads\/2022\/10\/Blue-International-Children-Book-Day-Minimalist-Poster-1-1086x1536.jpg 1086w, https:\/\/sp1.kielce.eu\/wp-content\/uploads\/2022\/10\/Blue-International-Children-Book-Day-Minimalist-Poster-1-1448x2048.jpg 1448w, https:\/\/sp1.kielce.eu\/wp-content\/uploads\/2022\/10\/Blue-International-Children-Book-Day-Minimalist-Poster-1-820x1160.jpg 820w, https:\/\/sp1.kielce.eu\/wp-content\/uploads\/2022\/10\/Blue-International-Children-Book-Day-Minimalist-Poster-1.jpg 1587w\" sizes=\"auto, (max-width: 636px) 100vw, 636px\" \/><\/figure>\n<\/figure>\n","protected":false},"excerpt":{"rendered":"<p>Zapraszamy uczni\u00f3w do wzi\u0119cia udzia\u0142u w wydarzeniach zwi\u0105zanych z Mi\u0119dzynarodowym miesi\u0105cem bibliotek szkolnych. W Pa\u017adzierniku [&hellip;]<\/p>\n","protected":false},"author":5,"featured_media":23789,"comment_status":"closed","ping_status":"","sticky":false,"template":"","format":"standard","meta":{"footnotes":""},"categories":[36,72],"tags":[],"class_list":["post-23788","post","type-post","status-publish","format-standard","has-post-thumbnail","hentry","category-wydarzenia","category-biblioteka"],"_links":{"self":[{"href":"https:\/\/sp1.kielce.eu\/index.php\/wp-json\/wp\/v2\/posts\/23788","targetHints":{"allow":["GET"]}}],"collection":[{"href":"https:\/\/sp1.kielce.eu\/index.php\/wp-json\/wp\/v2\/posts"}],"about":[{"href":"https:\/\/sp1.kielce.eu\/index.php\/wp-json\/wp\/v2\/types\/post"}],"author":[{"embeddable":true,"href":"https:\/\/sp1.kielce.eu\/index.php\/wp-json\/wp\/v2\/users\/5"}],"replies":[{"embeddable":true,"href":"https:\/\/sp1.kielce.eu\/index.php\/wp-json\/wp\/v2\/comments?post=23788"}],"version-history":[{"count":1,"href":"https:\/\/sp1.kielce.eu\/index.php\/wp-json\/wp\/v2\/posts\/23788\/revisions"}],"predecessor-version":[{"id":23790,"href":"https:\/\/sp1.kielce.eu\/index.php\/wp-json\/wp\/v2\/posts\/23788\/revisions\/23790"}],"wp:featuredmedia":[{"embeddable":true,"href":"https:\/\/sp1.kielce.eu\/index.php\/wp-json\/wp\/v2\/media\/23789"}],"wp:attachment":[{"href":"https:\/\/sp1.kielce.eu\/index.php\/wp-json\/wp\/v2\/media?parent=23788"}],"wp:term":[{"taxonomy":"category","embeddable":true,"href":"https:\/\/sp1.kielce.eu\/index.php\/wp-json\/wp\/v2\/categories?post=23788"},{"taxonomy":"post_tag","embeddable":true,"href":"https:\/\/sp1.kielce.eu\/index.php\/wp-json\/wp\/v2\/tags?post=23788"}],"curies":[{"name":"wp","href":"https:\/\/api.w.org\/{rel}","templated":true}]}}