{"id":23738,"date":"2022-10-02T14:58:23","date_gmt":"2022-10-02T12:58:23","guid":{"rendered":"http:\/\/sp1.kielce.eu\/?p=23738"},"modified":"2023-02-15T09:29:04","modified_gmt":"2023-02-15T08:29:04","slug":"wycieczka-kl-5a-do-osady-rekodziela-w-leszczynach","status":"publish","type":"post","link":"https:\/\/sp1.kielce.eu\/index.php\/2022\/10\/02\/wycieczka-kl-5a-do-osady-rekodziela-w-leszczynach\/","title":{"rendered":"Wycieczka kl 5A do Osady R\u0119kodzie\u0142a w Leszczynach"},"content":{"rendered":"\n<p>Z okazji Dnia Ch\u0142opaka kl. 5A pojecha\u0142a na warsztaty do Osady R\u0119kodzie\u0142a w Leszczynach. Mimo niesprzyjaj\u0105cej pogody bawili\u015bmy si\u0119 \u015bwietnie. Nauczyli\u015bmy si\u0119 rozpala\u0107 ogie\u0144 przy pomocy krzesiwa, stworzyli\u015bmy filtr do wody ze sk\u0142adnik\u00f3w kt\u00f3re mogli\u015bmy znale\u017a\u0107 dooko\u0142a, poznali\u015bmy sposoby wytwarzania papieru czerpanego, oraz strzelali\u015bmy z wiatr\u00f3wki. Na w\u0142asnor\u0119cznie rozpalonym ognisku upiekli\u015bmy pyszne kie\u0142baski i sp\u0119dzili\u015bmy wsp\u00f3lnie czas, co zawsze jest warto\u015bci\u0105 dodan\u0105 takich wyjazd\u00f3w.<\/p>\n\n\n\n<p>Zapraszamy na relacj\u0119 video stworzon\u0105 przez p. Piotra Surm\u0119. Przy tworzeniu filmu zosta\u0142 wykorzystany sprz\u0119t zakupiony w ramach projektu &#8222;Laboratoria Przysz\u0142o\u015bci&#8221;<\/p>\n\n\n\n<p>Wychowawca klasy 5A<\/p>\n\n\n\n<p>Piotr Surma<\/p>\n\n\n\n<p>Patryk Kozie\u0142 &#8211; nauczyciel historii EDB i WOSu<\/p>\n\n\n\n<figure class=\"wp-block-embed is-type-video is-provider-youtube wp-block-embed-youtube wp-embed-aspect-16-9 wp-has-aspect-ratio\"><div class=\"wp-block-embed__wrapper\">\n<iframe loading=\"lazy\" title=\"Osada R\u0119kodzie\u0142a w Leszcynach - wycieczka kl. 5A\" width=\"1160\" height=\"653\" src=\"https:\/\/www.youtube.com\/embed\/cab0TIUNGak?feature=oembed\" frameborder=\"0\" allow=\"accelerometer; autoplay; clipboard-write; encrypted-media; gyroscope; picture-in-picture; web-share\" allowfullscreen><\/iframe>\n<\/div><\/figure>\n","protected":false},"excerpt":{"rendered":"<p>Z okazji Dnia Ch\u0142opaka kl. 5A pojecha\u0142a na warsztaty do Osady R\u0119kodzie\u0142a w Leszczynach. Mimo [&hellip;]<\/p>\n","protected":false},"author":5,"featured_media":23739,"comment_status":"closed","ping_status":"","sticky":false,"template":"","format":"standard","meta":{"footnotes":""},"categories":[36],"tags":[],"class_list":["post-23738","post","type-post","status-publish","format-standard","has-post-thumbnail","hentry","category-wydarzenia"],"_links":{"self":[{"href":"https:\/\/sp1.kielce.eu\/index.php\/wp-json\/wp\/v2\/posts\/23738","targetHints":{"allow":["GET"]}}],"collection":[{"href":"https:\/\/sp1.kielce.eu\/index.php\/wp-json\/wp\/v2\/posts"}],"about":[{"href":"https:\/\/sp1.kielce.eu\/index.php\/wp-json\/wp\/v2\/types\/post"}],"author":[{"embeddable":true,"href":"https:\/\/sp1.kielce.eu\/index.php\/wp-json\/wp\/v2\/users\/5"}],"replies":[{"embeddable":true,"href":"https:\/\/sp1.kielce.eu\/index.php\/wp-json\/wp\/v2\/comments?post=23738"}],"version-history":[{"count":3,"href":"https:\/\/sp1.kielce.eu\/index.php\/wp-json\/wp\/v2\/posts\/23738\/revisions"}],"predecessor-version":[{"id":26517,"href":"https:\/\/sp1.kielce.eu\/index.php\/wp-json\/wp\/v2\/posts\/23738\/revisions\/26517"}],"wp:featuredmedia":[{"embeddable":true,"href":"https:\/\/sp1.kielce.eu\/index.php\/wp-json\/wp\/v2\/media\/23739"}],"wp:attachment":[{"href":"https:\/\/sp1.kielce.eu\/index.php\/wp-json\/wp\/v2\/media?parent=23738"}],"wp:term":[{"taxonomy":"category","embeddable":true,"href":"https:\/\/sp1.kielce.eu\/index.php\/wp-json\/wp\/v2\/categories?post=23738"},{"taxonomy":"post_tag","embeddable":true,"href":"https:\/\/sp1.kielce.eu\/index.php\/wp-json\/wp\/v2\/tags?post=23738"}],"curies":[{"name":"wp","href":"https:\/\/api.w.org\/{rel}","templated":true}]}}