{"id":23703,"date":"2022-10-02T14:23:57","date_gmt":"2022-10-02T12:23:57","guid":{"rendered":"http:\/\/sp1.kielce.eu\/?p=23703"},"modified":"2022-10-02T14:23:57","modified_gmt":"2022-10-02T12:23:57","slug":"i-miedzynarodowy-festiwal-piesni-i-piosenki-patriotycznej-polskiej-i-ukrainskiej","status":"publish","type":"post","link":"https:\/\/sp1.kielce.eu\/index.php\/2022\/10\/02\/i-miedzynarodowy-festiwal-piesni-i-piosenki-patriotycznej-polskiej-i-ukrainskiej\/","title":{"rendered":"<strong>I Mi\u0119dzynarodowy Festiwal Pie\u015bni i Piosenki Patriotycznej<\/strong>&nbsp;<strong>Polskiej i Ukrai\u0144skiej<\/strong>"},"content":{"rendered":"\n<p>Dnia 24 IX 2022r odby\u0142 si\u0119 fina\u0142 konkursu, na kt\u00f3rym zaprezentowa\u0142o si\u0119 70 uczestnik\u00f3w z Polski i Ukrainy. W letnim ogrodzie, na scenie plenerowej wybrzmiewa\u0142y utwory pie\u015bni patriotycznych o dzielnych bohaterach broni\u0105cych swojej Ojczyzny.<br>Wyst\u0119py zainaugurowa\u0142 prezydent miasta Kielce pan Bogus\u0142aw Wenta wyst\u0105pieniem do m\u0142odzie\u017cy, podkre\u015blaj\u0105cym wa\u017cne i ponadczasowe warto\u015bci dotycz\u0105ce: niepodleg\u0142o\u015bci, pokoju i wolno\u015bci.<br>Laureatami tegorocznego festiwalu zostali:<br><strong>Izabela Kubicka kl. 3c&nbsp;<\/strong>&#8211;<strong>&nbsp;zdobywczyni III miejsca&nbsp;<\/strong>oraz&nbsp;<strong>Miko\u0142aj \u015amigielski&nbsp; kl. 4a,&nbsp;<\/strong>kt\u00f3ry&nbsp;<strong>otrzyma\u0142 wyr\u00f3\u017cnienie specjalne.<\/strong><\/p>\n\n\n\n<p>M\u0142odym artystom gratulujemy i \u017cyczymy dalszych sukces\u00f3w!<\/p>\n\n\n\n<p>&nbsp; &nbsp; &nbsp; &nbsp; &nbsp; &nbsp; &nbsp; &nbsp; &nbsp; &nbsp; &nbsp; &nbsp; &nbsp; &nbsp; &nbsp; &nbsp; &nbsp; &nbsp; &nbsp; &nbsp; &nbsp; &nbsp; &nbsp; &nbsp; &nbsp; &nbsp; &nbsp; &nbsp; &nbsp; &nbsp; &nbsp; &nbsp; &nbsp; &nbsp; &nbsp; &nbsp; &nbsp; &nbsp; &nbsp; &nbsp; &nbsp; &nbsp; &nbsp; &nbsp; El\u017cbieta Litwinek<\/p>\n\n\n\n<p>\u00a0 \u00a0 \u00a0 \u00a0 \u00a0 \u00a0 \u00a0 \u00a0 \u00a0 \u00a0 \u00a0 \u00a0 \u00a0 \u00a0 \u00a0 \u00a0 \u00a0 \u00a0 \u00a0 \u00a0 \u00a0 \u00a0 \u00a0 \u00a0 \u00a0 \u00a0 \u00a0 \u00a0 \u00a0 \u00a0 \u00a0 \u00a0 \u00a0 \u00a0 \u00a0 \u00a0 \u00a0 \u00a0 \u00a0 \u00a0 \u00a0 \u00a0 \u00a0 \u00a0 \u00a0Anna Borowska<\/p>\n\n\n\n<figure class=\"wp-block-gallery has-nested-images columns-default is-cropped wp-block-gallery-1 is-layout-flex wp-block-gallery-is-layout-flex\">\n<figure class=\"wp-block-image size-large\"><a href=\"http:\/\/sp1.kielce.eu\/wp-content\/uploads\/2022\/10\/632aed8ba1379_o_large.jpg\"><img loading=\"lazy\" decoding=\"async\" width=\"852\" height=\"691\" data-id=\"23704\" src=\"http:\/\/sp1.kielce.eu\/wp-content\/uploads\/2022\/10\/632aed8ba1379_o_large.jpg\" alt=\"\" class=\"wp-image-23704\" srcset=\"https:\/\/sp1.kielce.eu\/wp-content\/uploads\/2022\/10\/632aed8ba1379_o_large.jpg 852w, https:\/\/sp1.kielce.eu\/wp-content\/uploads\/2022\/10\/632aed8ba1379_o_large-300x243.jpg 300w, https:\/\/sp1.kielce.eu\/wp-content\/uploads\/2022\/10\/632aed8ba1379_o_large-768x623.jpg 768w, https:\/\/sp1.kielce.eu\/wp-content\/uploads\/2022\/10\/632aed8ba1379_o_large-820x665.jpg 820w\" sizes=\"auto, (max-width: 852px) 100vw, 852px\" \/><\/a><\/figure>\n\n\n\n<figure class=\"wp-block-image size-large\"><a href=\"http:\/\/sp1.kielce.eu\/wp-content\/uploads\/2022\/10\/307946794_3306951366292609_5438020034397012137_n.jpg\"><img loading=\"lazy\" decoding=\"async\" width=\"2048\" height=\"1536\" data-id=\"23705\" src=\"http:\/\/sp1.kielce.eu\/wp-content\/uploads\/2022\/10\/307946794_3306951366292609_5438020034397012137_n.jpg\" alt=\"\" class=\"wp-image-23705\" srcset=\"https:\/\/sp1.kielce.eu\/wp-content\/uploads\/2022\/10\/307946794_3306951366292609_5438020034397012137_n.jpg 2048w, https:\/\/sp1.kielce.eu\/wp-content\/uploads\/2022\/10\/307946794_3306951366292609_5438020034397012137_n-300x225.jpg 300w, https:\/\/sp1.kielce.eu\/wp-content\/uploads\/2022\/10\/307946794_3306951366292609_5438020034397012137_n-1200x900.jpg 1200w, https:\/\/sp1.kielce.eu\/wp-content\/uploads\/2022\/10\/307946794_3306951366292609_5438020034397012137_n-768x576.jpg 768w, https:\/\/sp1.kielce.eu\/wp-content\/uploads\/2022\/10\/307946794_3306951366292609_5438020034397012137_n-1536x1152.jpg 1536w, https:\/\/sp1.kielce.eu\/wp-content\/uploads\/2022\/10\/307946794_3306951366292609_5438020034397012137_n-820x615.jpg 820w\" sizes=\"auto, (max-width: 2048px) 100vw, 2048px\" \/><\/a><\/figure>\n\n\n\n<figure class=\"wp-block-image size-large\"><a href=\"http:\/\/sp1.kielce.eu\/wp-content\/uploads\/2022\/10\/307983300_3306951759625903_6430505124308145620_n.jpg\"><img loading=\"lazy\" decoding=\"async\" width=\"2048\" height=\"1536\" data-id=\"23706\" src=\"http:\/\/sp1.kielce.eu\/wp-content\/uploads\/2022\/10\/307983300_3306951759625903_6430505124308145620_n.jpg\" alt=\"\" class=\"wp-image-23706\" srcset=\"https:\/\/sp1.kielce.eu\/wp-content\/uploads\/2022\/10\/307983300_3306951759625903_6430505124308145620_n.jpg 2048w, https:\/\/sp1.kielce.eu\/wp-content\/uploads\/2022\/10\/307983300_3306951759625903_6430505124308145620_n-300x225.jpg 300w, https:\/\/sp1.kielce.eu\/wp-content\/uploads\/2022\/10\/307983300_3306951759625903_6430505124308145620_n-1200x900.jpg 1200w, https:\/\/sp1.kielce.eu\/wp-content\/uploads\/2022\/10\/307983300_3306951759625903_6430505124308145620_n-768x576.jpg 768w, https:\/\/sp1.kielce.eu\/wp-content\/uploads\/2022\/10\/307983300_3306951759625903_6430505124308145620_n-1536x1152.jpg 1536w, https:\/\/sp1.kielce.eu\/wp-content\/uploads\/2022\/10\/307983300_3306951759625903_6430505124308145620_n-820x615.jpg 820w\" sizes=\"auto, (max-width: 2048px) 100vw, 2048px\" \/><\/a><\/figure>\n\n\n\n<figure class=\"wp-block-image size-large\"><a href=\"http:\/\/sp1.kielce.eu\/wp-content\/uploads\/2022\/10\/309256117_3306950572959355_3777331210310580377_n.jpg\"><img loading=\"lazy\" decoding=\"async\" width=\"2048\" height=\"1536\" data-id=\"23707\" src=\"http:\/\/sp1.kielce.eu\/wp-content\/uploads\/2022\/10\/309256117_3306950572959355_3777331210310580377_n.jpg\" alt=\"\" class=\"wp-image-23707\" srcset=\"https:\/\/sp1.kielce.eu\/wp-content\/uploads\/2022\/10\/309256117_3306950572959355_3777331210310580377_n.jpg 2048w, https:\/\/sp1.kielce.eu\/wp-content\/uploads\/2022\/10\/309256117_3306950572959355_3777331210310580377_n-300x225.jpg 300w, https:\/\/sp1.kielce.eu\/wp-content\/uploads\/2022\/10\/309256117_3306950572959355_3777331210310580377_n-1200x900.jpg 1200w, https:\/\/sp1.kielce.eu\/wp-content\/uploads\/2022\/10\/309256117_3306950572959355_3777331210310580377_n-768x576.jpg 768w, https:\/\/sp1.kielce.eu\/wp-content\/uploads\/2022\/10\/309256117_3306950572959355_3777331210310580377_n-1536x1152.jpg 1536w, https:\/\/sp1.kielce.eu\/wp-content\/uploads\/2022\/10\/309256117_3306950572959355_3777331210310580377_n-820x615.jpg 820w\" sizes=\"auto, (max-width: 2048px) 100vw, 2048px\" \/><\/a><\/figure>\n\n\n\n<figure class=\"wp-block-image size-large\"><a href=\"http:\/\/sp1.kielce.eu\/wp-content\/uploads\/2022\/10\/image000000007.jpg\"><img loading=\"lazy\" decoding=\"async\" width=\"320\" height=\"640\" data-id=\"23708\" src=\"http:\/\/sp1.kielce.eu\/wp-content\/uploads\/2022\/10\/image000000007.jpg\" alt=\"\" class=\"wp-image-23708\" srcset=\"https:\/\/sp1.kielce.eu\/wp-content\/uploads\/2022\/10\/image000000007.jpg 320w, https:\/\/sp1.kielce.eu\/wp-content\/uploads\/2022\/10\/image000000007-150x300.jpg 150w\" sizes=\"auto, (max-width: 320px) 100vw, 320px\" \/><\/a><\/figure>\n\n\n\n<figure class=\"wp-block-image size-large\"><a href=\"http:\/\/sp1.kielce.eu\/wp-content\/uploads\/2022\/10\/image000000009.jpg\"><img loading=\"lazy\" decoding=\"async\" width=\"479\" height=\"640\" data-id=\"23709\" src=\"http:\/\/sp1.kielce.eu\/wp-content\/uploads\/2022\/10\/image000000009.jpg\" alt=\"\" class=\"wp-image-23709\" srcset=\"https:\/\/sp1.kielce.eu\/wp-content\/uploads\/2022\/10\/image000000009.jpg 479w, https:\/\/sp1.kielce.eu\/wp-content\/uploads\/2022\/10\/image000000009-225x300.jpg 225w\" sizes=\"auto, (max-width: 479px) 100vw, 479px\" \/><\/a><\/figure>\n<\/figure>\n","protected":false},"excerpt":{"rendered":"<p>Dnia 24 IX 2022r odby\u0142 si\u0119 fina\u0142 konkursu, na kt\u00f3rym zaprezentowa\u0142o si\u0119 70 uczestnik\u00f3w z [&hellip;]<\/p>\n","protected":false},"author":5,"featured_media":23704,"comment_status":"closed","ping_status":"","sticky":false,"template":"","format":"standard","meta":{"footnotes":""},"categories":[36,25],"tags":[],"class_list":["post-23703","post","type-post","status-publish","format-standard","has-post-thumbnail","hentry","category-wydarzenia","category-swietlica"],"_links":{"self":[{"href":"https:\/\/sp1.kielce.eu\/index.php\/wp-json\/wp\/v2\/posts\/23703","targetHints":{"allow":["GET"]}}],"collection":[{"href":"https:\/\/sp1.kielce.eu\/index.php\/wp-json\/wp\/v2\/posts"}],"about":[{"href":"https:\/\/sp1.kielce.eu\/index.php\/wp-json\/wp\/v2\/types\/post"}],"author":[{"embeddable":true,"href":"https:\/\/sp1.kielce.eu\/index.php\/wp-json\/wp\/v2\/users\/5"}],"replies":[{"embeddable":true,"href":"https:\/\/sp1.kielce.eu\/index.php\/wp-json\/wp\/v2\/comments?post=23703"}],"version-history":[{"count":1,"href":"https:\/\/sp1.kielce.eu\/index.php\/wp-json\/wp\/v2\/posts\/23703\/revisions"}],"predecessor-version":[{"id":23710,"href":"https:\/\/sp1.kielce.eu\/index.php\/wp-json\/wp\/v2\/posts\/23703\/revisions\/23710"}],"wp:featuredmedia":[{"embeddable":true,"href":"https:\/\/sp1.kielce.eu\/index.php\/wp-json\/wp\/v2\/media\/23704"}],"wp:attachment":[{"href":"https:\/\/sp1.kielce.eu\/index.php\/wp-json\/wp\/v2\/media?parent=23703"}],"wp:term":[{"taxonomy":"category","embeddable":true,"href":"https:\/\/sp1.kielce.eu\/index.php\/wp-json\/wp\/v2\/categories?post=23703"},{"taxonomy":"post_tag","embeddable":true,"href":"https:\/\/sp1.kielce.eu\/index.php\/wp-json\/wp\/v2\/tags?post=23703"}],"curies":[{"name":"wp","href":"https:\/\/api.w.org\/{rel}","templated":true}]}}