{"id":23644,"date":"2022-09-26T20:15:58","date_gmt":"2022-09-26T18:15:58","guid":{"rendered":"http:\/\/sp1.kielce.eu\/?p=23644"},"modified":"2022-10-09T21:35:14","modified_gmt":"2022-10-09T19:35:14","slug":"paka-dla-zwierzaka-6","status":"publish","type":"post","link":"https:\/\/sp1.kielce.eu\/index.php\/2022\/09\/26\/paka-dla-zwierzaka-6\/","title":{"rendered":"PAKA DLA ZWIERZAKA"},"content":{"rendered":"\n<p>Z okazji \u015awiatowego Dnia Zwierz\u0105t, kt\u00f3ry przypada 4&nbsp;pa\u017adziernika, w&nbsp;naszej szkole, od 27.09.2022 do 4.10.2022, odb\u0119dzie si\u0119 zbi\u00f3rka suchej i&nbsp;mokrej karmy dla ps\u00f3w i&nbsp;kot\u00f3w ze Schroniska dla Bezdomnych Zwierz\u0105t w&nbsp;Dyminach. Mile widziane b\u0119d\u0105 r\u00f3wnie\u017c zabawki, kocyki i&nbsp;inne gad\u017cety dla zwierz\u0105t.<br>Przy g\u0142\u00f3wnym wej\u015bciu do szko\u0142y b\u0119dzie sta\u0142o specjalnie oznaczone kartonowe pud\u0142o, do kt\u00f3rego prosimy wk\u0142ada\u0107 przyniesione dary (prosz\u0119 je podpisa\u0107 swoim imieniem i&nbsp;nazwiskiem, oraz klasa).<\/p>\n\n\n\n<p>Zach\u0119camy do w\u0142\u0105czenia si\u0119 w&nbsp;akcj\u0119!<\/p>\n\n\n\n<p class=\"has-text-align-right\">Organizatorzy:<br>Szkolne Ko\u0142o Wolontariatu JEDYNKA<br>Ma\u0142y i Du\u017cy Samorz\u0105d Szkolny<br>\u015awietlica Szkolna&nbsp;<\/p>\n","protected":false},"excerpt":{"rendered":"<p>Z okazji \u015awiatowego Dnia Zwierz\u0105t, kt\u00f3ry przypada 4&nbsp;pa\u017adziernika, w&nbsp;naszej szkole, od 27.09.2022 do 4.10.2022, odb\u0119dzie [&hellip;]<\/p>\n","protected":false},"author":13,"featured_media":23645,"comment_status":"closed","ping_status":"","sticky":false,"template":"","format":"standard","meta":{"footnotes":""},"categories":[1,163,23,25,170,18],"tags":[],"class_list":["post-23644","post","type-post","status-publish","format-standard","has-post-thumbnail","hentry","category-bez-kategorii","category-skw","category-charytatywne","category-swietlica","category-msu","category-samorzad-uczniowoski"],"_links":{"self":[{"href":"https:\/\/sp1.kielce.eu\/index.php\/wp-json\/wp\/v2\/posts\/23644","targetHints":{"allow":["GET"]}}],"collection":[{"href":"https:\/\/sp1.kielce.eu\/index.php\/wp-json\/wp\/v2\/posts"}],"about":[{"href":"https:\/\/sp1.kielce.eu\/index.php\/wp-json\/wp\/v2\/types\/post"}],"author":[{"embeddable":true,"href":"https:\/\/sp1.kielce.eu\/index.php\/wp-json\/wp\/v2\/users\/13"}],"replies":[{"embeddable":true,"href":"https:\/\/sp1.kielce.eu\/index.php\/wp-json\/wp\/v2\/comments?post=23644"}],"version-history":[{"count":1,"href":"https:\/\/sp1.kielce.eu\/index.php\/wp-json\/wp\/v2\/posts\/23644\/revisions"}],"predecessor-version":[{"id":23646,"href":"https:\/\/sp1.kielce.eu\/index.php\/wp-json\/wp\/v2\/posts\/23644\/revisions\/23646"}],"wp:featuredmedia":[{"embeddable":true,"href":"https:\/\/sp1.kielce.eu\/index.php\/wp-json\/wp\/v2\/media\/23645"}],"wp:attachment":[{"href":"https:\/\/sp1.kielce.eu\/index.php\/wp-json\/wp\/v2\/media?parent=23644"}],"wp:term":[{"taxonomy":"category","embeddable":true,"href":"https:\/\/sp1.kielce.eu\/index.php\/wp-json\/wp\/v2\/categories?post=23644"},{"taxonomy":"post_tag","embeddable":true,"href":"https:\/\/sp1.kielce.eu\/index.php\/wp-json\/wp\/v2\/tags?post=23644"}],"curies":[{"name":"wp","href":"https:\/\/api.w.org\/{rel}","templated":true}]}}