{"id":23529,"date":"2022-09-19T16:35:56","date_gmt":"2022-09-19T14:35:56","guid":{"rendered":"http:\/\/sp1.kielce.eu\/?p=23529"},"modified":"2022-09-19T16:37:45","modified_gmt":"2022-09-19T14:37:45","slug":"23529","status":"publish","type":"post","link":"https:\/\/sp1.kielce.eu\/index.php\/2022\/09\/19\/23529\/","title":{"rendered":"\u015awietlica wita wszystkie dzieci!"},"content":{"rendered":"\n<p>Serdecznie witamy wszystkie dzieci w&nbsp;nowym roku szkolnym. Cieszymy si\u0119, \u017ce codziennie do nas z&nbsp;ch\u0119ci\u0105 przychodzicie. Mamy nadziej\u0119, \u017ce najbli\u017csze miesi\u0105ce sp\u0119dzimy razem w&nbsp;mi\u0142ej atmosferze.<\/p>\n\n\n\n<p>Wychowawcy \u015bwietlicy<\/p>\n\n\n\n<figure class=\"wp-block-gallery has-nested-images columns-4 is-cropped wp-block-gallery-1 is-layout-flex wp-block-gallery-is-layout-flex\">\n<figure class=\"wp-block-image size-large\"><a href=\"http:\/\/sp1.kielce.eu\/wp-content\/uploads\/2022\/09\/20220910_161917-Copy.jpg\"><img loading=\"lazy\" decoding=\"async\" width=\"900\" height=\"900\" data-id=\"23540\" src=\"http:\/\/sp1.kielce.eu\/wp-content\/uploads\/2022\/09\/20220910_161917-Copy.jpg\" alt=\"\" class=\"wp-image-23540\" srcset=\"https:\/\/sp1.kielce.eu\/wp-content\/uploads\/2022\/09\/20220910_161917-Copy.jpg 900w, https:\/\/sp1.kielce.eu\/wp-content\/uploads\/2022\/09\/20220910_161917-Copy-300x300.jpg 300w, https:\/\/sp1.kielce.eu\/wp-content\/uploads\/2022\/09\/20220910_161917-Copy-150x150.jpg 150w, https:\/\/sp1.kielce.eu\/wp-content\/uploads\/2022\/09\/20220910_161917-Copy-768x768.jpg 768w, https:\/\/sp1.kielce.eu\/wp-content\/uploads\/2022\/09\/20220910_161917-Copy-820x820.jpg 820w\" sizes=\"auto, (max-width: 900px) 100vw, 900px\" \/><\/a><\/figure>\n\n\n\n<figure class=\"wp-block-image size-large\"><a href=\"http:\/\/sp1.kielce.eu\/wp-content\/uploads\/2022\/09\/20220910_162013-Copy.jpg\"><img loading=\"lazy\" decoding=\"async\" width=\"900\" height=\"900\" data-id=\"23541\" src=\"http:\/\/sp1.kielce.eu\/wp-content\/uploads\/2022\/09\/20220910_162013-Copy.jpg\" alt=\"\" class=\"wp-image-23541\" srcset=\"https:\/\/sp1.kielce.eu\/wp-content\/uploads\/2022\/09\/20220910_162013-Copy.jpg 900w, https:\/\/sp1.kielce.eu\/wp-content\/uploads\/2022\/09\/20220910_162013-Copy-300x300.jpg 300w, https:\/\/sp1.kielce.eu\/wp-content\/uploads\/2022\/09\/20220910_162013-Copy-150x150.jpg 150w, https:\/\/sp1.kielce.eu\/wp-content\/uploads\/2022\/09\/20220910_162013-Copy-768x768.jpg 768w, https:\/\/sp1.kielce.eu\/wp-content\/uploads\/2022\/09\/20220910_162013-Copy-820x820.jpg 820w\" sizes=\"auto, (max-width: 900px) 100vw, 900px\" \/><\/a><\/figure>\n\n\n\n<figure class=\"wp-block-image size-large\"><a href=\"http:\/\/sp1.kielce.eu\/wp-content\/uploads\/2022\/09\/20220910_162241-Copy.jpg\"><img loading=\"lazy\" decoding=\"async\" width=\"900\" height=\"900\" data-id=\"23538\" src=\"http:\/\/sp1.kielce.eu\/wp-content\/uploads\/2022\/09\/20220910_162241-Copy.jpg\" alt=\"\" class=\"wp-image-23538\" srcset=\"https:\/\/sp1.kielce.eu\/wp-content\/uploads\/2022\/09\/20220910_162241-Copy.jpg 900w, https:\/\/sp1.kielce.eu\/wp-content\/uploads\/2022\/09\/20220910_162241-Copy-300x300.jpg 300w, https:\/\/sp1.kielce.eu\/wp-content\/uploads\/2022\/09\/20220910_162241-Copy-150x150.jpg 150w, https:\/\/sp1.kielce.eu\/wp-content\/uploads\/2022\/09\/20220910_162241-Copy-768x768.jpg 768w, https:\/\/sp1.kielce.eu\/wp-content\/uploads\/2022\/09\/20220910_162241-Copy-820x820.jpg 820w\" sizes=\"auto, (max-width: 900px) 100vw, 900px\" \/><\/a><\/figure>\n\n\n\n<figure class=\"wp-block-image size-large\"><a href=\"http:\/\/sp1.kielce.eu\/wp-content\/uploads\/2022\/09\/20220910_162557-Copy.jpg\"><img loading=\"lazy\" decoding=\"async\" width=\"900\" height=\"900\" data-id=\"23539\" src=\"http:\/\/sp1.kielce.eu\/wp-content\/uploads\/2022\/09\/20220910_162557-Copy.jpg\" alt=\"\" class=\"wp-image-23539\" srcset=\"https:\/\/sp1.kielce.eu\/wp-content\/uploads\/2022\/09\/20220910_162557-Copy.jpg 900w, https:\/\/sp1.kielce.eu\/wp-content\/uploads\/2022\/09\/20220910_162557-Copy-300x300.jpg 300w, https:\/\/sp1.kielce.eu\/wp-content\/uploads\/2022\/09\/20220910_162557-Copy-150x150.jpg 150w, https:\/\/sp1.kielce.eu\/wp-content\/uploads\/2022\/09\/20220910_162557-Copy-768x768.jpg 768w, https:\/\/sp1.kielce.eu\/wp-content\/uploads\/2022\/09\/20220910_162557-Copy-820x820.jpg 820w\" sizes=\"auto, (max-width: 900px) 100vw, 900px\" \/><\/a><\/figure>\n<\/figure>\n\n\n\n<figure class=\"wp-block-gallery has-nested-images columns-default is-cropped wp-block-gallery-2 is-layout-flex wp-block-gallery-is-layout-flex\">\n\n\n\n\n\n<\/figure>\n","protected":false},"excerpt":{"rendered":"<p>Serdecznie witamy wszystkie dzieci w&nbsp;nowym roku szkolnym. Cieszymy si\u0119, \u017ce codziennie do nas z&nbsp;ch\u0119ci\u0105 przychodzicie. [&hellip;]<\/p>\n","protected":false},"author":13,"featured_media":23542,"comment_status":"closed","ping_status":"","sticky":false,"template":"","format":"standard","meta":{"footnotes":""},"categories":[25],"tags":[],"class_list":["post-23529","post","type-post","status-publish","format-standard","has-post-thumbnail","hentry","category-swietlica"],"_links":{"self":[{"href":"https:\/\/sp1.kielce.eu\/index.php\/wp-json\/wp\/v2\/posts\/23529","targetHints":{"allow":["GET"]}}],"collection":[{"href":"https:\/\/sp1.kielce.eu\/index.php\/wp-json\/wp\/v2\/posts"}],"about":[{"href":"https:\/\/sp1.kielce.eu\/index.php\/wp-json\/wp\/v2\/types\/post"}],"author":[{"embeddable":true,"href":"https:\/\/sp1.kielce.eu\/index.php\/wp-json\/wp\/v2\/users\/13"}],"replies":[{"embeddable":true,"href":"https:\/\/sp1.kielce.eu\/index.php\/wp-json\/wp\/v2\/comments?post=23529"}],"version-history":[{"count":3,"href":"https:\/\/sp1.kielce.eu\/index.php\/wp-json\/wp\/v2\/posts\/23529\/revisions"}],"predecessor-version":[{"id":23544,"href":"https:\/\/sp1.kielce.eu\/index.php\/wp-json\/wp\/v2\/posts\/23529\/revisions\/23544"}],"wp:featuredmedia":[{"embeddable":true,"href":"https:\/\/sp1.kielce.eu\/index.php\/wp-json\/wp\/v2\/media\/23542"}],"wp:attachment":[{"href":"https:\/\/sp1.kielce.eu\/index.php\/wp-json\/wp\/v2\/media?parent=23529"}],"wp:term":[{"taxonomy":"category","embeddable":true,"href":"https:\/\/sp1.kielce.eu\/index.php\/wp-json\/wp\/v2\/categories?post=23529"},{"taxonomy":"post_tag","embeddable":true,"href":"https:\/\/sp1.kielce.eu\/index.php\/wp-json\/wp\/v2\/tags?post=23529"}],"curies":[{"name":"wp","href":"https:\/\/api.w.org\/{rel}","templated":true}]}}