{"id":23454,"date":"2022-09-09T11:28:38","date_gmt":"2022-09-09T09:28:38","guid":{"rendered":"http:\/\/sp1.kielce.eu\/?p=23454"},"modified":"2022-09-09T11:28:38","modified_gmt":"2022-09-09T09:28:38","slug":"kieleccy-westerplatczycy-poczet-sztandarowy-2","status":"publish","type":"post","link":"https:\/\/sp1.kielce.eu\/index.php\/2022\/09\/09\/kieleccy-westerplatczycy-poczet-sztandarowy-2\/","title":{"rendered":"Kieleccy Westerplatczycy \u2013 Poczet Sztandarowy"},"content":{"rendered":"\n<p>Delegacja szko\u0142y Pocztu Sztandarowego wzi\u0119\u0142a udzia\u0142 7&nbsp;wrze\u015bnia 2022&nbsp;r w&nbsp;uroczysto\u015bci upami\u0119tniaj\u0105cych \u017co\u0142nierzy 4&nbsp;Pu\u0142ku Piechoty Legion\u00f3w wywodz\u0105cych si\u0119 z Kielecczyzny.<\/p>\n\n\n\n<p>Uroczysto\u015b\u0107&nbsp; rozpocz\u0119\u0142a&nbsp; Msza \u015bw. w intencji Ojczyzny i poleg\u0142ych \u017co\u0142nierzy o godzinie 11.00 w Bazylice Katedralnej Wniebowzi\u0119cia NMP w Kielcach pod przewodnictwem ks. bp. Mariana Florczyka. Nast\u0119pnie, o godz. 12.30 zebrali si\u0119 na placu przed Wojew\u00f3dzkim Domem Kultury w Kielcach.&nbsp; Wsp\u00f3lnie od\u015bpiewany zosta\u0142 hymn pa\u0144stwowy, Apel Pami\u0119ci, z\u0142o\u017cone zosta\u0142y kwiaty przed tablic\u0105 po\u015bwi\u0119con\u0105 westerplatczykom. O godzinie 13 w Kinie Fenomen mieszcz\u0105cym si\u0119 w gmachu WDK odby\u0142a si\u0119 premiera filmu pt. \u201eKieleckie Westerplatte\u201d. Seans poprzedzi prezentacja Jakuba Mularczyka z Referatu Edukacji Narodowej w Delegaturze IPN w Kielcach na temat los\u00f3w \u017co\u0142nierzy broni\u0105cych Westerplatte.<\/p>\n\n\n\n<p>Obchody by\u0142y z&nbsp;inicjatywy ks.&nbsp;bp.&nbsp;Florczyka powsta\u0142 Spo\u0142eczny Komitet \u201ePami\u0119tamy o&nbsp;Westerplatczykach\u201d w&nbsp;sk\u0142ad kt\u00f3rego weszli: Instytut Pami\u0119ci Narodowej Delegatura w&nbsp;Kielcach, Kuria Diecezjalna w&nbsp;Kielcach, Wojew\u00f3dzki Dom Kultury, Ochotnicze Hufce Pracy, 10&nbsp;\u015awi\u0119tokrzyska Brygada Obrony Terytorialnej, Marsza\u0142ek Wojew\u00f3dztwa \u015awi\u0119tokrzyskiego, Wojewoda \u015awi\u0119tokrzyski, Prezydent Miasta Kielce oraz \u015awi\u0119tokrzyskie Kuratorium O\u015bwiaty.<\/p>\n\n\n\n<p>Opiekunowie:<br>Marta Wi\u0119ckowska<br>Katarzyna Szostak<\/p>\n\n\n\n<figure class=\"wp-block-gallery has-nested-images columns-default is-cropped wp-block-gallery-1 is-layout-flex wp-block-gallery-is-layout-flex\">\n<figure class=\"wp-block-image size-large\"><a href=\"http:\/\/sp1.kielce.eu\/wp-content\/uploads\/2022\/09\/IMG_20220907_105125-Medium.jpg\"><img loading=\"lazy\" decoding=\"async\" width=\"768\" height=\"1024\" data-id=\"23455\" src=\"http:\/\/sp1.kielce.eu\/wp-content\/uploads\/2022\/09\/IMG_20220907_105125-Medium.jpg\" alt=\"\" class=\"wp-image-23455\" srcset=\"https:\/\/sp1.kielce.eu\/wp-content\/uploads\/2022\/09\/IMG_20220907_105125-Medium.jpg 768w, https:\/\/sp1.kielce.eu\/wp-content\/uploads\/2022\/09\/IMG_20220907_105125-Medium-225x300.jpg 225w, https:\/\/sp1.kielce.eu\/wp-content\/uploads\/2022\/09\/IMG_20220907_105125-Medium-675x900.jpg 675w\" sizes=\"auto, (max-width: 768px) 100vw, 768px\" \/><\/a><\/figure>\n\n\n\n<figure class=\"wp-block-image size-large\"><a href=\"http:\/\/sp1.kielce.eu\/wp-content\/uploads\/2022\/09\/IMG_20220907_105208-Medium.jpg\"><img loading=\"lazy\" decoding=\"async\" width=\"768\" height=\"1024\" data-id=\"23456\" src=\"http:\/\/sp1.kielce.eu\/wp-content\/uploads\/2022\/09\/IMG_20220907_105208-Medium.jpg\" alt=\"\" class=\"wp-image-23456\" srcset=\"https:\/\/sp1.kielce.eu\/wp-content\/uploads\/2022\/09\/IMG_20220907_105208-Medium.jpg 768w, https:\/\/sp1.kielce.eu\/wp-content\/uploads\/2022\/09\/IMG_20220907_105208-Medium-225x300.jpg 225w, https:\/\/sp1.kielce.eu\/wp-content\/uploads\/2022\/09\/IMG_20220907_105208-Medium-675x900.jpg 675w\" sizes=\"auto, (max-width: 768px) 100vw, 768px\" \/><\/a><\/figure>\n\n\n\n<figure class=\"wp-block-image size-large\"><a href=\"http:\/\/sp1.kielce.eu\/wp-content\/uploads\/2022\/09\/IMG_20220907_105336-Medium.jpg\"><img loading=\"lazy\" decoding=\"async\" width=\"1024\" height=\"768\" data-id=\"23457\" src=\"http:\/\/sp1.kielce.eu\/wp-content\/uploads\/2022\/09\/IMG_20220907_105336-Medium.jpg\" alt=\"\" class=\"wp-image-23457\" srcset=\"https:\/\/sp1.kielce.eu\/wp-content\/uploads\/2022\/09\/IMG_20220907_105336-Medium.jpg 1024w, https:\/\/sp1.kielce.eu\/wp-content\/uploads\/2022\/09\/IMG_20220907_105336-Medium-300x225.jpg 300w, https:\/\/sp1.kielce.eu\/wp-content\/uploads\/2022\/09\/IMG_20220907_105336-Medium-768x576.jpg 768w, https:\/\/sp1.kielce.eu\/wp-content\/uploads\/2022\/09\/IMG_20220907_105336-Medium-820x615.jpg 820w\" sizes=\"auto, (max-width: 1024px) 100vw, 1024px\" \/><\/a><\/figure>\n\n\n\n<figure class=\"wp-block-image size-large\"><a href=\"http:\/\/sp1.kielce.eu\/wp-content\/uploads\/2022\/09\/IMG_20220907_105342-scaled.jpg\"><img loading=\"lazy\" decoding=\"async\" width=\"2560\" height=\"1920\" data-id=\"23458\" src=\"http:\/\/sp1.kielce.eu\/wp-content\/uploads\/2022\/09\/IMG_20220907_105342-scaled.jpg\" alt=\"\" class=\"wp-image-23458\" srcset=\"https:\/\/sp1.kielce.eu\/wp-content\/uploads\/2022\/09\/IMG_20220907_105342-scaled.jpg 2560w, https:\/\/sp1.kielce.eu\/wp-content\/uploads\/2022\/09\/IMG_20220907_105342-300x225.jpg 300w, https:\/\/sp1.kielce.eu\/wp-content\/uploads\/2022\/09\/IMG_20220907_105342-1200x900.jpg 1200w, https:\/\/sp1.kielce.eu\/wp-content\/uploads\/2022\/09\/IMG_20220907_105342-768x576.jpg 768w, https:\/\/sp1.kielce.eu\/wp-content\/uploads\/2022\/09\/IMG_20220907_105342-1536x1152.jpg 1536w, https:\/\/sp1.kielce.eu\/wp-content\/uploads\/2022\/09\/IMG_20220907_105342-2048x1536.jpg 2048w, https:\/\/sp1.kielce.eu\/wp-content\/uploads\/2022\/09\/IMG_20220907_105342-820x615.jpg 820w\" sizes=\"auto, (max-width: 2560px) 100vw, 2560px\" \/><\/a><\/figure>\n\n\n\n<figure class=\"wp-block-image size-large\"><a href=\"http:\/\/sp1.kielce.eu\/wp-content\/uploads\/2022\/09\/IMG_20220907_110144-Medium.jpg\"><img loading=\"lazy\" decoding=\"async\" width=\"768\" height=\"1024\" data-id=\"23459\" src=\"http:\/\/sp1.kielce.eu\/wp-content\/uploads\/2022\/09\/IMG_20220907_110144-Medium.jpg\" alt=\"\" class=\"wp-image-23459\" srcset=\"https:\/\/sp1.kielce.eu\/wp-content\/uploads\/2022\/09\/IMG_20220907_110144-Medium.jpg 768w, https:\/\/sp1.kielce.eu\/wp-content\/uploads\/2022\/09\/IMG_20220907_110144-Medium-225x300.jpg 225w, https:\/\/sp1.kielce.eu\/wp-content\/uploads\/2022\/09\/IMG_20220907_110144-Medium-675x900.jpg 675w\" sizes=\"auto, (max-width: 768px) 100vw, 768px\" \/><\/a><\/figure>\n\n\n\n<figure class=\"wp-block-image size-large\"><a href=\"http:\/\/sp1.kielce.eu\/wp-content\/uploads\/2022\/09\/IMG_20220907_121708-Medium.jpg\"><img loading=\"lazy\" decoding=\"async\" width=\"768\" height=\"1024\" data-id=\"23460\" src=\"http:\/\/sp1.kielce.eu\/wp-content\/uploads\/2022\/09\/IMG_20220907_121708-Medium.jpg\" alt=\"\" class=\"wp-image-23460\" srcset=\"https:\/\/sp1.kielce.eu\/wp-content\/uploads\/2022\/09\/IMG_20220907_121708-Medium.jpg 768w, https:\/\/sp1.kielce.eu\/wp-content\/uploads\/2022\/09\/IMG_20220907_121708-Medium-225x300.jpg 225w, https:\/\/sp1.kielce.eu\/wp-content\/uploads\/2022\/09\/IMG_20220907_121708-Medium-675x900.jpg 675w\" sizes=\"auto, (max-width: 768px) 100vw, 768px\" \/><\/a><\/figure>\n\n\n\n<figure class=\"wp-block-image size-large\"><a href=\"http:\/\/sp1.kielce.eu\/wp-content\/uploads\/2022\/09\/IMG_20220907_123620-Medium.jpg\"><img loading=\"lazy\" decoding=\"async\" width=\"768\" height=\"1024\" data-id=\"23461\" src=\"http:\/\/sp1.kielce.eu\/wp-content\/uploads\/2022\/09\/IMG_20220907_123620-Medium.jpg\" alt=\"\" class=\"wp-image-23461\" srcset=\"https:\/\/sp1.kielce.eu\/wp-content\/uploads\/2022\/09\/IMG_20220907_123620-Medium.jpg 768w, https:\/\/sp1.kielce.eu\/wp-content\/uploads\/2022\/09\/IMG_20220907_123620-Medium-225x300.jpg 225w, https:\/\/sp1.kielce.eu\/wp-content\/uploads\/2022\/09\/IMG_20220907_123620-Medium-675x900.jpg 675w\" sizes=\"auto, (max-width: 768px) 100vw, 768px\" \/><\/a><\/figure>\n<\/figure>\n","protected":false},"excerpt":{"rendered":"<p>Delegacja szko\u0142y Pocztu Sztandarowego wzi\u0119\u0142a udzia\u0142 7&nbsp;wrze\u015bnia 2022&nbsp;r w&nbsp;uroczysto\u015bci upami\u0119tniaj\u0105cych \u017co\u0142nierzy 4&nbsp;Pu\u0142ku Piechoty Legion\u00f3w wywodz\u0105cych [&hellip;]<\/p>\n","protected":false},"author":5,"featured_media":23455,"comment_status":"closed","ping_status":"","sticky":false,"template":"","format":"standard","meta":{"footnotes":""},"categories":[36,192],"tags":[],"class_list":["post-23454","post","type-post","status-publish","format-standard","has-post-thumbnail","hentry","category-wydarzenia","category-poczet"],"_links":{"self":[{"href":"https:\/\/sp1.kielce.eu\/index.php\/wp-json\/wp\/v2\/posts\/23454","targetHints":{"allow":["GET"]}}],"collection":[{"href":"https:\/\/sp1.kielce.eu\/index.php\/wp-json\/wp\/v2\/posts"}],"about":[{"href":"https:\/\/sp1.kielce.eu\/index.php\/wp-json\/wp\/v2\/types\/post"}],"author":[{"embeddable":true,"href":"https:\/\/sp1.kielce.eu\/index.php\/wp-json\/wp\/v2\/users\/5"}],"replies":[{"embeddable":true,"href":"https:\/\/sp1.kielce.eu\/index.php\/wp-json\/wp\/v2\/comments?post=23454"}],"version-history":[{"count":1,"href":"https:\/\/sp1.kielce.eu\/index.php\/wp-json\/wp\/v2\/posts\/23454\/revisions"}],"predecessor-version":[{"id":23462,"href":"https:\/\/sp1.kielce.eu\/index.php\/wp-json\/wp\/v2\/posts\/23454\/revisions\/23462"}],"wp:featuredmedia":[{"embeddable":true,"href":"https:\/\/sp1.kielce.eu\/index.php\/wp-json\/wp\/v2\/media\/23455"}],"wp:attachment":[{"href":"https:\/\/sp1.kielce.eu\/index.php\/wp-json\/wp\/v2\/media?parent=23454"}],"wp:term":[{"taxonomy":"category","embeddable":true,"href":"https:\/\/sp1.kielce.eu\/index.php\/wp-json\/wp\/v2\/categories?post=23454"},{"taxonomy":"post_tag","embeddable":true,"href":"https:\/\/sp1.kielce.eu\/index.php\/wp-json\/wp\/v2\/tags?post=23454"}],"curies":[{"name":"wp","href":"https:\/\/api.w.org\/{rel}","templated":true}]}}