{"id":23244,"date":"2022-06-23T09:36:06","date_gmt":"2022-06-23T07:36:06","guid":{"rendered":"http:\/\/sp1.kielce.eu\/?p=23244"},"modified":"2022-06-23T09:36:06","modified_gmt":"2022-06-23T07:36:06","slug":"wycieczka-kl-4a-do-lodzi","status":"publish","type":"post","link":"https:\/\/sp1.kielce.eu\/index.php\/2022\/06\/23\/wycieczka-kl-4a-do-lodzi\/","title":{"rendered":"Wycieczka kl 4A do \u0141odzi"},"content":{"rendered":"\n<p>22 czerwca klasa 4A wybra\u0142a si\u0119 na wycieczk\u0119 do \u0141odzi. W planie mieli\u015bmy zwiedzanie Orientarium w \u0142\u00f3dzkim ogrodzie zoologiczny, gdzie podziwiali\u015bmy wspania\u0142e okazy flory i fauny z ca\u0142ego \u015bwiata. Nast\u0119pnie udali\u015bmy si\u0119 na spacer najs\u0142ynniejsz\u0105 \u0142\u00f3dzk\u0105 ulic\u0105 Piotrkowsk\u0105 gdzie zatrzymywali\u015bmy si\u0119 przy pomnikach polskich bajek. Na koniec zwiedzili\u015bmy \u0142\u00f3dzk\u0105 Manufaktur\u0119, czyli star\u0105 fabryk\u0119, kt\u00f3ra zosta\u0142a zrewitalizowana na centrum handlowo rozrywkowe. Zapraszamy do obejrzenia kr\u00f3tkiej wideo relacji.<\/p>\n\n\n\n<p>Piotr Surma<\/p>\n\n\n\n<p>Grzegorz Ko\u0142oma\u0144ski<\/p>\n\n\n\n<figure class=\"wp-block-embed is-type-video is-provider-youtube wp-block-embed-youtube wp-embed-aspect-16-9 wp-has-aspect-ratio\"><div class=\"wp-block-embed__wrapper\">\n<iframe loading=\"lazy\" title=\"Wycieczka kl 4A do \u0141odzi\" width=\"1160\" height=\"653\" src=\"https:\/\/www.youtube.com\/embed\/afKIwGuj8lo?feature=oembed\" frameborder=\"0\" allow=\"accelerometer; autoplay; clipboard-write; encrypted-media; gyroscope; picture-in-picture\" allowfullscreen><\/iframe>\n<\/div><\/figure>\n","protected":false},"excerpt":{"rendered":"<p>22 czerwca klasa 4A wybra\u0142a si\u0119 na wycieczk\u0119 do \u0141odzi. W planie mieli\u015bmy zwiedzanie Orientarium [&hellip;]<\/p>\n","protected":false},"author":5,"featured_media":23245,"comment_status":"closed","ping_status":"","sticky":false,"template":"","format":"standard","meta":{"footnotes":""},"categories":[36],"tags":[],"class_list":["post-23244","post","type-post","status-publish","format-standard","has-post-thumbnail","hentry","category-wydarzenia"],"_links":{"self":[{"href":"https:\/\/sp1.kielce.eu\/index.php\/wp-json\/wp\/v2\/posts\/23244","targetHints":{"allow":["GET"]}}],"collection":[{"href":"https:\/\/sp1.kielce.eu\/index.php\/wp-json\/wp\/v2\/posts"}],"about":[{"href":"https:\/\/sp1.kielce.eu\/index.php\/wp-json\/wp\/v2\/types\/post"}],"author":[{"embeddable":true,"href":"https:\/\/sp1.kielce.eu\/index.php\/wp-json\/wp\/v2\/users\/5"}],"replies":[{"embeddable":true,"href":"https:\/\/sp1.kielce.eu\/index.php\/wp-json\/wp\/v2\/comments?post=23244"}],"version-history":[{"count":1,"href":"https:\/\/sp1.kielce.eu\/index.php\/wp-json\/wp\/v2\/posts\/23244\/revisions"}],"predecessor-version":[{"id":23246,"href":"https:\/\/sp1.kielce.eu\/index.php\/wp-json\/wp\/v2\/posts\/23244\/revisions\/23246"}],"wp:featuredmedia":[{"embeddable":true,"href":"https:\/\/sp1.kielce.eu\/index.php\/wp-json\/wp\/v2\/media\/23245"}],"wp:attachment":[{"href":"https:\/\/sp1.kielce.eu\/index.php\/wp-json\/wp\/v2\/media?parent=23244"}],"wp:term":[{"taxonomy":"category","embeddable":true,"href":"https:\/\/sp1.kielce.eu\/index.php\/wp-json\/wp\/v2\/categories?post=23244"},{"taxonomy":"post_tag","embeddable":true,"href":"https:\/\/sp1.kielce.eu\/index.php\/wp-json\/wp\/v2\/tags?post=23244"}],"curies":[{"name":"wp","href":"https:\/\/api.w.org\/{rel}","templated":true}]}}