{"id":23241,"date":"2022-06-23T09:22:40","date_gmt":"2022-06-23T07:22:40","guid":{"rendered":"http:\/\/sp1.kielce.eu\/?p=23241"},"modified":"2022-06-23T09:22:40","modified_gmt":"2022-06-23T07:22:40","slug":"zyj-zdrowo-gesund-leben","status":"publish","type":"post","link":"https:\/\/sp1.kielce.eu\/index.php\/2022\/06\/23\/zyj-zdrowo-gesund-leben\/","title":{"rendered":"\u017byj zdrowo! Gesund leben!"},"content":{"rendered":"\n<p>W ramach akcji promuj\u0105cej zdrowy styl \u017cycia uczniowie klasy 8a na lekcji j\u0119zyka niemieckiego\u2010&nbsp;wsp\u00f3lnie tworzyli zasady zdrowego stylu&nbsp;\u017cycia, zach\u0119caj\u0105c si\u0119 wzajemnie do aktywnego sp\u0119dzania czasu wolnego.<\/p>\n\n\n\n<p>&nbsp;W swoich pracach ( w formie plakatu lub prezentacji multimedialnych) skupili si\u0119 na dw\u00f3ch aspektach:<\/p>\n\n\n\n<p>&nbsp;<strong>&nbsp; 1\/ Was&nbsp;schadet&nbsp;der&nbsp;Gesundheit? &#8211; Co szkodzi zdrowiu?&nbsp;<\/strong><\/p>\n\n\n\n<p>a\/ Stress \/stres\/<\/p>\n\n\n\n<p>b\/ L\u00e4rm \/ha\u0142as\/<\/p>\n\n\n\n<p>c\/ zu wenig Bewegung \/zbyt ma\u0142o ruchu\/<\/p>\n\n\n\n<p>d\/ zu wenig Schlaf \/za ma\u0142o snu\/<\/p>\n\n\n\n<p>e\/ Zigaretten rauchen \/palenie papieros\u00f3w\/<\/p>\n\n\n\n<p>f\/ Alkohol trinken \/picie alkoholu\/<\/p>\n\n\n\n<p>g\/ Fastfood essen \/jedzenie typu fast food\/<\/p>\n\n\n\n<p>h\/ eine strenge Di\u00e4t machen \/zbyt rygorystyczna dieta\/<\/p>\n\n\n\n<p>&nbsp;&nbsp; <strong>2\/ Was&nbsp;tust&nbsp;du&nbsp;f\u00fcr&nbsp;deine&nbsp;Gesundheit? &#8211; Co czynisz, aby by\u0107 zdrowym?<\/strong><\/p>\n\n\n\n<p>a\/ Sport treiben \/uprawianie sportu\/<\/p>\n\n\n\n<p>b\/ gesund essen \/z.B. Viel Obst und Gem\u00fcse essen\/ \/zdrowe jedzenie, du\u017co owoc\u00f3w i warzyw\/<\/p>\n\n\n\n<p>c\/ genug schlafen \/ wystarczaj\u0105co du\u017co snu\/<\/p>\n\n\n\n<p>d\/ sich mit Freunden treffen \/\u017cycie towarzyskie\/<\/p>\n\n\n\n<p>e\/ viel lachen \/\u015bmiech\/<\/p>\n\n\n\n<p>f\/ \u00fcber Gef\u00fchle sprechen \/m\u00f3wienie o uczuciach\/<\/p>\n\n\n\n<p>g\/ sich genug erholen \/du\u017co odpoczywac\/<\/p>\n\n\n\n<p>f\/ Natur genie\u00dfen &nbsp;\/podziwia\u0107 natur\u0119\/<\/p>\n\n\n\n<p>Poni\u017cej zamieszczamy linki do najciekawszych prac uczni\u00f3w.<\/p>\n\n\n\n<p>Alina Dziopa<\/p>\n\n\n\n<p><a href=\"https:\/\/sp1kielce-my.sharepoint.com\/:p:\/g\/personal\/mlukasik5_e-sp1_kielce_eu\/EWnZ3fyvTa1GmxzW1nGlw9kBsNn2_yXzaLp5vmjLGgRhaQ\">https:\/\/sp1kielce-my.sharepoint.com\/:p:\/g\/personal\/mlukasik5_e-sp1_kielce_eu\/EWnZ3fyvTa1GmxzW1nGlw9kBsNn2_yXzaLp5vmjLGgRhaQ<\/a><\/p>\n\n\n\n<p><a href=\"https:\/\/1drv.ms\/p\/s!AlIQVeADCnJejHh1XpzXYpR_yvDg?e=RH0SED\">https:\/\/1drv.ms\/p\/s!AlIQVeADCnJejHh1XpzXYpR_yvDg?e=RH0SED<\/a><\/p>\n\n\n\n<p><a href=\"https:\/\/sp1kielce-my.sharepoint.com\/:b:\/g\/personal\/btaborski_e-sp1_kielce_eu\/EY94nYFn6WVBmOoDKQxqq48BJpZKThXVYdxe3J8R5lZXVw\">https:\/\/sp1kielce-my.sharepoint.com\/:b:\/g\/personal\/btaborski_e-sp1_kielce_eu\/EY94nYFn6WVBmOoDKQxqq48BJpZKThXVYdxe3J8R5lZXVw<\/a><\/p>\n\n\n\n<p><a href=\"https:\/\/sp1kielce-my.sharepoint.com\/:b:\/g\/personal\/kmadzik_e-sp1_kielce_eu\/EfBY7wZN_mtEudpwezxZ1JsBcKm-To2QiaIpEevil9HHoQ\">https:\/\/sp1kielce-my.sharepoint.com\/:b:\/g\/personal\/kmadzik_e-sp1_kielce_eu\/EfBY7wZN_mtEudpwezxZ1JsBcKm-To2QiaIpEevil9HHoQ<\/a><\/p>\n\n\n\n<figure class=\"wp-block-gallery has-nested-images columns-default is-cropped wp-block-gallery-1 is-layout-flex wp-block-gallery-is-layout-flex\">\n<figure class=\"wp-block-image size-large\"><a href=\"http:\/\/sp1.kielce.eu\/wp-content\/uploads\/2022\/06\/20220622_210851-scaled.jpg\"><img loading=\"lazy\" decoding=\"async\" width=\"1200\" height=\"900\" data-id=\"23242\" src=\"http:\/\/sp1.kielce.eu\/wp-content\/uploads\/2022\/06\/20220622_210851-1200x900.jpg\" alt=\"\" class=\"wp-image-23242\" srcset=\"https:\/\/sp1.kielce.eu\/wp-content\/uploads\/2022\/06\/20220622_210851-1200x900.jpg 1200w, https:\/\/sp1.kielce.eu\/wp-content\/uploads\/2022\/06\/20220622_210851-300x225.jpg 300w, https:\/\/sp1.kielce.eu\/wp-content\/uploads\/2022\/06\/20220622_210851-768x576.jpg 768w, https:\/\/sp1.kielce.eu\/wp-content\/uploads\/2022\/06\/20220622_210851-1536x1152.jpg 1536w, https:\/\/sp1.kielce.eu\/wp-content\/uploads\/2022\/06\/20220622_210851-2048x1536.jpg 2048w, https:\/\/sp1.kielce.eu\/wp-content\/uploads\/2022\/06\/20220622_210851-820x615.jpg 820w\" sizes=\"auto, (max-width: 1200px) 100vw, 1200px\" \/><\/a><\/figure>\n<\/figure>\n","protected":false},"excerpt":{"rendered":"<p>W ramach akcji promuj\u0105cej zdrowy styl \u017cycia uczniowie klasy 8a na lekcji j\u0119zyka niemieckiego\u2010&nbsp;wsp\u00f3lnie tworzyli [&hellip;]<\/p>\n","protected":false},"author":5,"featured_media":23242,"comment_status":"closed","ping_status":"","sticky":false,"template":"","format":"standard","meta":{"footnotes":""},"categories":[36,24],"tags":[],"class_list":["post-23241","post","type-post","status-publish","format-standard","has-post-thumbnail","hentry","category-wydarzenia","category-zdrowie"],"_links":{"self":[{"href":"https:\/\/sp1.kielce.eu\/index.php\/wp-json\/wp\/v2\/posts\/23241","targetHints":{"allow":["GET"]}}],"collection":[{"href":"https:\/\/sp1.kielce.eu\/index.php\/wp-json\/wp\/v2\/posts"}],"about":[{"href":"https:\/\/sp1.kielce.eu\/index.php\/wp-json\/wp\/v2\/types\/post"}],"author":[{"embeddable":true,"href":"https:\/\/sp1.kielce.eu\/index.php\/wp-json\/wp\/v2\/users\/5"}],"replies":[{"embeddable":true,"href":"https:\/\/sp1.kielce.eu\/index.php\/wp-json\/wp\/v2\/comments?post=23241"}],"version-history":[{"count":1,"href":"https:\/\/sp1.kielce.eu\/index.php\/wp-json\/wp\/v2\/posts\/23241\/revisions"}],"predecessor-version":[{"id":23243,"href":"https:\/\/sp1.kielce.eu\/index.php\/wp-json\/wp\/v2\/posts\/23241\/revisions\/23243"}],"wp:featuredmedia":[{"embeddable":true,"href":"https:\/\/sp1.kielce.eu\/index.php\/wp-json\/wp\/v2\/media\/23242"}],"wp:attachment":[{"href":"https:\/\/sp1.kielce.eu\/index.php\/wp-json\/wp\/v2\/media?parent=23241"}],"wp:term":[{"taxonomy":"category","embeddable":true,"href":"https:\/\/sp1.kielce.eu\/index.php\/wp-json\/wp\/v2\/categories?post=23241"},{"taxonomy":"post_tag","embeddable":true,"href":"https:\/\/sp1.kielce.eu\/index.php\/wp-json\/wp\/v2\/tags?post=23241"}],"curies":[{"name":"wp","href":"https:\/\/api.w.org\/{rel}","templated":true}]}}