{"id":2321,"date":"2017-06-06T00:30:16","date_gmt":"2017-06-05T22:30:16","guid":{"rendered":"http:\/\/sp1.kielce.eu\/?p=2321"},"modified":"2017-06-06T10:30:40","modified_gmt":"2017-06-06T08:30:40","slug":"wizyta-kl-6a-i-6d","status":"publish","type":"post","link":"https:\/\/sp1.kielce.eu\/index.php\/2017\/06\/06\/wizyta-kl-6a-i-6d\/","title":{"rendered":"Wizyta kl. 6a i 6d w teatrze na spektaklu &#8222;Cyrograf&#8221;"},"content":{"rendered":"<p>W dniu 2 czerwca klasy pi\u0105te oraz 6a i 6d wraz ze swoimi wychowawcami wybra\u0142y si\u0119 do Teatru im. Stefana \u017beromskiego w Kielcach na spektakl. pt. ,,Cyrograf\u201d na kanwie legend \u015bwi\u0119tokrzyskich.<\/p>\n<p>,,Oparty na \u015bredniowiecznych podaniach rodem z G\u00f3r \u015awi\u0119tokrzyskich, kt\u00f3re od stuleci inspirowa\u0142y autor\u00f3w ba\u015bni i legend, jest \u201eCyrograf\u201d spektaklem w swej istocie magicznym. Odkrywa bowiem przed Widzem pierwotn\u0105 istot\u0119 ba\u015bni i daje warto\u015bci moralne\u201d<br \/>\n\/https:\/\/teatrzeromskiego.pl\/spektakle\/cyrograf-na-kanwie-legend-swietokrzyskich#opis\/<\/p>\n<p>To by\u0142a dla uczni\u00f3w nie tylko cenna lekcja wiedzy o teatrze, ale tak\u017ce o w\u0142asnym regionie.<\/p>\n<p style=\"text-align: right;\">Dorota Broni\u015b<\/p>\n<div id='gallery-1' class='gallery galleryid-2321 gallery-columns-3 gallery-size-thumbnail'><figure class='gallery-item'>\n\t\t\t<div class='gallery-icon landscape'>\n\t\t\t\t<a href='https:\/\/sp1.kielce.eu\/wp-content\/uploads\/2017\/06\/SAM_1998-Medium.jpg'><img loading=\"lazy\" decoding=\"async\" width=\"150\" height=\"150\" src=\"https:\/\/sp1.kielce.eu\/wp-content\/uploads\/2017\/06\/SAM_1998-Medium-150x150.jpg\" class=\"attachment-thumbnail size-thumbnail\" alt=\"\" aria-describedby=\"gallery-1-2326\" \/><\/a>\n\t\t\t<\/div>\n\t\t\t\t<figcaption class='wp-caption-text gallery-caption' id='gallery-1-2326'>\n\t\t\t\t02\n\t\t\t\t<\/figcaption><\/figure><figure class='gallery-item'>\n\t\t\t<div class='gallery-icon portrait'>\n\t\t\t\t<a href='https:\/\/sp1.kielce.eu\/wp-content\/uploads\/2017\/06\/SAM_1999-Medium.jpg'><img loading=\"lazy\" decoding=\"async\" width=\"150\" height=\"150\" src=\"https:\/\/sp1.kielce.eu\/wp-content\/uploads\/2017\/06\/SAM_1999-Medium-150x150.jpg\" class=\"attachment-thumbnail size-thumbnail\" alt=\"\" aria-describedby=\"gallery-1-2327\" \/><\/a>\n\t\t\t<\/div>\n\t\t\t\t<figcaption class='wp-caption-text gallery-caption' id='gallery-1-2327'>\n\t\t\t\t03\n\t\t\t\t<\/figcaption><\/figure><figure class='gallery-item'>\n\t\t\t<div class='gallery-icon landscape'>\n\t\t\t\t<a href='https:\/\/sp1.kielce.eu\/wp-content\/uploads\/2017\/06\/SAM_1995-3-Medium.jpg'><img loading=\"lazy\" decoding=\"async\" width=\"150\" height=\"150\" src=\"https:\/\/sp1.kielce.eu\/wp-content\/uploads\/2017\/06\/SAM_1995-3-Medium-150x150.jpg\" class=\"attachment-thumbnail size-thumbnail\" alt=\"\" aria-describedby=\"gallery-1-2325\" \/><\/a>\n\t\t\t<\/div>\n\t\t\t\t<figcaption class='wp-caption-text gallery-caption' id='gallery-1-2325'>\n\t\t\t\t01\n\t\t\t\t<\/figcaption><\/figure>\n\t\t<\/div>\n\n","protected":false},"excerpt":{"rendered":"<p>W dniu 2 czerwca klasy pi\u0105te oraz 6a i 6d wraz ze swoimi wychowawcami wybra\u0142y [&hellip;]<\/p>\n","protected":false},"author":5,"featured_media":2325,"comment_status":"closed","ping_status":"open","sticky":false,"template":"","format":"standard","meta":{"footnotes":""},"categories":[36,3],"tags":[],"class_list":["post-2321","post","type-post","status-publish","format-standard","has-post-thumbnail","hentry","category-wydarzenia","category-wycieczki"],"_links":{"self":[{"href":"https:\/\/sp1.kielce.eu\/index.php\/wp-json\/wp\/v2\/posts\/2321","targetHints":{"allow":["GET"]}}],"collection":[{"href":"https:\/\/sp1.kielce.eu\/index.php\/wp-json\/wp\/v2\/posts"}],"about":[{"href":"https:\/\/sp1.kielce.eu\/index.php\/wp-json\/wp\/v2\/types\/post"}],"author":[{"embeddable":true,"href":"https:\/\/sp1.kielce.eu\/index.php\/wp-json\/wp\/v2\/users\/5"}],"replies":[{"embeddable":true,"href":"https:\/\/sp1.kielce.eu\/index.php\/wp-json\/wp\/v2\/comments?post=2321"}],"version-history":[{"count":3,"href":"https:\/\/sp1.kielce.eu\/index.php\/wp-json\/wp\/v2\/posts\/2321\/revisions"}],"predecessor-version":[{"id":2339,"href":"https:\/\/sp1.kielce.eu\/index.php\/wp-json\/wp\/v2\/posts\/2321\/revisions\/2339"}],"wp:featuredmedia":[{"embeddable":true,"href":"https:\/\/sp1.kielce.eu\/index.php\/wp-json\/wp\/v2\/media\/2325"}],"wp:attachment":[{"href":"https:\/\/sp1.kielce.eu\/index.php\/wp-json\/wp\/v2\/media?parent=2321"}],"wp:term":[{"taxonomy":"category","embeddable":true,"href":"https:\/\/sp1.kielce.eu\/index.php\/wp-json\/wp\/v2\/categories?post=2321"},{"taxonomy":"post_tag","embeddable":true,"href":"https:\/\/sp1.kielce.eu\/index.php\/wp-json\/wp\/v2\/tags?post=2321"}],"curies":[{"name":"wp","href":"https:\/\/api.w.org\/{rel}","templated":true}]}}