{"id":22942,"date":"2022-06-10T10:19:06","date_gmt":"2022-06-10T08:19:06","guid":{"rendered":"http:\/\/sp1.kielce.eu\/?p=22942"},"modified":"2022-06-10T10:22:15","modified_gmt":"2022-06-10T08:22:15","slug":"swietokrzyscy-pasjonaci-historii-w-jedynce","status":"publish","type":"post","link":"https:\/\/sp1.kielce.eu\/index.php\/2022\/06\/10\/swietokrzyscy-pasjonaci-historii-w-jedynce\/","title":{"rendered":"\u015awi\u0119tokrzyscy Pasjonaci Historii w Jedynce"},"content":{"rendered":"\n<p>W bie\u017c\u0105cym roku szkolnym nasza szko\u0142a uczestniczy\u0142a w Projekcje &nbsp;\u201e\u015awi\u0119tokrzyscy Pasjonaci Historii \u2013 szko\u0142a dawniej i dzisiaj\u201d.<\/p>\n\n\n\n<p>Celem projektu by\u0142o poszerzenie wiedzy, wzrost zainteresowania histori\u0105 regionu w kontek\u015bcie historii Polski i historii powszechnej oraz aktywizacja uczni\u00f3w klas IV\u2013VIII szk\u00f3\u0142 podstawowych wojew\u00f3dztwa \u015bwi\u0119tokrzyskiego zw\u0142aszcza w czasie po pandemii, a tak\u017ce realizacja podstawy programowej kszta\u0142cenia og\u00f3lnego oraz priorytet\u00f3w Ministerstwa Edukacji i Nauki.<\/p>\n\n\n\n<p>Projekt trwa\u0142 od pa\u017adziernika 2021 roku do maja 2022 r.<\/p>\n\n\n\n<p>W ramach przedsi\u0119wzi\u0119cia poszerzyli\u015bmy wiedz\u0119 na temat:<\/p>\n\n\n\n<ul class=\"wp-block-list\"><li>szko\u0142a w r\u00f3\u017cnych epokach i krajach; jak zrobi\u0107 dobr\u0105 infografik\u0119?;<\/li><li>\u015bwi\u0119tokrzyska szko\u0142a, historia naszej szko\u0142y;<\/li><li>szko\u0142a ze wspomnie\u0144 babci i dziadka; \u017cycie codzienne w szkole PRL; jak ciekawie prowadzi\u0107 wywiad?;<\/li><li>patron szko\u0142y; jak pracowa\u0107 wychowawczo z patronem?;<\/li><li>podobie\u0144stwa i r\u00f3\u017cnice w edukacji w r\u00f3\u017cnych krajach; perspektywa rozwoju edukacji w przysz\u0142o\u015bci.<\/li><\/ul>\n\n\n\n<p>Uczniowie pod opiek\u0105p. Katarzyny Szostak wykonali plakaty na temat \u201eSzko\u0142a dawniej i dzi\u015b\u201d, przeprowadzili wywiady pt: \u201eSzko\u0142a mojej babci\u201d &nbsp;oraz opracowali film promuj\u0105cy nasz\u0105 szko\u0142\u0119.<\/p>\n\n\n\n<p>27 maja 2022 roku odby\u0142a si\u0119 w \u015aCDN w Kielcach Konferencja Podsumowuj\u0105ca projekt. Otrzymali\u015bmy Certyfikat i tytu\u0142: \u201e\u015awi\u0119tokrzyscy Pasjonaci Historii- szko\u0142a dawniej i dzisiaj\u201d.<\/p>\n\n\n\n<p><strong>Wi\u0119cej informacji na ten temat oraz zdj\u0119cia mo\u017cna znale\u017a\u0107 pod linkami:<\/strong><\/p>\n\n\n\n<p><a href=\"https:\/\/www.facebook.com\/scdnwkielcach\/posts\/1080548855868500\">https:\/\/www.facebook.com\/scdnwkielcach\/posts\/1080548855868500<\/a><\/p>\n\n\n\n<p><a href=\"https:\/\/www.scdn.pl\/projekty\/projekty-krajowe\/815-projekt-swietokrzyscy-pasjonaci-historii-szkola-dawniej-i-dzisiaj\">https:\/\/www.scdn.pl\/projekty\/projekty-krajowe\/815-projekt-swietokrzyscy-pasjonaci-historii-szkola-dawniej-i-dzisiaj<\/a><\/p>\n\n\n\n<p><a href=\"https:\/\/sp1kielce-my.sharepoint.com\/:v:\/g\/personal\/fbanasik1_e-sp1_kielce_eu\/EbZUTjfkNpFKoMXomWRoBqwBV2IT2orIKbWA2_pOl_1GDA\">https:\/\/sp1kielce-my.sharepoint.com\/:v:\/g\/personal\/fbanasik1_e-sp1_kielce_eu\/EbZUTjfkNpFKoMXomWRoBqwBV2IT2orIKbWA2_pOl_1GDA<\/a><\/p>\n\n\n\n<p>&nbsp;&nbsp;&nbsp;&nbsp;&nbsp;&nbsp;&nbsp;&nbsp;&nbsp;&nbsp;&nbsp;&nbsp;&nbsp;&nbsp;&nbsp;&nbsp;&nbsp;&nbsp;&nbsp;&nbsp;&nbsp;&nbsp;&nbsp;&nbsp;&nbsp;&nbsp;&nbsp;&nbsp;&nbsp;&nbsp;&nbsp;&nbsp;&nbsp;&nbsp;&nbsp;&nbsp;&nbsp;&nbsp;&nbsp;&nbsp;&nbsp;&nbsp;&nbsp;&nbsp;&nbsp;&nbsp;&nbsp;&nbsp;&nbsp;&nbsp;&nbsp;&nbsp;&nbsp;&nbsp;&nbsp;&nbsp;&nbsp;&nbsp;&nbsp;&nbsp;&nbsp;&nbsp;&nbsp;&nbsp;&nbsp;&nbsp;&nbsp;&nbsp;&nbsp;&nbsp;&nbsp;&nbsp;&nbsp;&nbsp;&nbsp;&nbsp;&nbsp;&nbsp;&nbsp;&nbsp;&nbsp;&nbsp;&nbsp;&nbsp;&nbsp;&nbsp;&nbsp;&nbsp;&nbsp;&nbsp;&nbsp;&nbsp;&nbsp; Katarzyna Szostak<\/p>\n\n\n\n<p>\u00a0\u00a0\u00a0\u00a0\u00a0\u00a0\u00a0\u00a0\u00a0\u00a0\u00a0\u00a0\u00a0\u00a0\u00a0\u00a0\u00a0\u00a0\u00a0\u00a0\u00a0\u00a0\u00a0\u00a0\u00a0\u00a0\u00a0\u00a0\u00a0\u00a0\u00a0\u00a0\u00a0\u00a0\u00a0\u00a0\u00a0\u00a0\u00a0\u00a0\u00a0\u00a0\u00a0\u00a0\u00a0\u00a0\u00a0\u00a0\u00a0\u00a0\u00a0\u00a0\u00a0\u00a0\u00a0\u00a0\u00a0\u00a0\u00a0\u00a0\u00a0\u00a0\u00a0\u00a0\u00a0\u00a0\u00a0\u00a0\u00a0\u00a0\u00a0\u00a0\u00a0\u00a0\u00a0\u00a0\u00a0\u00a0\u00a0\u00a0\u00a0\u00a0\u00a0\u00a0\u00a0\u00a0\u00a0\u00a0\u00a0\u00a0\u00a0\u00a0\u00a0 nauczyciel historii<\/p>\n\n\n\n<figure class=\"wp-block-gallery has-nested-images columns-default is-cropped wp-block-gallery-1 is-layout-flex wp-block-gallery-is-layout-flex\">\n<figure class=\"wp-block-image size-large\"><a href=\"http:\/\/sp1.kielce.eu\/wp-content\/uploads\/2022\/06\/A.-Z.-K.K.J.-G.-A.-K.-SP-1-Kielce.png\"><img loading=\"lazy\" decoding=\"async\" width=\"1587\" height=\"2245\" data-id=\"22943\" src=\"http:\/\/sp1.kielce.eu\/wp-content\/uploads\/2022\/06\/A.-Z.-K.K.J.-G.-A.-K.-SP-1-Kielce.png\" alt=\"\" class=\"wp-image-22943\" srcset=\"https:\/\/sp1.kielce.eu\/wp-content\/uploads\/2022\/06\/A.-Z.-K.K.J.-G.-A.-K.-SP-1-Kielce.png 1587w, https:\/\/sp1.kielce.eu\/wp-content\/uploads\/2022\/06\/A.-Z.-K.K.J.-G.-A.-K.-SP-1-Kielce-212x300.png 212w, https:\/\/sp1.kielce.eu\/wp-content\/uploads\/2022\/06\/A.-Z.-K.K.J.-G.-A.-K.-SP-1-Kielce-636x900.png 636w, https:\/\/sp1.kielce.eu\/wp-content\/uploads\/2022\/06\/A.-Z.-K.K.J.-G.-A.-K.-SP-1-Kielce-768x1086.png 768w, https:\/\/sp1.kielce.eu\/wp-content\/uploads\/2022\/06\/A.-Z.-K.K.J.-G.-A.-K.-SP-1-Kielce-1086x1536.png 1086w, https:\/\/sp1.kielce.eu\/wp-content\/uploads\/2022\/06\/A.-Z.-K.K.J.-G.-A.-K.-SP-1-Kielce-1448x2048.png 1448w, https:\/\/sp1.kielce.eu\/wp-content\/uploads\/2022\/06\/A.-Z.-K.K.J.-G.-A.-K.-SP-1-Kielce-820x1160.png 820w\" sizes=\"auto, (max-width: 1587px) 100vw, 1587px\" \/><\/a><\/figure>\n\n\n\n<figure class=\"wp-block-image size-large\"><a href=\"http:\/\/sp1.kielce.eu\/wp-content\/uploads\/2022\/06\/B.-S.-SP-1-Kielce.jpg\"><img loading=\"lazy\" decoding=\"async\" width=\"1587\" height=\"2245\" data-id=\"22944\" src=\"http:\/\/sp1.kielce.eu\/wp-content\/uploads\/2022\/06\/B.-S.-SP-1-Kielce.jpg\" alt=\"\" class=\"wp-image-22944\" srcset=\"https:\/\/sp1.kielce.eu\/wp-content\/uploads\/2022\/06\/B.-S.-SP-1-Kielce.jpg 1587w, https:\/\/sp1.kielce.eu\/wp-content\/uploads\/2022\/06\/B.-S.-SP-1-Kielce-212x300.jpg 212w, https:\/\/sp1.kielce.eu\/wp-content\/uploads\/2022\/06\/B.-S.-SP-1-Kielce-636x900.jpg 636w, https:\/\/sp1.kielce.eu\/wp-content\/uploads\/2022\/06\/B.-S.-SP-1-Kielce-768x1086.jpg 768w, https:\/\/sp1.kielce.eu\/wp-content\/uploads\/2022\/06\/B.-S.-SP-1-Kielce-1086x1536.jpg 1086w, https:\/\/sp1.kielce.eu\/wp-content\/uploads\/2022\/06\/B.-S.-SP-1-Kielce-1448x2048.jpg 1448w, https:\/\/sp1.kielce.eu\/wp-content\/uploads\/2022\/06\/B.-S.-SP-1-Kielce-820x1160.jpg 820w\" sizes=\"auto, (max-width: 1587px) 100vw, 1587px\" \/><\/a><\/figure>\n\n\n\n<figure class=\"wp-block-image size-large\"><a href=\"http:\/\/sp1.kielce.eu\/wp-content\/uploads\/2022\/06\/certyfikat-1-scaled.jpg\"><img loading=\"lazy\" decoding=\"async\" width=\"2560\" height=\"1832\" data-id=\"22945\" src=\"http:\/\/sp1.kielce.eu\/wp-content\/uploads\/2022\/06\/certyfikat-1-scaled.jpg\" alt=\"\" class=\"wp-image-22945\" srcset=\"https:\/\/sp1.kielce.eu\/wp-content\/uploads\/2022\/06\/certyfikat-1-scaled.jpg 2560w, https:\/\/sp1.kielce.eu\/wp-content\/uploads\/2022\/06\/certyfikat-1-300x215.jpg 300w, https:\/\/sp1.kielce.eu\/wp-content\/uploads\/2022\/06\/certyfikat-1-1258x900.jpg 1258w, https:\/\/sp1.kielce.eu\/wp-content\/uploads\/2022\/06\/certyfikat-1-768x550.jpg 768w, https:\/\/sp1.kielce.eu\/wp-content\/uploads\/2022\/06\/certyfikat-1-1536x1099.jpg 1536w, https:\/\/sp1.kielce.eu\/wp-content\/uploads\/2022\/06\/certyfikat-1-2048x1466.jpg 2048w, https:\/\/sp1.kielce.eu\/wp-content\/uploads\/2022\/06\/certyfikat-1-820x587.jpg 820w\" sizes=\"auto, (max-width: 2560px) 100vw, 2560px\" \/><\/a><\/figure>\n\n\n\n<figure class=\"wp-block-image size-large\"><a href=\"http:\/\/sp1.kielce.eu\/wp-content\/uploads\/2022\/06\/L.-K.W.B.-I.-C.-SP-1-Kielce.jpg\"><img loading=\"lazy\" decoding=\"async\" width=\"1425\" height=\"2048\" data-id=\"22946\" src=\"http:\/\/sp1.kielce.eu\/wp-content\/uploads\/2022\/06\/L.-K.W.B.-I.-C.-SP-1-Kielce.jpg\" alt=\"\" class=\"wp-image-22946\" srcset=\"https:\/\/sp1.kielce.eu\/wp-content\/uploads\/2022\/06\/L.-K.W.B.-I.-C.-SP-1-Kielce.jpg 1425w, https:\/\/sp1.kielce.eu\/wp-content\/uploads\/2022\/06\/L.-K.W.B.-I.-C.-SP-1-Kielce-209x300.jpg 209w, https:\/\/sp1.kielce.eu\/wp-content\/uploads\/2022\/06\/L.-K.W.B.-I.-C.-SP-1-Kielce-626x900.jpg 626w, https:\/\/sp1.kielce.eu\/wp-content\/uploads\/2022\/06\/L.-K.W.B.-I.-C.-SP-1-Kielce-768x1104.jpg 768w, https:\/\/sp1.kielce.eu\/wp-content\/uploads\/2022\/06\/L.-K.W.B.-I.-C.-SP-1-Kielce-1069x1536.jpg 1069w, https:\/\/sp1.kielce.eu\/wp-content\/uploads\/2022\/06\/L.-K.W.B.-I.-C.-SP-1-Kielce-820x1178.jpg 820w\" sizes=\"auto, (max-width: 1425px) 100vw, 1425px\" \/><\/a><\/figure>\n\n\n\n<figure class=\"wp-block-image size-large\"><a href=\"http:\/\/sp1.kielce.eu\/wp-content\/uploads\/2022\/06\/P.H.-P.-B-SP-1-Kielce.jpg\"><img loading=\"lazy\" decoding=\"async\" width=\"1587\" height=\"2245\" data-id=\"22947\" src=\"http:\/\/sp1.kielce.eu\/wp-content\/uploads\/2022\/06\/P.H.-P.-B-SP-1-Kielce.jpg\" alt=\"\" class=\"wp-image-22947\" srcset=\"https:\/\/sp1.kielce.eu\/wp-content\/uploads\/2022\/06\/P.H.-P.-B-SP-1-Kielce.jpg 1587w, https:\/\/sp1.kielce.eu\/wp-content\/uploads\/2022\/06\/P.H.-P.-B-SP-1-Kielce-212x300.jpg 212w, https:\/\/sp1.kielce.eu\/wp-content\/uploads\/2022\/06\/P.H.-P.-B-SP-1-Kielce-636x900.jpg 636w, https:\/\/sp1.kielce.eu\/wp-content\/uploads\/2022\/06\/P.H.-P.-B-SP-1-Kielce-768x1086.jpg 768w, https:\/\/sp1.kielce.eu\/wp-content\/uploads\/2022\/06\/P.H.-P.-B-SP-1-Kielce-1086x1536.jpg 1086w, https:\/\/sp1.kielce.eu\/wp-content\/uploads\/2022\/06\/P.H.-P.-B-SP-1-Kielce-1448x2048.jpg 1448w, https:\/\/sp1.kielce.eu\/wp-content\/uploads\/2022\/06\/P.H.-P.-B-SP-1-Kielce-820x1160.jpg 820w\" sizes=\"auto, (max-width: 1587px) 100vw, 1587px\" \/><\/a><\/figure>\n<\/figure>\n","protected":false},"excerpt":{"rendered":"<p>W bie\u017c\u0105cym roku szkolnym nasza szko\u0142a uczestniczy\u0142a w Projekcje &nbsp;\u201e\u015awi\u0119tokrzyscy Pasjonaci Historii \u2013 szko\u0142a dawniej [&hellip;]<\/p>\n","protected":false},"author":5,"featured_media":22947,"comment_status":"closed","ping_status":"closed","sticky":false,"template":"","format":"standard","meta":{"footnotes":""},"categories":[36],"tags":[],"class_list":["post-22942","post","type-post","status-publish","format-standard","has-post-thumbnail","hentry","category-wydarzenia"],"_links":{"self":[{"href":"https:\/\/sp1.kielce.eu\/index.php\/wp-json\/wp\/v2\/posts\/22942","targetHints":{"allow":["GET"]}}],"collection":[{"href":"https:\/\/sp1.kielce.eu\/index.php\/wp-json\/wp\/v2\/posts"}],"about":[{"href":"https:\/\/sp1.kielce.eu\/index.php\/wp-json\/wp\/v2\/types\/post"}],"author":[{"embeddable":true,"href":"https:\/\/sp1.kielce.eu\/index.php\/wp-json\/wp\/v2\/users\/5"}],"replies":[{"embeddable":true,"href":"https:\/\/sp1.kielce.eu\/index.php\/wp-json\/wp\/v2\/comments?post=22942"}],"version-history":[{"count":3,"href":"https:\/\/sp1.kielce.eu\/index.php\/wp-json\/wp\/v2\/posts\/22942\/revisions"}],"predecessor-version":[{"id":22950,"href":"https:\/\/sp1.kielce.eu\/index.php\/wp-json\/wp\/v2\/posts\/22942\/revisions\/22950"}],"wp:featuredmedia":[{"embeddable":true,"href":"https:\/\/sp1.kielce.eu\/index.php\/wp-json\/wp\/v2\/media\/22947"}],"wp:attachment":[{"href":"https:\/\/sp1.kielce.eu\/index.php\/wp-json\/wp\/v2\/media?parent=22942"}],"wp:term":[{"taxonomy":"category","embeddable":true,"href":"https:\/\/sp1.kielce.eu\/index.php\/wp-json\/wp\/v2\/categories?post=22942"},{"taxonomy":"post_tag","embeddable":true,"href":"https:\/\/sp1.kielce.eu\/index.php\/wp-json\/wp\/v2\/tags?post=22942"}],"curies":[{"name":"wp","href":"https:\/\/api.w.org\/{rel}","templated":true}]}}