{"id":22905,"date":"2022-06-11T15:48:10","date_gmt":"2022-06-11T13:48:10","guid":{"rendered":"http:\/\/sp1.kielce.eu\/?p=22905"},"modified":"2022-06-11T15:48:10","modified_gmt":"2022-06-11T13:48:10","slug":"dzien-rodziny-w-jedynce","status":"publish","type":"post","link":"https:\/\/sp1.kielce.eu\/index.php\/2022\/06\/11\/dzien-rodziny-w-jedynce\/","title":{"rendered":"Dzie\u0144 Rodziny w Jedynce!"},"content":{"rendered":"\n<p>W dniu 3 czerwca w&nbsp;naszej szkole \u015bwi\u0119towali\u015bmy Dzie\u0144 Rodziny.&nbsp; Rodzina ma ogromne znaczenie w&nbsp;\u017cyciu cz\u0142owieka. To w\u0142a\u015bnie w&nbsp;Rodzinie przekazywane s\u0105 najwa\u017cniejsze warto\u015bci kulturowe i&nbsp;spo\u0142eczne. To Rodzina uczy jak odr\u00f3\u017cni\u0107 dobro od z\u0142a, pokonywa\u0107 strach, nabiera\u0107 pewno\u015bci siebie, odpowiedzialno\u015bci, szczero\u015bci, dobroci i&nbsp;mi\u0142o\u015bci, kt\u00f3r\u0105 przekazuj\u0105 nam rodzice.<\/p>\n\n\n\n<p>Uczniowie z&nbsp;klas pierwszych przygotowali z&nbsp;tej okazji pi\u0119kny wyst\u0119p, po kt\u00f3rym wr\u0119czyli swoim Rodzicom przygotowane wcze\u015bniej laurki i&nbsp;drobne podarunki.<\/p>\n\n\n\n<p>Zapraszamy do obejrzenia filmu z&nbsp;wyst\u0119pu!<\/p>\n\n\n\n<p class=\"has-text-align-right\">wychowawcy klas pierwszych<\/p>\n\n\n\n<figure class=\"wp-block-embed is-type-video is-provider-youtube wp-block-embed-youtube wp-embed-aspect-16-9 wp-has-aspect-ratio\"><div class=\"wp-block-embed__wrapper\">\n<iframe loading=\"lazy\" title=\"Dzie\u0144 Rodziny\" width=\"1160\" height=\"653\" src=\"https:\/\/www.youtube.com\/embed\/89jVYkx26Kw?feature=oembed\" frameborder=\"0\" allow=\"accelerometer; autoplay; clipboard-write; encrypted-media; gyroscope; picture-in-picture\" allowfullscreen><\/iframe>\n<\/div><\/figure>\n","protected":false},"excerpt":{"rendered":"<p>W dniu 3 czerwca w&nbsp;naszej szkole \u015bwi\u0119towali\u015bmy Dzie\u0144 Rodziny.&nbsp; Rodzina ma ogromne znaczenie w&nbsp;\u017cyciu cz\u0142owieka. [&hellip;]<\/p>\n","protected":false},"author":13,"featured_media":22906,"comment_status":"closed","ping_status":"","sticky":false,"template":"","format":"standard","meta":{"footnotes":""},"categories":[36],"tags":[],"class_list":["post-22905","post","type-post","status-publish","format-standard","has-post-thumbnail","hentry","category-wydarzenia"],"_links":{"self":[{"href":"https:\/\/sp1.kielce.eu\/index.php\/wp-json\/wp\/v2\/posts\/22905","targetHints":{"allow":["GET"]}}],"collection":[{"href":"https:\/\/sp1.kielce.eu\/index.php\/wp-json\/wp\/v2\/posts"}],"about":[{"href":"https:\/\/sp1.kielce.eu\/index.php\/wp-json\/wp\/v2\/types\/post"}],"author":[{"embeddable":true,"href":"https:\/\/sp1.kielce.eu\/index.php\/wp-json\/wp\/v2\/users\/13"}],"replies":[{"embeddable":true,"href":"https:\/\/sp1.kielce.eu\/index.php\/wp-json\/wp\/v2\/comments?post=22905"}],"version-history":[{"count":2,"href":"https:\/\/sp1.kielce.eu\/index.php\/wp-json\/wp\/v2\/posts\/22905\/revisions"}],"predecessor-version":[{"id":23007,"href":"https:\/\/sp1.kielce.eu\/index.php\/wp-json\/wp\/v2\/posts\/22905\/revisions\/23007"}],"wp:featuredmedia":[{"embeddable":true,"href":"https:\/\/sp1.kielce.eu\/index.php\/wp-json\/wp\/v2\/media\/22906"}],"wp:attachment":[{"href":"https:\/\/sp1.kielce.eu\/index.php\/wp-json\/wp\/v2\/media?parent=22905"}],"wp:term":[{"taxonomy":"category","embeddable":true,"href":"https:\/\/sp1.kielce.eu\/index.php\/wp-json\/wp\/v2\/categories?post=22905"},{"taxonomy":"post_tag","embeddable":true,"href":"https:\/\/sp1.kielce.eu\/index.php\/wp-json\/wp\/v2\/tags?post=22905"}],"curies":[{"name":"wp","href":"https:\/\/api.w.org\/{rel}","templated":true}]}}