{"id":22896,"date":"2022-06-09T10:14:18","date_gmt":"2022-06-09T08:14:18","guid":{"rendered":"http:\/\/sp1.kielce.eu\/?p=22896"},"modified":"2022-06-09T10:14:18","modified_gmt":"2022-06-09T08:14:18","slug":"uniwersytet-dzieci-projekt-ja-w-spoleczenstwie-jak-moge-zmienic-swiat-klasy-6a-i-6b","status":"publish","type":"post","link":"https:\/\/sp1.kielce.eu\/index.php\/2022\/06\/09\/uniwersytet-dzieci-projekt-ja-w-spoleczenstwie-jak-moge-zmienic-swiat-klasy-6a-i-6b\/","title":{"rendered":"Uniwersytet Dzieci \u2013 projekt  \u201eJa w spo\u0142ecze\u0144stwie. Jak mog\u0119 zmieni\u0107 \u015bwiat?\u201d \u2013 klasy 6a i 6b"},"content":{"rendered":"\n<p>Klasy 6a i 6b przez ca\u0142y rok szkolny 2021\/2022 bra\u0142y udzia\u0142 w projekcie \u201eJa w spo\u0142ecze\u0144stwie. Jak mog\u0119 zmieni\u0107 \u015bwiat?\u201d realizowanym we wsp\u00f3\u0142pracy z Uniwersytetem Dzieci. Podczas zaj\u0119\u0107 uczniowie analizowali takie warto\u015bci, jak: odpowiedzialno\u015b\u0107, tolerancja, czy wsparcie innych. Dzi\u0119ki projektowi rozwin\u0119li wra\u017cliwo\u015b\u0107 na potrzeby grupy oraz znajomo\u015b\u0107 powszechnie przyj\u0119tych zasad. Budowali postaw\u0119 \u015bwiadomego uczestnictwa i tw\u00f3rczego zaanga\u017cowania w \u017cycie zespo\u0142u. Zwie\u0144czeniem pracy uczni\u00f3w by\u0142o uzyskanie dyplom\u00f3w dla klas.<\/p>\n\n\n\n<p>Anna Mazur<\/p>\n\n\n\n<p>Krystyna Banasik<\/p>\n\n\n\n<figure class=\"wp-block-gallery has-nested-images columns-default is-cropped wp-block-gallery-1 is-layout-flex wp-block-gallery-is-layout-flex\">\n<figure class=\"wp-block-image size-large\"><a href=\"http:\/\/sp1.kielce.eu\/wp-content\/uploads\/2022\/06\/anna-ja-w-spoleczenstwie-jak-moge-zmienic-swiat-1-certyfikat-1652947047-1.jpg\"><img loading=\"lazy\" decoding=\"async\" width=\"1654\" height=\"2339\" data-id=\"22897\" src=\"http:\/\/sp1.kielce.eu\/wp-content\/uploads\/2022\/06\/anna-ja-w-spoleczenstwie-jak-moge-zmienic-swiat-1-certyfikat-1652947047-1.jpg\" alt=\"\" class=\"wp-image-22897\" srcset=\"https:\/\/sp1.kielce.eu\/wp-content\/uploads\/2022\/06\/anna-ja-w-spoleczenstwie-jak-moge-zmienic-swiat-1-certyfikat-1652947047-1.jpg 1654w, https:\/\/sp1.kielce.eu\/wp-content\/uploads\/2022\/06\/anna-ja-w-spoleczenstwie-jak-moge-zmienic-swiat-1-certyfikat-1652947047-1-212x300.jpg 212w, https:\/\/sp1.kielce.eu\/wp-content\/uploads\/2022\/06\/anna-ja-w-spoleczenstwie-jak-moge-zmienic-swiat-1-certyfikat-1652947047-1-636x900.jpg 636w, https:\/\/sp1.kielce.eu\/wp-content\/uploads\/2022\/06\/anna-ja-w-spoleczenstwie-jak-moge-zmienic-swiat-1-certyfikat-1652947047-1-768x1086.jpg 768w, https:\/\/sp1.kielce.eu\/wp-content\/uploads\/2022\/06\/anna-ja-w-spoleczenstwie-jak-moge-zmienic-swiat-1-certyfikat-1652947047-1-1086x1536.jpg 1086w, https:\/\/sp1.kielce.eu\/wp-content\/uploads\/2022\/06\/anna-ja-w-spoleczenstwie-jak-moge-zmienic-swiat-1-certyfikat-1652947047-1-1448x2048.jpg 1448w, https:\/\/sp1.kielce.eu\/wp-content\/uploads\/2022\/06\/anna-ja-w-spoleczenstwie-jak-moge-zmienic-swiat-1-certyfikat-1652947047-1-820x1160.jpg 820w\" sizes=\"auto, (max-width: 1654px) 100vw, 1654px\" \/><\/a><\/figure>\n\n\n\n<figure class=\"wp-block-image size-large\"><a href=\"http:\/\/sp1.kielce.eu\/wp-content\/uploads\/2022\/06\/anna-ja-w-spoleczenstwie-jak-moge-zmienic-swiat-1-dyplom-1652947047-1.jpg\"><img loading=\"lazy\" decoding=\"async\" width=\"1654\" height=\"2339\" data-id=\"22898\" src=\"http:\/\/sp1.kielce.eu\/wp-content\/uploads\/2022\/06\/anna-ja-w-spoleczenstwie-jak-moge-zmienic-swiat-1-dyplom-1652947047-1.jpg\" alt=\"\" class=\"wp-image-22898\" srcset=\"https:\/\/sp1.kielce.eu\/wp-content\/uploads\/2022\/06\/anna-ja-w-spoleczenstwie-jak-moge-zmienic-swiat-1-dyplom-1652947047-1.jpg 1654w, https:\/\/sp1.kielce.eu\/wp-content\/uploads\/2022\/06\/anna-ja-w-spoleczenstwie-jak-moge-zmienic-swiat-1-dyplom-1652947047-1-212x300.jpg 212w, https:\/\/sp1.kielce.eu\/wp-content\/uploads\/2022\/06\/anna-ja-w-spoleczenstwie-jak-moge-zmienic-swiat-1-dyplom-1652947047-1-636x900.jpg 636w, https:\/\/sp1.kielce.eu\/wp-content\/uploads\/2022\/06\/anna-ja-w-spoleczenstwie-jak-moge-zmienic-swiat-1-dyplom-1652947047-1-768x1086.jpg 768w, https:\/\/sp1.kielce.eu\/wp-content\/uploads\/2022\/06\/anna-ja-w-spoleczenstwie-jak-moge-zmienic-swiat-1-dyplom-1652947047-1-1086x1536.jpg 1086w, https:\/\/sp1.kielce.eu\/wp-content\/uploads\/2022\/06\/anna-ja-w-spoleczenstwie-jak-moge-zmienic-swiat-1-dyplom-1652947047-1-1448x2048.jpg 1448w, https:\/\/sp1.kielce.eu\/wp-content\/uploads\/2022\/06\/anna-ja-w-spoleczenstwie-jak-moge-zmienic-swiat-1-dyplom-1652947047-1-820x1160.jpg 820w\" sizes=\"auto, (max-width: 1654px) 100vw, 1654px\" \/><\/a><\/figure>\n\n\n\n<figure class=\"wp-block-image size-large\"><a href=\"http:\/\/sp1.kielce.eu\/wp-content\/uploads\/2022\/06\/krystyna-banasik-ja-w-spoleczenstwie-jak-moge-zmienic-swiat-1-certyfikat-1653115676-1.jpg\"><img loading=\"lazy\" decoding=\"async\" width=\"1654\" height=\"2339\" data-id=\"22899\" src=\"http:\/\/sp1.kielce.eu\/wp-content\/uploads\/2022\/06\/krystyna-banasik-ja-w-spoleczenstwie-jak-moge-zmienic-swiat-1-certyfikat-1653115676-1.jpg\" alt=\"\" class=\"wp-image-22899\" srcset=\"https:\/\/sp1.kielce.eu\/wp-content\/uploads\/2022\/06\/krystyna-banasik-ja-w-spoleczenstwie-jak-moge-zmienic-swiat-1-certyfikat-1653115676-1.jpg 1654w, https:\/\/sp1.kielce.eu\/wp-content\/uploads\/2022\/06\/krystyna-banasik-ja-w-spoleczenstwie-jak-moge-zmienic-swiat-1-certyfikat-1653115676-1-212x300.jpg 212w, https:\/\/sp1.kielce.eu\/wp-content\/uploads\/2022\/06\/krystyna-banasik-ja-w-spoleczenstwie-jak-moge-zmienic-swiat-1-certyfikat-1653115676-1-636x900.jpg 636w, https:\/\/sp1.kielce.eu\/wp-content\/uploads\/2022\/06\/krystyna-banasik-ja-w-spoleczenstwie-jak-moge-zmienic-swiat-1-certyfikat-1653115676-1-768x1086.jpg 768w, https:\/\/sp1.kielce.eu\/wp-content\/uploads\/2022\/06\/krystyna-banasik-ja-w-spoleczenstwie-jak-moge-zmienic-swiat-1-certyfikat-1653115676-1-1086x1536.jpg 1086w, https:\/\/sp1.kielce.eu\/wp-content\/uploads\/2022\/06\/krystyna-banasik-ja-w-spoleczenstwie-jak-moge-zmienic-swiat-1-certyfikat-1653115676-1-1448x2048.jpg 1448w, https:\/\/sp1.kielce.eu\/wp-content\/uploads\/2022\/06\/krystyna-banasik-ja-w-spoleczenstwie-jak-moge-zmienic-swiat-1-certyfikat-1653115676-1-820x1160.jpg 820w\" sizes=\"auto, (max-width: 1654px) 100vw, 1654px\" \/><\/a><\/figure>\n\n\n\n<figure class=\"wp-block-image size-large\"><a href=\"http:\/\/sp1.kielce.eu\/wp-content\/uploads\/2022\/06\/krystyna-banasik-ja-w-spoleczenstwie-jak-moge-zmienic-swiat-1-dyplom-1653115676-1.jpg\"><img loading=\"lazy\" decoding=\"async\" width=\"1654\" height=\"2339\" data-id=\"22900\" src=\"http:\/\/sp1.kielce.eu\/wp-content\/uploads\/2022\/06\/krystyna-banasik-ja-w-spoleczenstwie-jak-moge-zmienic-swiat-1-dyplom-1653115676-1.jpg\" alt=\"\" class=\"wp-image-22900\" srcset=\"https:\/\/sp1.kielce.eu\/wp-content\/uploads\/2022\/06\/krystyna-banasik-ja-w-spoleczenstwie-jak-moge-zmienic-swiat-1-dyplom-1653115676-1.jpg 1654w, https:\/\/sp1.kielce.eu\/wp-content\/uploads\/2022\/06\/krystyna-banasik-ja-w-spoleczenstwie-jak-moge-zmienic-swiat-1-dyplom-1653115676-1-212x300.jpg 212w, https:\/\/sp1.kielce.eu\/wp-content\/uploads\/2022\/06\/krystyna-banasik-ja-w-spoleczenstwie-jak-moge-zmienic-swiat-1-dyplom-1653115676-1-636x900.jpg 636w, https:\/\/sp1.kielce.eu\/wp-content\/uploads\/2022\/06\/krystyna-banasik-ja-w-spoleczenstwie-jak-moge-zmienic-swiat-1-dyplom-1653115676-1-768x1086.jpg 768w, https:\/\/sp1.kielce.eu\/wp-content\/uploads\/2022\/06\/krystyna-banasik-ja-w-spoleczenstwie-jak-moge-zmienic-swiat-1-dyplom-1653115676-1-1086x1536.jpg 1086w, https:\/\/sp1.kielce.eu\/wp-content\/uploads\/2022\/06\/krystyna-banasik-ja-w-spoleczenstwie-jak-moge-zmienic-swiat-1-dyplom-1653115676-1-1448x2048.jpg 1448w, https:\/\/sp1.kielce.eu\/wp-content\/uploads\/2022\/06\/krystyna-banasik-ja-w-spoleczenstwie-jak-moge-zmienic-swiat-1-dyplom-1653115676-1-820x1160.jpg 820w\" sizes=\"auto, (max-width: 1654px) 100vw, 1654px\" \/><\/a><\/figure>\n<\/figure>\n","protected":false},"excerpt":{"rendered":"<p>Klasy 6a i 6b przez ca\u0142y rok szkolny 2021\/2022 bra\u0142y udzia\u0142 w projekcie \u201eJa w [&hellip;]<\/p>\n","protected":false},"author":5,"featured_media":22897,"comment_status":"closed","ping_status":"","sticky":false,"template":"","format":"standard","meta":{"footnotes":""},"categories":[36],"tags":[],"class_list":["post-22896","post","type-post","status-publish","format-standard","has-post-thumbnail","hentry","category-wydarzenia"],"_links":{"self":[{"href":"https:\/\/sp1.kielce.eu\/index.php\/wp-json\/wp\/v2\/posts\/22896","targetHints":{"allow":["GET"]}}],"collection":[{"href":"https:\/\/sp1.kielce.eu\/index.php\/wp-json\/wp\/v2\/posts"}],"about":[{"href":"https:\/\/sp1.kielce.eu\/index.php\/wp-json\/wp\/v2\/types\/post"}],"author":[{"embeddable":true,"href":"https:\/\/sp1.kielce.eu\/index.php\/wp-json\/wp\/v2\/users\/5"}],"replies":[{"embeddable":true,"href":"https:\/\/sp1.kielce.eu\/index.php\/wp-json\/wp\/v2\/comments?post=22896"}],"version-history":[{"count":1,"href":"https:\/\/sp1.kielce.eu\/index.php\/wp-json\/wp\/v2\/posts\/22896\/revisions"}],"predecessor-version":[{"id":22901,"href":"https:\/\/sp1.kielce.eu\/index.php\/wp-json\/wp\/v2\/posts\/22896\/revisions\/22901"}],"wp:featuredmedia":[{"embeddable":true,"href":"https:\/\/sp1.kielce.eu\/index.php\/wp-json\/wp\/v2\/media\/22897"}],"wp:attachment":[{"href":"https:\/\/sp1.kielce.eu\/index.php\/wp-json\/wp\/v2\/media?parent=22896"}],"wp:term":[{"taxonomy":"category","embeddable":true,"href":"https:\/\/sp1.kielce.eu\/index.php\/wp-json\/wp\/v2\/categories?post=22896"},{"taxonomy":"post_tag","embeddable":true,"href":"https:\/\/sp1.kielce.eu\/index.php\/wp-json\/wp\/v2\/tags?post=22896"}],"curies":[{"name":"wp","href":"https:\/\/api.w.org\/{rel}","templated":true}]}}