{"id":22858,"date":"2022-06-07T17:31:37","date_gmt":"2022-06-07T15:31:37","guid":{"rendered":"http:\/\/sp1.kielce.eu\/?p=22858"},"modified":"2022-06-07T17:31:37","modified_gmt":"2022-06-07T15:31:37","slug":"5a-na-politechnice-swietokrzyskiej","status":"publish","type":"post","link":"https:\/\/sp1.kielce.eu\/index.php\/2022\/06\/07\/5a-na-politechnice-swietokrzyskiej\/","title":{"rendered":"5a na Politechnice \u015awi\u0119tokrzyskiej"},"content":{"rendered":"\n<p>Uczniowie klasy 5a \u015bwi\u0119towali Dzie\u0144 Dziecka w spos\u00f3b naukowy. Podczas wydarzenia \u201ePolitechnika \u015awi\u0119tokrzyska dzieciom \u2013 \u015awiat M\u0142odego Odkrywcy 2022, czyli Festiwalu Nauki i Techniki dla najm\u0142odszych\u201dmieli okazj\u0119 zwiedzi\u0107 aule i sale wyk\u0142adowe kieleckiej uczelni. Pi\u0105toklasi\u015bci uczestniczyli m.in. w pokazie \u0142azik\u00f3w marsja\u0144skich, dowiedzieli si\u0119&nbsp; jaki kszta\u0142t mo\u017ce wyci\u0105\u0107 laser, a nawet \u201ewyprzedzili czas\u201d kiedy znale\u017ali si\u0119 w \u201efabryce przysz\u0142o\u015bci\u201d.<\/p>\n\n\n\n<p>Mam nadziej\u0119, \u017ce moi uczniowie z\u0142apali \u201ebakcyla nauki\u201d i za kilka lat wr\u00f3c\u0105 na Politechnik\u0119 w nieco innej roli.<\/p>\n\n\n\n<p>Katarzyna Szostak\u00a0\u00a0\u00a0\u00a0\u00a0\u00a0\u00a0\u00a0\u00a0\u00a0\u00a0\u00a0\u00a0\u00a0\u00a0\u00a0 wychowawca klasy 5a<\/p>\n\n\n\n<figure class=\"wp-block-gallery has-nested-images columns-default is-cropped wp-block-gallery-1 is-layout-flex wp-block-gallery-is-layout-flex\">\n<figure class=\"wp-block-image size-large\"><a href=\"http:\/\/sp1.kielce.eu\/wp-content\/uploads\/2022\/06\/pol-1-Medium.jpg\"><img loading=\"lazy\" decoding=\"async\" width=\"1366\" height=\"664\" data-id=\"22859\" src=\"http:\/\/sp1.kielce.eu\/wp-content\/uploads\/2022\/06\/pol-1-Medium.jpg\" alt=\"\" class=\"wp-image-22859\" srcset=\"https:\/\/sp1.kielce.eu\/wp-content\/uploads\/2022\/06\/pol-1-Medium.jpg 1366w, https:\/\/sp1.kielce.eu\/wp-content\/uploads\/2022\/06\/pol-1-Medium-300x146.jpg 300w, https:\/\/sp1.kielce.eu\/wp-content\/uploads\/2022\/06\/pol-1-Medium-768x373.jpg 768w, https:\/\/sp1.kielce.eu\/wp-content\/uploads\/2022\/06\/pol-1-Medium-820x399.jpg 820w\" sizes=\"auto, (max-width: 1366px) 100vw, 1366px\" \/><\/a><\/figure>\n\n\n\n<figure class=\"wp-block-image size-large\"><a href=\"http:\/\/sp1.kielce.eu\/wp-content\/uploads\/2022\/06\/pol-3-Medium.jpg\"><img loading=\"lazy\" decoding=\"async\" width=\"1366\" height=\"664\" data-id=\"22860\" src=\"http:\/\/sp1.kielce.eu\/wp-content\/uploads\/2022\/06\/pol-3-Medium.jpg\" alt=\"\" class=\"wp-image-22860\" srcset=\"https:\/\/sp1.kielce.eu\/wp-content\/uploads\/2022\/06\/pol-3-Medium.jpg 1366w, https:\/\/sp1.kielce.eu\/wp-content\/uploads\/2022\/06\/pol-3-Medium-300x146.jpg 300w, https:\/\/sp1.kielce.eu\/wp-content\/uploads\/2022\/06\/pol-3-Medium-768x373.jpg 768w, https:\/\/sp1.kielce.eu\/wp-content\/uploads\/2022\/06\/pol-3-Medium-820x399.jpg 820w\" sizes=\"auto, (max-width: 1366px) 100vw, 1366px\" \/><\/a><\/figure>\n\n\n\n<figure class=\"wp-block-image size-large\"><a href=\"http:\/\/sp1.kielce.eu\/wp-content\/uploads\/2022\/06\/pol-5-Medium.jpg\"><img loading=\"lazy\" decoding=\"async\" width=\"664\" height=\"1366\" data-id=\"22861\" src=\"http:\/\/sp1.kielce.eu\/wp-content\/uploads\/2022\/06\/pol-5-Medium.jpg\" alt=\"\" class=\"wp-image-22861\" srcset=\"https:\/\/sp1.kielce.eu\/wp-content\/uploads\/2022\/06\/pol-5-Medium.jpg 664w, https:\/\/sp1.kielce.eu\/wp-content\/uploads\/2022\/06\/pol-5-Medium-146x300.jpg 146w, https:\/\/sp1.kielce.eu\/wp-content\/uploads\/2022\/06\/pol-5-Medium-437x900.jpg 437w\" sizes=\"auto, (max-width: 664px) 100vw, 664px\" \/><\/a><\/figure>\n\n\n\n<figure class=\"wp-block-image size-large\"><a href=\"http:\/\/sp1.kielce.eu\/wp-content\/uploads\/2022\/06\/pol-8-Medium.jpg\"><img loading=\"lazy\" decoding=\"async\" width=\"1366\" height=\"664\" data-id=\"22862\" src=\"http:\/\/sp1.kielce.eu\/wp-content\/uploads\/2022\/06\/pol-8-Medium.jpg\" alt=\"\" class=\"wp-image-22862\" srcset=\"https:\/\/sp1.kielce.eu\/wp-content\/uploads\/2022\/06\/pol-8-Medium.jpg 1366w, https:\/\/sp1.kielce.eu\/wp-content\/uploads\/2022\/06\/pol-8-Medium-300x146.jpg 300w, https:\/\/sp1.kielce.eu\/wp-content\/uploads\/2022\/06\/pol-8-Medium-768x373.jpg 768w, https:\/\/sp1.kielce.eu\/wp-content\/uploads\/2022\/06\/pol-8-Medium-820x399.jpg 820w\" sizes=\"auto, (max-width: 1366px) 100vw, 1366px\" \/><\/a><\/figure>\n\n\n\n<figure class=\"wp-block-image size-large\"><a href=\"http:\/\/sp1.kielce.eu\/wp-content\/uploads\/2022\/06\/pol4-Medium.jpg\"><img loading=\"lazy\" decoding=\"async\" width=\"1366\" height=\"664\" data-id=\"22863\" src=\"http:\/\/sp1.kielce.eu\/wp-content\/uploads\/2022\/06\/pol4-Medium.jpg\" alt=\"\" class=\"wp-image-22863\" srcset=\"https:\/\/sp1.kielce.eu\/wp-content\/uploads\/2022\/06\/pol4-Medium.jpg 1366w, https:\/\/sp1.kielce.eu\/wp-content\/uploads\/2022\/06\/pol4-Medium-300x146.jpg 300w, https:\/\/sp1.kielce.eu\/wp-content\/uploads\/2022\/06\/pol4-Medium-768x373.jpg 768w, https:\/\/sp1.kielce.eu\/wp-content\/uploads\/2022\/06\/pol4-Medium-820x399.jpg 820w\" sizes=\"auto, (max-width: 1366px) 100vw, 1366px\" \/><\/a><\/figure>\n\n\n\n<figure class=\"wp-block-image size-large\"><a href=\"http:\/\/sp1.kielce.eu\/wp-content\/uploads\/2022\/06\/pol6-Medium.jpg\"><img loading=\"lazy\" decoding=\"async\" width=\"1366\" height=\"664\" data-id=\"22864\" src=\"http:\/\/sp1.kielce.eu\/wp-content\/uploads\/2022\/06\/pol6-Medium.jpg\" alt=\"\" class=\"wp-image-22864\" srcset=\"https:\/\/sp1.kielce.eu\/wp-content\/uploads\/2022\/06\/pol6-Medium.jpg 1366w, https:\/\/sp1.kielce.eu\/wp-content\/uploads\/2022\/06\/pol6-Medium-300x146.jpg 300w, https:\/\/sp1.kielce.eu\/wp-content\/uploads\/2022\/06\/pol6-Medium-768x373.jpg 768w, https:\/\/sp1.kielce.eu\/wp-content\/uploads\/2022\/06\/pol6-Medium-820x399.jpg 820w\" sizes=\"auto, (max-width: 1366px) 100vw, 1366px\" \/><\/a><\/figure>\n\n\n\n<figure class=\"wp-block-image size-large\"><a href=\"http:\/\/sp1.kielce.eu\/wp-content\/uploads\/2022\/06\/pol7-Medium.jpg\"><img loading=\"lazy\" decoding=\"async\" width=\"1366\" height=\"664\" data-id=\"22865\" src=\"http:\/\/sp1.kielce.eu\/wp-content\/uploads\/2022\/06\/pol7-Medium.jpg\" alt=\"\" class=\"wp-image-22865\" srcset=\"https:\/\/sp1.kielce.eu\/wp-content\/uploads\/2022\/06\/pol7-Medium.jpg 1366w, https:\/\/sp1.kielce.eu\/wp-content\/uploads\/2022\/06\/pol7-Medium-300x146.jpg 300w, https:\/\/sp1.kielce.eu\/wp-content\/uploads\/2022\/06\/pol7-Medium-768x373.jpg 768w, https:\/\/sp1.kielce.eu\/wp-content\/uploads\/2022\/06\/pol7-Medium-820x399.jpg 820w\" sizes=\"auto, (max-width: 1366px) 100vw, 1366px\" \/><\/a><\/figure>\n\n\n\n<figure class=\"wp-block-image size-large\"><a href=\"http:\/\/sp1.kielce.eu\/wp-content\/uploads\/2022\/06\/zdj\u00a6Ocie-politechnika.jpg\"><img loading=\"lazy\" decoding=\"async\" width=\"1000\" height=\"1000\" data-id=\"22866\" src=\"http:\/\/sp1.kielce.eu\/wp-content\/uploads\/2022\/06\/zdj\u00a6Ocie-politechnika.jpg\" alt=\"\" class=\"wp-image-22866\" srcset=\"https:\/\/sp1.kielce.eu\/wp-content\/uploads\/2022\/06\/zdj\u00a6Ocie-politechnika.jpg 1000w, https:\/\/sp1.kielce.eu\/wp-content\/uploads\/2022\/06\/zdj\u00a6Ocie-politechnika-300x300.jpg 300w, https:\/\/sp1.kielce.eu\/wp-content\/uploads\/2022\/06\/zdj\u00a6Ocie-politechnika-900x900.jpg 900w, https:\/\/sp1.kielce.eu\/wp-content\/uploads\/2022\/06\/zdj\u00a6Ocie-politechnika-150x150.jpg 150w, https:\/\/sp1.kielce.eu\/wp-content\/uploads\/2022\/06\/zdj\u00a6Ocie-politechnika-768x768.jpg 768w, https:\/\/sp1.kielce.eu\/wp-content\/uploads\/2022\/06\/zdj\u00a6Ocie-politechnika-820x820.jpg 820w\" sizes=\"auto, (max-width: 1000px) 100vw, 1000px\" \/><\/a><\/figure>\n<\/figure>\n","protected":false},"excerpt":{"rendered":"<p>Uczniowie klasy 5a \u015bwi\u0119towali Dzie\u0144 Dziecka w spos\u00f3b naukowy. Podczas wydarzenia \u201ePolitechnika \u015awi\u0119tokrzyska dzieciom \u2013 [&hellip;]<\/p>\n","protected":false},"author":5,"featured_media":22866,"comment_status":"closed","ping_status":"","sticky":false,"template":"","format":"standard","meta":{"footnotes":""},"categories":[36],"tags":[],"class_list":["post-22858","post","type-post","status-publish","format-standard","has-post-thumbnail","hentry","category-wydarzenia"],"_links":{"self":[{"href":"https:\/\/sp1.kielce.eu\/index.php\/wp-json\/wp\/v2\/posts\/22858","targetHints":{"allow":["GET"]}}],"collection":[{"href":"https:\/\/sp1.kielce.eu\/index.php\/wp-json\/wp\/v2\/posts"}],"about":[{"href":"https:\/\/sp1.kielce.eu\/index.php\/wp-json\/wp\/v2\/types\/post"}],"author":[{"embeddable":true,"href":"https:\/\/sp1.kielce.eu\/index.php\/wp-json\/wp\/v2\/users\/5"}],"replies":[{"embeddable":true,"href":"https:\/\/sp1.kielce.eu\/index.php\/wp-json\/wp\/v2\/comments?post=22858"}],"version-history":[{"count":1,"href":"https:\/\/sp1.kielce.eu\/index.php\/wp-json\/wp\/v2\/posts\/22858\/revisions"}],"predecessor-version":[{"id":22867,"href":"https:\/\/sp1.kielce.eu\/index.php\/wp-json\/wp\/v2\/posts\/22858\/revisions\/22867"}],"wp:featuredmedia":[{"embeddable":true,"href":"https:\/\/sp1.kielce.eu\/index.php\/wp-json\/wp\/v2\/media\/22866"}],"wp:attachment":[{"href":"https:\/\/sp1.kielce.eu\/index.php\/wp-json\/wp\/v2\/media?parent=22858"}],"wp:term":[{"taxonomy":"category","embeddable":true,"href":"https:\/\/sp1.kielce.eu\/index.php\/wp-json\/wp\/v2\/categories?post=22858"},{"taxonomy":"post_tag","embeddable":true,"href":"https:\/\/sp1.kielce.eu\/index.php\/wp-json\/wp\/v2\/tags?post=22858"}],"curies":[{"name":"wp","href":"https:\/\/api.w.org\/{rel}","templated":true}]}}