{"id":22852,"date":"2022-06-07T17:28:08","date_gmt":"2022-06-07T15:28:08","guid":{"rendered":"http:\/\/sp1.kielce.eu\/?p=22852"},"modified":"2022-06-07T17:28:08","modified_gmt":"2022-06-07T15:28:08","slug":"wycieczka-nowa-slupia-swiety-krzyz-8a-i-8b","status":"publish","type":"post","link":"https:\/\/sp1.kielce.eu\/index.php\/2022\/06\/07\/wycieczka-nowa-slupia-swiety-krzyz-8a-i-8b\/","title":{"rendered":"Wycieczka Nowa S\u0142upia \u2013 \u015awi\u0119ty Krzy\u017c \u2013 8a i 8b"},"content":{"rendered":"\n<p>Z okazji Dnia Dziecka kl. 8b i 8c wybra\u0142y si\u0119 na wycieczk\u0119 w G\u00f3ry \u015awi\u0119tokrzyskie pod opiek\u0105 swoich wychowawczy\u0144 \u2013 pani Doroty Broni\u015b i Pani Urszuli Sodel oraz ksi\u0119dza Konrada Walerczaka. W Nowej S\u0142upi uczniowie zwiedzili Muzeum Staro\u017cytnego Hutnictwa \u015awi\u0119tokrzyskiego im. prof. Mieczys\u0142awa Radwana. To nowoczesny obiekt multimedialny, popularyzuj\u0105cy dawny o\u015brodek produkcji \u017celaza, odkryty podczas szeroko zakrojonych bada\u0144 archeologicznych. Wystawa sta\u0142a to multimedialna podr\u00f3\u017c w czasy staro\u017cytnych hutnik\u00f3w do centralnego punktu muzeum, kt\u00f3rym s\u0105 relikty dawnego piecowiska na archeologicznym stanowisku nr 2 w Nowej S\u0142upi. Zwiedzaj\u0105cy jest prowadzony przez wystaw\u0119 g\u0142osem lektora i \u015bwiat\u0142ami. W \u015brodku kina 3D, podczas seansu filmu \u201eGeneza \u017belaza\u201d przenie\u015bli\u015bmy si\u0119 w \u015bwiat \u017celaza, od kosmicznych pocz\u0105tk\u00f3w tego pierwiastka a\u017c po mineralizacj\u0119 ska\u0142 znalezionych w kopalni w Rudkach.<\/p>\n\n\n\n<p>Nast\u0119pnie, wchodz\u0105c Drog\u0105 Kr\u00f3lewsk\u0105, \u00f3smoklasi\u015bci zdobyli \u015awi\u0119ty Krzy\u017c. Podziwiali klasztor, zwiedzili Muzeum Przyrodnicze oraz zobaczyli Go\u0142oborze. Na koniec w osadzie w Centrum Kulturowo- Archeologicznym w Nowej S\u0142upi odby\u0142o si\u0119 ognisko integracyjne, podczas kt\u00f3rego mo\u017cna by\u0142o swobodnie porozmawia\u0107 ze sob\u0105 i z nauczycielami. By\u0142 te\u017c czas na s\u0142ynne pyszne lody. Wycieczka by\u0142a udana dzi\u0119ki sprzyjaj\u0105cej pogodzie.<\/p>\n\n\n\n<p>Dorota Broni\u015b<\/p>\n\n\n\n<p>Urszula Sodel<\/p>\n\n\n\n<p>Ks. Konrad Walerczak<\/p>\n\n\n\n<p><\/p>\n\n\n\n<p><\/p>\n\n\n\n<figure class=\"wp-block-video\"><video controls src=\"http:\/\/sp1.kielce.eu\/wp-content\/uploads\/2022\/06\/Wycieczka-Nowa-Seupia-Uwi\u00a6Oty-Krzy-.mp4\"><\/video><\/figure>\n","protected":false},"excerpt":{"rendered":"<p>Z okazji Dnia Dziecka kl. 8b i 8c wybra\u0142y si\u0119 na wycieczk\u0119 w G\u00f3ry \u015awi\u0119tokrzyskie [&hellip;]<\/p>\n","protected":false},"author":5,"featured_media":22856,"comment_status":"closed","ping_status":"","sticky":false,"template":"","format":"standard","meta":{"footnotes":""},"categories":[36],"tags":[],"class_list":["post-22852","post","type-post","status-publish","format-standard","has-post-thumbnail","hentry","category-wydarzenia"],"_links":{"self":[{"href":"https:\/\/sp1.kielce.eu\/index.php\/wp-json\/wp\/v2\/posts\/22852","targetHints":{"allow":["GET"]}}],"collection":[{"href":"https:\/\/sp1.kielce.eu\/index.php\/wp-json\/wp\/v2\/posts"}],"about":[{"href":"https:\/\/sp1.kielce.eu\/index.php\/wp-json\/wp\/v2\/types\/post"}],"author":[{"embeddable":true,"href":"https:\/\/sp1.kielce.eu\/index.php\/wp-json\/wp\/v2\/users\/5"}],"replies":[{"embeddable":true,"href":"https:\/\/sp1.kielce.eu\/index.php\/wp-json\/wp\/v2\/comments?post=22852"}],"version-history":[{"count":1,"href":"https:\/\/sp1.kielce.eu\/index.php\/wp-json\/wp\/v2\/posts\/22852\/revisions"}],"predecessor-version":[{"id":22857,"href":"https:\/\/sp1.kielce.eu\/index.php\/wp-json\/wp\/v2\/posts\/22852\/revisions\/22857"}],"wp:featuredmedia":[{"embeddable":true,"href":"https:\/\/sp1.kielce.eu\/index.php\/wp-json\/wp\/v2\/media\/22856"}],"wp:attachment":[{"href":"https:\/\/sp1.kielce.eu\/index.php\/wp-json\/wp\/v2\/media?parent=22852"}],"wp:term":[{"taxonomy":"category","embeddable":true,"href":"https:\/\/sp1.kielce.eu\/index.php\/wp-json\/wp\/v2\/categories?post=22852"},{"taxonomy":"post_tag","embeddable":true,"href":"https:\/\/sp1.kielce.eu\/index.php\/wp-json\/wp\/v2\/tags?post=22852"}],"curies":[{"name":"wp","href":"https:\/\/api.w.org\/{rel}","templated":true}]}}