{"id":22832,"date":"2022-06-07T17:19:37","date_gmt":"2022-06-07T15:19:37","guid":{"rendered":"http:\/\/sp1.kielce.eu\/?p=22832"},"modified":"2022-06-07T17:19:37","modified_gmt":"2022-06-07T15:19:37","slug":"w-swiecie-basni-i-bajek","status":"publish","type":"post","link":"https:\/\/sp1.kielce.eu\/index.php\/2022\/06\/07\/w-swiecie-basni-i-bajek\/","title":{"rendered":"W \u015bwiecie ba\u015bni i bajek"},"content":{"rendered":"\n<h1 class=\"wp-block-heading\">Uczniowie kl Ib na zaj\u0119ciach bibliotecznych rysowali ulubionych bohater\u00f3w bajek i ba\u015bni.<\/h1>\n\n\n\n<h1 class=\"wp-block-heading\">Celem zaj\u0119\u0107 by\u0142o:<br><br>\u2022 Kszta\u0142towanie emocjonalnego stosunku do ksi\u0105\u017cki jako \u017ar\u00f3d\u0142a prze\u017cy\u0107<br>&nbsp; i wiedzy.<br>\u2022 Budzenie ciekawo\u015bci poznawczej.<br>\u2022 Rozwijanie tw\u00f3rczej inwencji dzieci.<br>\u2022 Budzenie zainteresowa\u0144 czytelniczych.<br>\u2022 Rozwijanie fantazji dziecka.<\/h1>\n\n\n\n<p>\u00a0\u00a0\u00a0\u00a0\u00a0\u00a0\u00a0\u00a0\u00a0\u00a0\u00a0\u00a0\u00a0\u00a0\u00a0\u00a0\u00a0\u00a0\u00a0\u00a0\u00a0\u00a0\u00a0\u00a0\u00a0\u00a0\u00a0\u00a0\u00a0\u00a0\u00a0\u00a0\u00a0\u00a0\u00a0\u00a0\u00a0\u00a0\u00a0\u00a0\u00a0\u00a0\u00a0\u00a0\u00a0\u00a0\u00a0\u00a0\u00a0\u00a0\u00a0\u00a0\u00a0\u00a0\u00a0\u00a0\u00a0\u00a0\u00a0\u00a0\u00a0\u00a0\u00a0\u00a0\u00a0\u00a0\u00a0\u00a0\u00a0\u00a0\u00a0\u00a0\u00a0\u00a0\u00a0\u00a0\u00a0\u00a0\u00a0\u00a0\u00a0\u00a0\u00a0\u00a0\u00a0\u00a0\u00a0\u00a0\u00a0\u00a0\u00a0\u00a0\u00a0\u00a0\u00a0\u00a0\u00a0\u00a0\u00a0\u00a0\u00a0\u00a0\u00a0 Opracowa\u0142a Aneta Trzci\u0144ska<\/p>\n\n\n\n<figure class=\"wp-block-gallery has-nested-images columns-default is-cropped wp-block-gallery-1 is-layout-flex wp-block-gallery-is-layout-flex\">\n<figure class=\"wp-block-image size-large\"><a href=\"http:\/\/sp1.kielce.eu\/wp-content\/uploads\/2022\/06\/pobierz-1-scaled.jpg\"><img loading=\"lazy\" decoding=\"async\" width=\"1920\" height=\"2560\" data-id=\"22833\" src=\"http:\/\/sp1.kielce.eu\/wp-content\/uploads\/2022\/06\/pobierz-1-scaled.jpg\" alt=\"\" class=\"wp-image-22833\" srcset=\"https:\/\/sp1.kielce.eu\/wp-content\/uploads\/2022\/06\/pobierz-1-scaled.jpg 1920w, https:\/\/sp1.kielce.eu\/wp-content\/uploads\/2022\/06\/pobierz-1-225x300.jpg 225w, https:\/\/sp1.kielce.eu\/wp-content\/uploads\/2022\/06\/pobierz-1-675x900.jpg 675w, https:\/\/sp1.kielce.eu\/wp-content\/uploads\/2022\/06\/pobierz-1-768x1024.jpg 768w, https:\/\/sp1.kielce.eu\/wp-content\/uploads\/2022\/06\/pobierz-1-1152x1536.jpg 1152w, https:\/\/sp1.kielce.eu\/wp-content\/uploads\/2022\/06\/pobierz-1-1536x2048.jpg 1536w, https:\/\/sp1.kielce.eu\/wp-content\/uploads\/2022\/06\/pobierz-1-820x1093.jpg 820w\" sizes=\"auto, (max-width: 1920px) 100vw, 1920px\" \/><\/a><\/figure>\n\n\n\n<figure class=\"wp-block-image size-large\"><a href=\"http:\/\/sp1.kielce.eu\/wp-content\/uploads\/2022\/06\/pobierz-2-scaled.jpg\"><img loading=\"lazy\" decoding=\"async\" width=\"2560\" height=\"2560\" data-id=\"22834\" src=\"http:\/\/sp1.kielce.eu\/wp-content\/uploads\/2022\/06\/pobierz-2-scaled.jpg\" alt=\"\" class=\"wp-image-22834\" srcset=\"https:\/\/sp1.kielce.eu\/wp-content\/uploads\/2022\/06\/pobierz-2-scaled.jpg 2560w, https:\/\/sp1.kielce.eu\/wp-content\/uploads\/2022\/06\/pobierz-2-300x300.jpg 300w, https:\/\/sp1.kielce.eu\/wp-content\/uploads\/2022\/06\/pobierz-2-900x900.jpg 900w, https:\/\/sp1.kielce.eu\/wp-content\/uploads\/2022\/06\/pobierz-2-150x150.jpg 150w, https:\/\/sp1.kielce.eu\/wp-content\/uploads\/2022\/06\/pobierz-2-768x768.jpg 768w, https:\/\/sp1.kielce.eu\/wp-content\/uploads\/2022\/06\/pobierz-2-1536x1536.jpg 1536w, https:\/\/sp1.kielce.eu\/wp-content\/uploads\/2022\/06\/pobierz-2-2048x2048.jpg 2048w, https:\/\/sp1.kielce.eu\/wp-content\/uploads\/2022\/06\/pobierz-2-820x820.jpg 820w\" sizes=\"auto, (max-width: 2560px) 100vw, 2560px\" \/><\/a><\/figure>\n\n\n\n<figure class=\"wp-block-image size-large\"><a href=\"http:\/\/sp1.kielce.eu\/wp-content\/uploads\/2022\/06\/pobierz-3-scaled.jpg\"><img loading=\"lazy\" decoding=\"async\" width=\"2560\" height=\"2560\" data-id=\"22835\" src=\"http:\/\/sp1.kielce.eu\/wp-content\/uploads\/2022\/06\/pobierz-3-scaled.jpg\" alt=\"\" class=\"wp-image-22835\" srcset=\"https:\/\/sp1.kielce.eu\/wp-content\/uploads\/2022\/06\/pobierz-3-scaled.jpg 2560w, https:\/\/sp1.kielce.eu\/wp-content\/uploads\/2022\/06\/pobierz-3-300x300.jpg 300w, https:\/\/sp1.kielce.eu\/wp-content\/uploads\/2022\/06\/pobierz-3-900x900.jpg 900w, https:\/\/sp1.kielce.eu\/wp-content\/uploads\/2022\/06\/pobierz-3-150x150.jpg 150w, https:\/\/sp1.kielce.eu\/wp-content\/uploads\/2022\/06\/pobierz-3-768x768.jpg 768w, https:\/\/sp1.kielce.eu\/wp-content\/uploads\/2022\/06\/pobierz-3-1536x1536.jpg 1536w, https:\/\/sp1.kielce.eu\/wp-content\/uploads\/2022\/06\/pobierz-3-2048x2048.jpg 2048w, https:\/\/sp1.kielce.eu\/wp-content\/uploads\/2022\/06\/pobierz-3-820x820.jpg 820w\" sizes=\"auto, (max-width: 2560px) 100vw, 2560px\" \/><\/a><\/figure>\n\n\n\n<figure class=\"wp-block-image size-large\"><a href=\"http:\/\/sp1.kielce.eu\/wp-content\/uploads\/2022\/06\/pobierz-4-scaled.jpg\"><img loading=\"lazy\" decoding=\"async\" width=\"2560\" height=\"2560\" data-id=\"22836\" src=\"http:\/\/sp1.kielce.eu\/wp-content\/uploads\/2022\/06\/pobierz-4-scaled.jpg\" alt=\"\" class=\"wp-image-22836\" srcset=\"https:\/\/sp1.kielce.eu\/wp-content\/uploads\/2022\/06\/pobierz-4-scaled.jpg 2560w, https:\/\/sp1.kielce.eu\/wp-content\/uploads\/2022\/06\/pobierz-4-300x300.jpg 300w, https:\/\/sp1.kielce.eu\/wp-content\/uploads\/2022\/06\/pobierz-4-900x900.jpg 900w, https:\/\/sp1.kielce.eu\/wp-content\/uploads\/2022\/06\/pobierz-4-150x150.jpg 150w, https:\/\/sp1.kielce.eu\/wp-content\/uploads\/2022\/06\/pobierz-4-768x768.jpg 768w, https:\/\/sp1.kielce.eu\/wp-content\/uploads\/2022\/06\/pobierz-4-1536x1536.jpg 1536w, https:\/\/sp1.kielce.eu\/wp-content\/uploads\/2022\/06\/pobierz-4-2048x2048.jpg 2048w, https:\/\/sp1.kielce.eu\/wp-content\/uploads\/2022\/06\/pobierz-4-820x820.jpg 820w\" sizes=\"auto, (max-width: 2560px) 100vw, 2560px\" \/><\/a><\/figure>\n\n\n\n<figure class=\"wp-block-image size-large\"><a href=\"http:\/\/sp1.kielce.eu\/wp-content\/uploads\/2022\/06\/pobierz-5-scaled.jpg\"><img loading=\"lazy\" decoding=\"async\" width=\"2560\" height=\"2560\" data-id=\"22837\" src=\"http:\/\/sp1.kielce.eu\/wp-content\/uploads\/2022\/06\/pobierz-5-scaled.jpg\" alt=\"\" class=\"wp-image-22837\" srcset=\"https:\/\/sp1.kielce.eu\/wp-content\/uploads\/2022\/06\/pobierz-5-scaled.jpg 2560w, https:\/\/sp1.kielce.eu\/wp-content\/uploads\/2022\/06\/pobierz-5-300x300.jpg 300w, https:\/\/sp1.kielce.eu\/wp-content\/uploads\/2022\/06\/pobierz-5-900x900.jpg 900w, https:\/\/sp1.kielce.eu\/wp-content\/uploads\/2022\/06\/pobierz-5-150x150.jpg 150w, https:\/\/sp1.kielce.eu\/wp-content\/uploads\/2022\/06\/pobierz-5-768x768.jpg 768w, https:\/\/sp1.kielce.eu\/wp-content\/uploads\/2022\/06\/pobierz-5-1536x1536.jpg 1536w, https:\/\/sp1.kielce.eu\/wp-content\/uploads\/2022\/06\/pobierz-5-2048x2048.jpg 2048w, https:\/\/sp1.kielce.eu\/wp-content\/uploads\/2022\/06\/pobierz-5-820x820.jpg 820w\" sizes=\"auto, (max-width: 2560px) 100vw, 2560px\" \/><\/a><\/figure>\n\n\n\n<figure class=\"wp-block-image size-large\"><a href=\"http:\/\/sp1.kielce.eu\/wp-content\/uploads\/2022\/06\/pobierz-6-scaled.jpg\"><img loading=\"lazy\" decoding=\"async\" width=\"2560\" height=\"2560\" data-id=\"22838\" src=\"http:\/\/sp1.kielce.eu\/wp-content\/uploads\/2022\/06\/pobierz-6-scaled.jpg\" alt=\"\" class=\"wp-image-22838\" srcset=\"https:\/\/sp1.kielce.eu\/wp-content\/uploads\/2022\/06\/pobierz-6-scaled.jpg 2560w, https:\/\/sp1.kielce.eu\/wp-content\/uploads\/2022\/06\/pobierz-6-300x300.jpg 300w, https:\/\/sp1.kielce.eu\/wp-content\/uploads\/2022\/06\/pobierz-6-900x900.jpg 900w, https:\/\/sp1.kielce.eu\/wp-content\/uploads\/2022\/06\/pobierz-6-150x150.jpg 150w, https:\/\/sp1.kielce.eu\/wp-content\/uploads\/2022\/06\/pobierz-6-768x768.jpg 768w, https:\/\/sp1.kielce.eu\/wp-content\/uploads\/2022\/06\/pobierz-6-1536x1536.jpg 1536w, https:\/\/sp1.kielce.eu\/wp-content\/uploads\/2022\/06\/pobierz-6-2048x2048.jpg 2048w, https:\/\/sp1.kielce.eu\/wp-content\/uploads\/2022\/06\/pobierz-6-820x820.jpg 820w\" sizes=\"auto, (max-width: 2560px) 100vw, 2560px\" \/><\/a><\/figure>\n\n\n\n<figure class=\"wp-block-image size-large\"><a href=\"http:\/\/sp1.kielce.eu\/wp-content\/uploads\/2022\/06\/pobierz-7-scaled.jpg\"><img loading=\"lazy\" decoding=\"async\" width=\"2560\" height=\"2560\" data-id=\"22839\" src=\"http:\/\/sp1.kielce.eu\/wp-content\/uploads\/2022\/06\/pobierz-7-scaled.jpg\" alt=\"\" class=\"wp-image-22839\" srcset=\"https:\/\/sp1.kielce.eu\/wp-content\/uploads\/2022\/06\/pobierz-7-scaled.jpg 2560w, https:\/\/sp1.kielce.eu\/wp-content\/uploads\/2022\/06\/pobierz-7-300x300.jpg 300w, https:\/\/sp1.kielce.eu\/wp-content\/uploads\/2022\/06\/pobierz-7-900x900.jpg 900w, https:\/\/sp1.kielce.eu\/wp-content\/uploads\/2022\/06\/pobierz-7-150x150.jpg 150w, https:\/\/sp1.kielce.eu\/wp-content\/uploads\/2022\/06\/pobierz-7-768x768.jpg 768w, https:\/\/sp1.kielce.eu\/wp-content\/uploads\/2022\/06\/pobierz-7-1536x1536.jpg 1536w, https:\/\/sp1.kielce.eu\/wp-content\/uploads\/2022\/06\/pobierz-7-2048x2048.jpg 2048w, https:\/\/sp1.kielce.eu\/wp-content\/uploads\/2022\/06\/pobierz-7-820x820.jpg 820w\" sizes=\"auto, (max-width: 2560px) 100vw, 2560px\" \/><\/a><\/figure>\n\n\n\n<figure class=\"wp-block-image size-large\"><a href=\"http:\/\/sp1.kielce.eu\/wp-content\/uploads\/2022\/06\/pobierz-8-scaled.jpg\"><img loading=\"lazy\" decoding=\"async\" width=\"2560\" height=\"2560\" data-id=\"22840\" src=\"http:\/\/sp1.kielce.eu\/wp-content\/uploads\/2022\/06\/pobierz-8-scaled.jpg\" alt=\"\" class=\"wp-image-22840\" srcset=\"https:\/\/sp1.kielce.eu\/wp-content\/uploads\/2022\/06\/pobierz-8-scaled.jpg 2560w, https:\/\/sp1.kielce.eu\/wp-content\/uploads\/2022\/06\/pobierz-8-300x300.jpg 300w, https:\/\/sp1.kielce.eu\/wp-content\/uploads\/2022\/06\/pobierz-8-900x900.jpg 900w, https:\/\/sp1.kielce.eu\/wp-content\/uploads\/2022\/06\/pobierz-8-150x150.jpg 150w, https:\/\/sp1.kielce.eu\/wp-content\/uploads\/2022\/06\/pobierz-8-768x768.jpg 768w, https:\/\/sp1.kielce.eu\/wp-content\/uploads\/2022\/06\/pobierz-8-1536x1536.jpg 1536w, https:\/\/sp1.kielce.eu\/wp-content\/uploads\/2022\/06\/pobierz-8-2048x2048.jpg 2048w, https:\/\/sp1.kielce.eu\/wp-content\/uploads\/2022\/06\/pobierz-8-820x820.jpg 820w\" sizes=\"auto, (max-width: 2560px) 100vw, 2560px\" \/><\/a><\/figure>\n<\/figure>\n","protected":false},"excerpt":{"rendered":"<p>Uczniowie kl Ib na zaj\u0119ciach bibliotecznych rysowali ulubionych bohater\u00f3w bajek i ba\u015bni. Celem zaj\u0119\u0107 by\u0142o: [&hellip;]<\/p>\n","protected":false},"author":5,"featured_media":22833,"comment_status":"closed","ping_status":"","sticky":false,"template":"","format":"standard","meta":{"footnotes":""},"categories":[36],"tags":[],"class_list":["post-22832","post","type-post","status-publish","format-standard","has-post-thumbnail","hentry","category-wydarzenia"],"_links":{"self":[{"href":"https:\/\/sp1.kielce.eu\/index.php\/wp-json\/wp\/v2\/posts\/22832","targetHints":{"allow":["GET"]}}],"collection":[{"href":"https:\/\/sp1.kielce.eu\/index.php\/wp-json\/wp\/v2\/posts"}],"about":[{"href":"https:\/\/sp1.kielce.eu\/index.php\/wp-json\/wp\/v2\/types\/post"}],"author":[{"embeddable":true,"href":"https:\/\/sp1.kielce.eu\/index.php\/wp-json\/wp\/v2\/users\/5"}],"replies":[{"embeddable":true,"href":"https:\/\/sp1.kielce.eu\/index.php\/wp-json\/wp\/v2\/comments?post=22832"}],"version-history":[{"count":1,"href":"https:\/\/sp1.kielce.eu\/index.php\/wp-json\/wp\/v2\/posts\/22832\/revisions"}],"predecessor-version":[{"id":22841,"href":"https:\/\/sp1.kielce.eu\/index.php\/wp-json\/wp\/v2\/posts\/22832\/revisions\/22841"}],"wp:featuredmedia":[{"embeddable":true,"href":"https:\/\/sp1.kielce.eu\/index.php\/wp-json\/wp\/v2\/media\/22833"}],"wp:attachment":[{"href":"https:\/\/sp1.kielce.eu\/index.php\/wp-json\/wp\/v2\/media?parent=22832"}],"wp:term":[{"taxonomy":"category","embeddable":true,"href":"https:\/\/sp1.kielce.eu\/index.php\/wp-json\/wp\/v2\/categories?post=22832"},{"taxonomy":"post_tag","embeddable":true,"href":"https:\/\/sp1.kielce.eu\/index.php\/wp-json\/wp\/v2\/tags?post=22832"}],"curies":[{"name":"wp","href":"https:\/\/api.w.org\/{rel}","templated":true}]}}