{"id":22817,"date":"2022-06-07T17:38:00","date_gmt":"2022-06-07T15:38:00","guid":{"rendered":"http:\/\/sp1.kielce.eu\/?p=22817"},"modified":"2022-06-07T17:40:19","modified_gmt":"2022-06-07T15:40:19","slug":"xix-miedzyszkolny-konkurs-literacko-plastyczny-z-ekologia-za-pan-brat","status":"publish","type":"post","link":"https:\/\/sp1.kielce.eu\/index.php\/2022\/06\/07\/xix-miedzyszkolny-konkurs-literacko-plastyczny-z-ekologia-za-pan-brat\/","title":{"rendered":"XIX Mi\u0119dzyszkolny Konkurs Literacko \u2013 Plastyczny &#8222;Z Ekologi\u0105 za Pan Brat&#8221;"},"content":{"rendered":"\n<p>W tym roku po raz 19. odby\u0142 si\u0119 w naszej szkole Mi\u0119dzyszkolny Konkurs Literacko-Plastyczny \u201eZ EKOLOGI\u0104 ZA PAN BRAT\u201d. Konkurs zosta\u0142 obj\u0119ty honorowym patronatem Pana Prezydenta Miasta Kielce oraz \u015awi\u0119tokrzyskiego Kuratora O\u015bwiaty i by\u0142 przeznaczony dla uczni\u00f3w klas IV \u2013 VIII kieleckich szk\u00f3\u0142 podstawowych.<\/p>\n\n\n\n<p>Tradycyjnie uczestnicy rywalizowali w pi\u0119ciu kategoriach: literackiej, plastycznej, fotograficznej, prezentacji multimedialnej oraz po raz pi\u0105ty \u2013 piosenki o tematyce ekologicznej.<\/p>\n\n\n\n<p>Bardzo dzi\u0119kujemy sponsorom za pomoc przy organizacji Konkursu.<\/p>\n\n\n\n<p>Kielce, 03.06.2022 r.<\/p>\n\n\n\n<p><strong>PROTOK\u00d3\u0141 Z PRZYZNANIA NAGR\u00d3D I WYR\u00d3\u017bNIE\u0143<\/strong><br><strong>W XIX MI\u0118DZYSZKOLNYM&nbsp; KONKURSIE \u201eZ EKOLOGI\u0104 ZA PAN BRAT\u201d<\/strong><\/p>\n\n\n\n<p><strong>Sponsorami i patronami XIX edycji konkursu byli:<\/strong><\/p>\n\n\n\n<p><br><strong>Prezydent Miasta Kielce<\/strong><\/p>\n\n\n\n<p><strong>\u015awi\u0119tokrzyski Kurator O\u015bwiaty<\/strong><\/p>\n\n\n\n<p><strong>Urz\u0105d Miasta Kielce<\/strong><\/p>\n\n\n\n<p><strong>Sp\u00f3\u0142dzielnia Mieszkaniowa \u201eBocianek\u201d w Kielcach<\/strong><\/p>\n\n\n\n<p>Do konkursu zg\u0142oszono prace z ka\u017cdej kategorii. W tym roku wp\u0142yn\u0119\u0142o najwi\u0119cej prac plastycznych wykonanych dowoln\u0105 technik\u0105. Du\u017c\u0105 cz\u0119\u015b\u0107 prac stanowi\u0142y tak\u017ce fotografie, prezentacje multimedialne oraz prace literackie. W kategorii wokalnej zg\u0142oszono utwory wykonywane solowo oraz zespo\u0142owo.<\/p>\n\n\n\n<p>Organizatorzy XIX Mi\u0119dzyszkolnego Konkursu \u201eZ ekologi\u0105 za pan brat\u201d powo\u0142ali komisj\u0119 konkursow\u0105 w sk\u0142adzie:<\/p>\n\n\n\n<p>\u017baneta Szczepaniak \u2013 dyrektor szko\u0142y<br>Krystyna Banasik \u2013 nauczyciel biologii<br>Dorota Broni\u015b \u2013 nauczyciel j\u0119zyka polskiego<br>Piotr Surma \u2013 nauczyciel j\u0119zyka angielskiego<br>Dariusz St\u0119pie\u0144 \u2013 nauczyciel informatyki<\/p>\n\n\n\n<p>Emilia Orkisz- nauczyciel muzyki<\/p>\n\n\n\n<p>Marzena Kwiecie\u0144 \u2013 nauczyciel plastyki<\/p>\n\n\n\n<p><strong>Komisja, po przeanalizowaniu prac, przyzna\u0142a nagrody w konkursie literackim \u201eMoja ekologiczna przygoda\u201d:<\/strong><\/p>\n\n\n\n<p>I miejsce \u2013 Wiktor Snochowski, SP 34 ( opiekun: Katarzyna Musia\u0142)<\/p>\n\n\n\n<p>I miejsce- Maciej Dziewi\u0119cki, SP 18 (opiekun: Joanna Kozub)<\/p>\n\n\n\n<p>II miejsce \u2013&nbsp; Hanna Ko\u017cuchowska, SP 39 ( opiekun: Ewa Pa\u0142ka- \u0141ebek)<\/p>\n\n\n\n<p>III miejsce \u2013 Jakub Sarek, SP 8 ( opiekun: Jolanta Malarczyk)<\/p>\n\n\n\n<p>III miejsce- Sebastian Wyderski , SP15 (opiekun: Edyta Salwa)<\/p>\n\n\n\n<p>Wyr\u00f3\u017cnienia: Agata Kieszkowska , SP 18 (opiekun: Joanna Kozub)<\/p>\n\n\n\n<p>Marcel Szyc, ZSP 1 (opiekun: Paulina Nadrzewia)<\/p>\n\n\n\n<p><strong>W konkursie plastycznym na temat \u201eLe\u015bna sie\u0107 pokarmowa\u201d komisja przyzna\u0142a nagrody uczniom:<\/strong><\/p>\n\n\n\n<p>I miejsce -Milena Przygoda, SP 32, (opiekun: El\u017cbieta Kosek)<\/p>\n\n\n\n<p>II miejsce \u2013 Krzysztof Nowak , SP 24 (opiekun: Anna Musia\u0142)<\/p>\n\n\n\n<p>III miejsce \u2013 Igor Zatelmajer , SP1( opiekun: Krystyna Banasik)<\/p>\n\n\n\n<p>Nagroda specjalna- Kamil Mazur, SP 1 (opiekun: Krystyna Banasik)<\/p>\n\n\n\n<p>Wyr\u00f3\u017cnienia:<\/p>\n\n\n\n<p>Zuzanna Gil, SP 27 (opiekun: Jolanta Brodzi\u0144ska)<\/p>\n\n\n\n<p>Helena Granek , SP 8 (opiekun: Jolanta Malarczyk)<\/p>\n\n\n\n<p>Igor Adamiec, SP 34 (opiekun: Katarzyna Musia\u0142, Magdalena Bartocha)<\/p>\n\n\n\n<p><br><strong>W kategorii fotograficznej ,,Kielce bez smogu\u201d nast\u0105pi\u0142o poni\u017csze rozstrzygni\u0119cie:<\/strong><\/p>\n\n\n\n<p>I miejsce \u2013 Tomasz Grabczak, SP 1 (opiekun: El\u017cbieta W\u00f3jcik)<\/p>\n\n\n\n<p>II miejsce \u2013 Oliwia Jarnecka , SP 27 (opiekun: Jolanta Brodzi\u0144ska)<\/p>\n\n\n\n<p>II miejsce- Daria Lasia , ZSP 1 (opiekun: Magdalena Janus)<\/p>\n\n\n\n<p>III miejsce \u2013 Maja Mazur , SP 27 (opiekun: Jolanta Brodzi\u0144ska)<\/p>\n\n\n\n<p>Wyr\u00f3\u017cnienie: Borys Wojda , SP 27 (opiekun: Jolanta Brodzi\u0144ska)<\/p>\n\n\n\n<p><strong>Za prezentacj\u0119 multimedialn\u0105 \u201eRola las\u00f3w w oczyszczaniu powietrza\u201d przyznano:<\/strong><\/p>\n\n\n\n<p>I miejsce \u2013 Daria Lasia, SP 32 (opiekun: Ma\u0142gorzata Pacholec)<\/p>\n\n\n\n<p>II miejsce \u2013 Franciszek Banasik (opiekun: Dariusz St\u0119pie\u0144)<\/p>\n\n\n\n<p>III miejsce \u2013 Antoni Tusie\u0144 , SP 8 (opiekun: Jolanta Malarczyk )<\/p>\n\n\n\n<p>Wyr\u00f3\u017cnienie: Sebastian Wyderski , SP 15 (opiekun: Edyta Salwa)<br><br><strong>W kategorii \u201ePiosenka ekologiczna\u201d ostateczne&nbsp; rozstrzygni\u0119cia przedstawiaj\u0105 si\u0119 nast\u0119puj\u0105co:<\/strong><\/p>\n\n\n\n<p>I miejsce \u2013 Aleksandra Zar\u0119ba , SP 33 ( opiekun: Beata Wolska \u2013 Pawlak)<\/p>\n\n\n\n<p>II miejsce \u2013 Nikola Jarosz , SP 12 (opiekun: Agnieszka Wyderska)<\/p>\n\n\n\n<p>III miejsce \u2013 Ewa Hlebicka- J\u00f3zefowicz (opiekun: Emilia Orkisz)<\/p>\n\n\n\n<p>Wyr\u00f3\u017cnienie: Lena Brela i Aleksandra St\u0119pie\u0144, SP 27 ( opiekun: Jolanta Brodzi\u0144ska)<\/p>\n\n\n\n<p>Komisja:<br>\u017baneta Szczepaniak<br>Krystyna Banasik<br>Dorota Broni\u015b<br>Dariusz St\u0119pie\u0144<br>Piotr Surma<\/p>\n\n\n\n<p>Emilia Orkisz<\/p>\n\n\n\n<p>Marzena Kwiecie\u0144<\/p>\n\n\n\n<p>Gratulujemy serdecznie zwyci\u0119zcom. Nagrody zostan\u0105 dostarczone do poszczeg\u00f3lnych szk\u00f3\u0142.<\/p>\n\n\n\n<p>Zapraszamy do obejrzenia filmu podsumowuj\u0105cego XIX Mi\u0119dzyszkolny Konkurs Literacko \u2013 Plastyczny \u201eZ Ekologi\u0105 za Pan Brat\u201d.<\/p>\n\n\n\n<figure class=\"wp-block-embed is-type-video is-provider-youtube wp-block-embed-youtube wp-embed-aspect-16-9 wp-has-aspect-ratio\"><div class=\"wp-block-embed__wrapper\">\n<iframe loading=\"lazy\" title=\"Z ekologi\u0105 za pan brat\" width=\"1160\" height=\"653\" src=\"https:\/\/www.youtube.com\/embed\/jmUpGWmRH1g?feature=oembed\" frameborder=\"0\" allow=\"accelerometer; autoplay; clipboard-write; encrypted-media; gyroscope; picture-in-picture\" allowfullscreen><\/iframe>\n<\/div><\/figure>\n","protected":false},"excerpt":{"rendered":"<p>W tym roku po raz 19. odby\u0142 si\u0119 w naszej szkole Mi\u0119dzyszkolny Konkurs Literacko-Plastyczny \u201eZ [&hellip;]<\/p>\n","protected":false},"author":5,"featured_media":22818,"comment_status":"closed","ping_status":"","sticky":false,"template":"","format":"standard","meta":{"footnotes":""},"categories":[36],"tags":[],"class_list":["post-22817","post","type-post","status-publish","format-standard","has-post-thumbnail","hentry","category-wydarzenia"],"_links":{"self":[{"href":"https:\/\/sp1.kielce.eu\/index.php\/wp-json\/wp\/v2\/posts\/22817","targetHints":{"allow":["GET"]}}],"collection":[{"href":"https:\/\/sp1.kielce.eu\/index.php\/wp-json\/wp\/v2\/posts"}],"about":[{"href":"https:\/\/sp1.kielce.eu\/index.php\/wp-json\/wp\/v2\/types\/post"}],"author":[{"embeddable":true,"href":"https:\/\/sp1.kielce.eu\/index.php\/wp-json\/wp\/v2\/users\/5"}],"replies":[{"embeddable":true,"href":"https:\/\/sp1.kielce.eu\/index.php\/wp-json\/wp\/v2\/comments?post=22817"}],"version-history":[{"count":1,"href":"https:\/\/sp1.kielce.eu\/index.php\/wp-json\/wp\/v2\/posts\/22817\/revisions"}],"predecessor-version":[{"id":22819,"href":"https:\/\/sp1.kielce.eu\/index.php\/wp-json\/wp\/v2\/posts\/22817\/revisions\/22819"}],"wp:featuredmedia":[{"embeddable":true,"href":"https:\/\/sp1.kielce.eu\/index.php\/wp-json\/wp\/v2\/media\/22818"}],"wp:attachment":[{"href":"https:\/\/sp1.kielce.eu\/index.php\/wp-json\/wp\/v2\/media?parent=22817"}],"wp:term":[{"taxonomy":"category","embeddable":true,"href":"https:\/\/sp1.kielce.eu\/index.php\/wp-json\/wp\/v2\/categories?post=22817"},{"taxonomy":"post_tag","embeddable":true,"href":"https:\/\/sp1.kielce.eu\/index.php\/wp-json\/wp\/v2\/tags?post=22817"}],"curies":[{"name":"wp","href":"https:\/\/api.w.org\/{rel}","templated":true}]}}