{"id":22669,"date":"2022-05-30T11:11:51","date_gmt":"2022-05-30T09:11:51","guid":{"rendered":"http:\/\/sp1.kielce.eu\/?p=22669"},"modified":"2022-05-30T11:11:51","modified_gmt":"2022-05-30T09:11:51","slug":"mistrzostwa-kielc-w-trojboju-lekkoatletycznym-szkol-podstawowych-chlopcow","status":"publish","type":"post","link":"https:\/\/sp1.kielce.eu\/index.php\/2022\/05\/30\/mistrzostwa-kielc-w-trojboju-lekkoatletycznym-szkol-podstawowych-chlopcow\/","title":{"rendered":"Mistrzostwa Kielc w Tr\u00f3jboju Lekkoatletycznym Szk\u00f3\u0142 Podstawowych Ch\u0142opc\u00f3w"},"content":{"rendered":"\n<p>Dnia 19.05.2022r. w Sp 39 odby\u0142y si\u0119 zawody Mistrzostw Kielc&nbsp; w&nbsp; tr\u00f3jboju lekkoatletycznym ch\u0142opc\u00f3w zorganizowanym dla uczni\u00f3w szk\u00f3\u0142 podstawowych z rocznika 2011 oraz m\u0142odszych. Rywalizacja przebiega\u0142a w trzech konkurencjach lekkoatletycznych: bieg na 60 m, skoku &nbsp;w dal oraz rzutu pi\u0142eczk\u0105 palantow\u0105.&nbsp; Za zaj\u0119cie pi\u0105tego miejsca dru\u017cyna otrzyma\u0142a dyplom.<\/p>\n\n\n\n<p>Nauczyciel Wychowania Fizycznego\u00a0\u00a0\u00a0\u00a0\u00a0\u00a0\u00a0\u00a0\u00a0\u00a0\u00a0\u00a0\u00a0\u00a0\u00a0\u00a0\u00a0\u00a0\u00a0\u00a0\u00a0\u00a0\u00a0\u00a0\u00a0\u00a0\u00a0\u00a0\u00a0\u00a0\u00a0\u00a0\u00a0\u00a0\u00a0\u00a0\u00a0\u00a0\u00a0\u00a0\u00a0\u00a0\u00a0\u00a0\u00a0\u00a0\u00a0\u00a0\u00a0\u00a0\u00a0\u00a0\u00a0\u00a0\u00a0\u00a0\u00a0\u00a0\u00a0\u00a0\u00a0\u00a0\u00a0\u00a0\u00a0\u00a0\u00a0\u00a0\u00a0\u00a0\u00a0\u00a0\u00a0\u00a0\u00a0\u00a0\u00a0\u00a0\u00a0\u00a0\u00a0\u00a0\u00a0\u00a0\u00a0\u00a0\u00a0\u00a0\u00a0\u00a0\u00a0\u00a0\u00a0\u00a0\u00a0\u00a0\u00a0\u00a0\u00a0\u00a0\u00a0\u00a0\u00a0\u00a0\u00a0\u00a0\u00a0 Remigiusz Krzywda<\/p>\n\n\n\n<figure class=\"wp-block-gallery has-nested-images columns-default is-cropped wp-block-gallery-1 is-layout-flex wp-block-gallery-is-layout-flex\">\n<figure class=\"wp-block-image size-large\"><a href=\"http:\/\/sp1.kielce.eu\/wp-content\/uploads\/2022\/05\/20220519_131242-1-Medium.jpg\"><img loading=\"lazy\" decoding=\"async\" width=\"1024\" height=\"768\" data-id=\"22670\" src=\"http:\/\/sp1.kielce.eu\/wp-content\/uploads\/2022\/05\/20220519_131242-1-Medium.jpg\" alt=\"\" class=\"wp-image-22670\" srcset=\"https:\/\/sp1.kielce.eu\/wp-content\/uploads\/2022\/05\/20220519_131242-1-Medium.jpg 1024w, https:\/\/sp1.kielce.eu\/wp-content\/uploads\/2022\/05\/20220519_131242-1-Medium-300x225.jpg 300w, https:\/\/sp1.kielce.eu\/wp-content\/uploads\/2022\/05\/20220519_131242-1-Medium-768x576.jpg 768w, https:\/\/sp1.kielce.eu\/wp-content\/uploads\/2022\/05\/20220519_131242-1-Medium-820x615.jpg 820w\" sizes=\"auto, (max-width: 1024px) 100vw, 1024px\" \/><\/a><\/figure>\n\n\n\n<figure class=\"wp-block-image size-large\"><a href=\"http:\/\/sp1.kielce.eu\/wp-content\/uploads\/2022\/05\/LA-Medium.jpg\"><img loading=\"lazy\" decoding=\"async\" width=\"768\" height=\"1024\" data-id=\"22671\" src=\"http:\/\/sp1.kielce.eu\/wp-content\/uploads\/2022\/05\/LA-Medium.jpg\" alt=\"\" class=\"wp-image-22671\" srcset=\"https:\/\/sp1.kielce.eu\/wp-content\/uploads\/2022\/05\/LA-Medium.jpg 768w, https:\/\/sp1.kielce.eu\/wp-content\/uploads\/2022\/05\/LA-Medium-225x300.jpg 225w, https:\/\/sp1.kielce.eu\/wp-content\/uploads\/2022\/05\/LA-Medium-675x900.jpg 675w\" sizes=\"auto, (max-width: 768px) 100vw, 768px\" \/><\/a><\/figure>\n\n\n\n<figure class=\"wp-block-image size-large\"><a href=\"http:\/\/sp1.kielce.eu\/wp-content\/uploads\/2022\/05\/LA-Medium-1.jpg\"><img loading=\"lazy\" decoding=\"async\" width=\"768\" height=\"1024\" data-id=\"22672\" src=\"http:\/\/sp1.kielce.eu\/wp-content\/uploads\/2022\/05\/LA-Medium-1.jpg\" alt=\"\" class=\"wp-image-22672\" srcset=\"https:\/\/sp1.kielce.eu\/wp-content\/uploads\/2022\/05\/LA-Medium-1.jpg 768w, https:\/\/sp1.kielce.eu\/wp-content\/uploads\/2022\/05\/LA-Medium-1-225x300.jpg 225w, https:\/\/sp1.kielce.eu\/wp-content\/uploads\/2022\/05\/LA-Medium-1-675x900.jpg 675w\" sizes=\"auto, (max-width: 768px) 100vw, 768px\" \/><\/a><\/figure>\n<\/figure>\n","protected":false},"excerpt":{"rendered":"<p>Dnia 19.05.2022r. w Sp 39 odby\u0142y si\u0119 zawody Mistrzostw Kielc&nbsp; w&nbsp; tr\u00f3jboju lekkoatletycznym ch\u0142opc\u00f3w zorganizowanym [&hellip;]<\/p>\n","protected":false},"author":5,"featured_media":22671,"comment_status":"closed","ping_status":"","sticky":false,"template":"","format":"standard","meta":{"footnotes":""},"categories":[36,11,24],"tags":[],"class_list":["post-22669","post","type-post","status-publish","format-standard","has-post-thumbnail","hentry","category-wydarzenia","category-zawody-sportowe","category-zdrowie"],"_links":{"self":[{"href":"https:\/\/sp1.kielce.eu\/index.php\/wp-json\/wp\/v2\/posts\/22669","targetHints":{"allow":["GET"]}}],"collection":[{"href":"https:\/\/sp1.kielce.eu\/index.php\/wp-json\/wp\/v2\/posts"}],"about":[{"href":"https:\/\/sp1.kielce.eu\/index.php\/wp-json\/wp\/v2\/types\/post"}],"author":[{"embeddable":true,"href":"https:\/\/sp1.kielce.eu\/index.php\/wp-json\/wp\/v2\/users\/5"}],"replies":[{"embeddable":true,"href":"https:\/\/sp1.kielce.eu\/index.php\/wp-json\/wp\/v2\/comments?post=22669"}],"version-history":[{"count":1,"href":"https:\/\/sp1.kielce.eu\/index.php\/wp-json\/wp\/v2\/posts\/22669\/revisions"}],"predecessor-version":[{"id":22673,"href":"https:\/\/sp1.kielce.eu\/index.php\/wp-json\/wp\/v2\/posts\/22669\/revisions\/22673"}],"wp:featuredmedia":[{"embeddable":true,"href":"https:\/\/sp1.kielce.eu\/index.php\/wp-json\/wp\/v2\/media\/22671"}],"wp:attachment":[{"href":"https:\/\/sp1.kielce.eu\/index.php\/wp-json\/wp\/v2\/media?parent=22669"}],"wp:term":[{"taxonomy":"category","embeddable":true,"href":"https:\/\/sp1.kielce.eu\/index.php\/wp-json\/wp\/v2\/categories?post=22669"},{"taxonomy":"post_tag","embeddable":true,"href":"https:\/\/sp1.kielce.eu\/index.php\/wp-json\/wp\/v2\/tags?post=22669"}],"curies":[{"name":"wp","href":"https:\/\/api.w.org\/{rel}","templated":true}]}}