{"id":22646,"date":"2022-05-30T09:30:00","date_gmt":"2022-05-30T07:30:00","guid":{"rendered":"http:\/\/sp1.kielce.eu\/?p=22646"},"modified":"2022-05-28T21:49:11","modified_gmt":"2022-05-28T19:49:11","slug":"xxii-miedzyswietlicowy-konkurs-upominek-dla-mamy","status":"publish","type":"post","link":"https:\/\/sp1.kielce.eu\/index.php\/2022\/05\/30\/xxii-miedzyswietlicowy-konkurs-upominek-dla-mamy\/","title":{"rendered":"XXII Mi\u0119dzy\u015bwietlicowy Konkurs \u201cUpominek dla mamy\u201d"},"content":{"rendered":"\n<p>19 maja 2022 r. w Szkole Podstawowej nr&nbsp;19 im.&nbsp;Ireny Sendlerowej w&nbsp;Kielcach odby\u0142 si\u0119 XXII&nbsp;Miedzy\u015bwietlicowy Konkurs Plastyczno \u2013 Techniczny \u201cUpominek dla mamy\u201d, w&nbsp;kt\u00f3rym udzia\u0142 wzi\u0119\u0142o 11&nbsp;przedstawicieli kieleckich szk\u00f3\u0142 podstawowych. Celem konkursu by\u0142o zach\u0119canie dzieci do tw\u00f3rczej aktywno\u015bci pozalekcyjnej, doskonalenia sprawno\u015bci manualnych oraz rozwijania kreatywno\u015bci. Wykonane przez dzieci prace zachwyci\u0142y kolorami i&nbsp;oryginalnymi pomys\u0142ami.<\/p>\n\n\n\n<p>Nasz\u0105 szkoln\u0105 \u015bwietlic\u0119 reprezentowa\u0142 Filip \u0141abuz z&nbsp;klasy 2a, kt\u00f3ry uzyska\u0142 wyr\u00f3\u017cnienie w&nbsp;konkursie. Serdecznie gratulujemy.<\/p>\n\n\n\n<p>Po wr\u0119czeniu nagr\u00f3d odby\u0142o si\u0119 wspania\u0142e przedstawienie z&nbsp;okazji Dnia Mamy w&nbsp;wykonaniu uczni\u00f3w kl.&nbsp;2a i&nbsp;2b Szko\u0142y Podstawowej nr&nbsp;19. Serdecznie gratulujemy talent\u00f3w m\u0142odym artystom.<\/p>\n\n\n\n<p class=\"has-text-align-right\">Agnieszka Rycombel<\/p>\n\n\n\n<figure class=\"wp-block-gallery has-nested-images columns-default is-cropped wp-block-gallery-1 is-layout-flex wp-block-gallery-is-layout-flex\">\n<figure class=\"wp-block-image size-full\"><img loading=\"lazy\" decoding=\"async\" width=\"391\" height=\"900\" data-id=\"22648\" src=\"http:\/\/sp1.kielce.eu\/wp-content\/uploads\/2022\/05\/20220519_110616-Copy.jpg\" alt=\"\" class=\"wp-image-22648\" srcset=\"https:\/\/sp1.kielce.eu\/wp-content\/uploads\/2022\/05\/20220519_110616-Copy.jpg 391w, https:\/\/sp1.kielce.eu\/wp-content\/uploads\/2022\/05\/20220519_110616-Copy-130x300.jpg 130w\" sizes=\"auto, (max-width: 391px) 100vw, 391px\" \/><\/figure>\n<\/figure>\n","protected":false},"excerpt":{"rendered":"<p>19 maja 2022 r. w Szkole Podstawowej nr&nbsp;19 im.&nbsp;Ireny Sendlerowej w&nbsp;Kielcach odby\u0142 si\u0119 XXII&nbsp;Miedzy\u015bwietlicowy Konkurs [&hellip;]<\/p>\n","protected":false},"author":13,"featured_media":22647,"comment_status":"closed","ping_status":"","sticky":false,"template":"","format":"standard","meta":{"footnotes":""},"categories":[25,21],"tags":[],"class_list":["post-22646","post","type-post","status-publish","format-standard","has-post-thumbnail","hentry","category-swietlica","category-konkursy"],"_links":{"self":[{"href":"https:\/\/sp1.kielce.eu\/index.php\/wp-json\/wp\/v2\/posts\/22646","targetHints":{"allow":["GET"]}}],"collection":[{"href":"https:\/\/sp1.kielce.eu\/index.php\/wp-json\/wp\/v2\/posts"}],"about":[{"href":"https:\/\/sp1.kielce.eu\/index.php\/wp-json\/wp\/v2\/types\/post"}],"author":[{"embeddable":true,"href":"https:\/\/sp1.kielce.eu\/index.php\/wp-json\/wp\/v2\/users\/13"}],"replies":[{"embeddable":true,"href":"https:\/\/sp1.kielce.eu\/index.php\/wp-json\/wp\/v2\/comments?post=22646"}],"version-history":[{"count":2,"href":"https:\/\/sp1.kielce.eu\/index.php\/wp-json\/wp\/v2\/posts\/22646\/revisions"}],"predecessor-version":[{"id":22650,"href":"https:\/\/sp1.kielce.eu\/index.php\/wp-json\/wp\/v2\/posts\/22646\/revisions\/22650"}],"wp:featuredmedia":[{"embeddable":true,"href":"https:\/\/sp1.kielce.eu\/index.php\/wp-json\/wp\/v2\/media\/22647"}],"wp:attachment":[{"href":"https:\/\/sp1.kielce.eu\/index.php\/wp-json\/wp\/v2\/media?parent=22646"}],"wp:term":[{"taxonomy":"category","embeddable":true,"href":"https:\/\/sp1.kielce.eu\/index.php\/wp-json\/wp\/v2\/categories?post=22646"},{"taxonomy":"post_tag","embeddable":true,"href":"https:\/\/sp1.kielce.eu\/index.php\/wp-json\/wp\/v2\/tags?post=22646"}],"curies":[{"name":"wp","href":"https:\/\/api.w.org\/{rel}","templated":true}]}}