{"id":22616,"date":"2022-05-30T08:30:00","date_gmt":"2022-05-30T06:30:00","guid":{"rendered":"http:\/\/sp1.kielce.eu\/?p=22616"},"modified":"2022-05-28T16:35:49","modified_gmt":"2022-05-28T14:35:49","slug":"pola-nadziei-22-v-2022-kwesta-i-podziekowanie","status":"publish","type":"post","link":"https:\/\/sp1.kielce.eu\/index.php\/2022\/05\/30\/pola-nadziei-22-v-2022-kwesta-i-podziekowanie\/","title":{"rendered":"POLA NADZIEI (22 V 2022)\u00a0 \u2013 Kwesta i podzi\u0119kowanie!"},"content":{"rendered":"\n<p>POLA NADZIEI \u2013 idea, wydarzenie, <strong>homilia ks.&nbsp;Stanis\u0142awa S\u0142owika, Dyrektora Caritas-Kielce<\/strong>, <strong>kwest<\/strong>a-<strong>zbi\u00f3rka pieni\u0119dzy do puszek na Hospicjum<\/strong> \u015bw.&nbsp;Matki Teresy z&nbsp;Kalkuty przy par.&nbsp;\u015bw.&nbsp;J\u00f3zefa Robotnika w&nbsp;Kielcach, ju\u017c za nami!<\/p>\n\n\n\n<p>Niedziela, 22&nbsp;maja&nbsp;2022 ukaza\u0142a nam po raz kolejny ogromn\u0105 hojno\u015b\u0107 parafian na rzecz corocznej pomocy finansowej dla Hospicjum Kieleckiego.<\/p>\n\n\n\n<p>Uda\u0142o si\u0119 zebra\u0107 <strong>12 133, 60 z\u0142.<\/strong><\/p>\n\n\n\n<p>Mia\u0142y na to wp\u0142yw: <strong>bardzo dobrze zorganizowany dzie\u0144 P\u00d3L NADZIEI przez ksi\u0119dza Proboszcza Jana I\u0142czyka, g\u0142oszone s\u0142owo BO\u017bE i&nbsp;\u015bwiadectwo ks.&nbsp;Dyrektora Caritas, dzielni Wolontariusze z&nbsp;SP nr&nbsp;1 na czele z&nbsp;ich opiekunem<\/strong>, <strong>wolontariusze z&nbsp;Szko\u0142y Si\u00f3str Nazaretanek, i&nbsp;kilka os\u00f3b ze \u015awietlicy \u201eU&nbsp;J\u00f3zefa\u201d i&nbsp;oczywi\u015bcie Wszyscy tak hojni ofiarodawcy<\/strong>!<\/p>\n\n\n\n<p>Zebrane \u015brodki pieni\u0119\u017cne, przez naszych Wolontariuszy z&nbsp;\u201eJEDYNKI\u201d wraz z&nbsp;Opiekunem, zosta\u0142y przekazane do DCW w&nbsp;Kielcach i&nbsp;tam na miejscu przeliczone. Tam, od koordynatora Wolontariatu Hospicyjnego, p.&nbsp;Dominiki Borkowskiej, otrzymali\u015bmy <strong>szczeg\u00f3lne podzi\u0119kowanie jako SP&nbsp;nr&nbsp;1<\/strong> <strong>za pomoc zorganizowaniu i&nbsp;przeprowadzeniu zbi\u00f3rki pieni\u0119dzy na Hospicjum.<\/strong><\/p>\n\n\n\n<p>Wielkie B\u00d3G ZAP\u0141A\u0106 Wszystkim zaanga\u017cowanym w&nbsp;r\u00f3\u017cny spos\u00f3b w&nbsp;POLA NADZIEI 2022!<\/p>\n\n\n\n<p>\u00a0<strong>Wspieramy Hospicjum, bo cenimy ka\u017cde \u017cycie ludzkie, a\u017c do ko\u0144ca!<\/strong> <\/p>\n\n\n\n<p class=\"has-text-align-right\">ks. Konrad Walerczak, ks. Dariusz W\u0119grzyn, s. Faustyna Czajkowska,<br>p. Krystyna Banasik<\/p>\n\n\n\n<figure class=\"wp-block-gallery has-nested-images columns-default is-cropped wp-block-gallery-1 is-layout-flex wp-block-gallery-is-layout-flex\">\n<figure class=\"wp-block-image size-large\"><a href=\"http:\/\/sp1.kielce.eu\/wp-content\/uploads\/2022\/05\/20220522-103316-Copy.jpg\"><img loading=\"lazy\" decoding=\"async\" width=\"1200\" height=\"900\" data-id=\"22617\" src=\"http:\/\/sp1.kielce.eu\/wp-content\/uploads\/2022\/05\/20220522-103316-Copy.jpg\" alt=\"\" class=\"wp-image-22617\" srcset=\"https:\/\/sp1.kielce.eu\/wp-content\/uploads\/2022\/05\/20220522-103316-Copy.jpg 1200w, https:\/\/sp1.kielce.eu\/wp-content\/uploads\/2022\/05\/20220522-103316-Copy-300x225.jpg 300w, https:\/\/sp1.kielce.eu\/wp-content\/uploads\/2022\/05\/20220522-103316-Copy-768x576.jpg 768w, https:\/\/sp1.kielce.eu\/wp-content\/uploads\/2022\/05\/20220522-103316-Copy-820x615.jpg 820w\" sizes=\"auto, (max-width: 1200px) 100vw, 1200px\" \/><\/a><\/figure>\n\n\n\n<figure class=\"wp-block-image size-large\"><a href=\"http:\/\/sp1.kielce.eu\/wp-content\/uploads\/2022\/05\/20220522-103514-Copy.jpg\"><img loading=\"lazy\" decoding=\"async\" width=\"1200\" height=\"900\" data-id=\"22618\" src=\"http:\/\/sp1.kielce.eu\/wp-content\/uploads\/2022\/05\/20220522-103514-Copy.jpg\" alt=\"\" class=\"wp-image-22618\" srcset=\"https:\/\/sp1.kielce.eu\/wp-content\/uploads\/2022\/05\/20220522-103514-Copy.jpg 1200w, https:\/\/sp1.kielce.eu\/wp-content\/uploads\/2022\/05\/20220522-103514-Copy-300x225.jpg 300w, https:\/\/sp1.kielce.eu\/wp-content\/uploads\/2022\/05\/20220522-103514-Copy-768x576.jpg 768w, https:\/\/sp1.kielce.eu\/wp-content\/uploads\/2022\/05\/20220522-103514-Copy-820x615.jpg 820w\" sizes=\"auto, (max-width: 1200px) 100vw, 1200px\" \/><\/a><\/figure>\n\n\n\n<figure class=\"wp-block-image size-large\"><a href=\"http:\/\/sp1.kielce.eu\/wp-content\/uploads\/2022\/05\/20220522-114820-Copy.jpg\"><img loading=\"lazy\" decoding=\"async\" width=\"1200\" height=\"900\" data-id=\"22621\" src=\"http:\/\/sp1.kielce.eu\/wp-content\/uploads\/2022\/05\/20220522-114820-Copy.jpg\" alt=\"\" class=\"wp-image-22621\" srcset=\"https:\/\/sp1.kielce.eu\/wp-content\/uploads\/2022\/05\/20220522-114820-Copy.jpg 1200w, https:\/\/sp1.kielce.eu\/wp-content\/uploads\/2022\/05\/20220522-114820-Copy-300x225.jpg 300w, https:\/\/sp1.kielce.eu\/wp-content\/uploads\/2022\/05\/20220522-114820-Copy-768x576.jpg 768w, https:\/\/sp1.kielce.eu\/wp-content\/uploads\/2022\/05\/20220522-114820-Copy-820x615.jpg 820w\" sizes=\"auto, (max-width: 1200px) 100vw, 1200px\" \/><\/a><\/figure>\n\n\n\n<figure class=\"wp-block-image size-large\"><a href=\"http:\/\/sp1.kielce.eu\/wp-content\/uploads\/2022\/05\/20220522-115521-Copy.jpg\"><img loading=\"lazy\" decoding=\"async\" width=\"1200\" height=\"900\" data-id=\"22620\" src=\"http:\/\/sp1.kielce.eu\/wp-content\/uploads\/2022\/05\/20220522-115521-Copy.jpg\" alt=\"\" class=\"wp-image-22620\" srcset=\"https:\/\/sp1.kielce.eu\/wp-content\/uploads\/2022\/05\/20220522-115521-Copy.jpg 1200w, https:\/\/sp1.kielce.eu\/wp-content\/uploads\/2022\/05\/20220522-115521-Copy-300x225.jpg 300w, https:\/\/sp1.kielce.eu\/wp-content\/uploads\/2022\/05\/20220522-115521-Copy-768x576.jpg 768w, https:\/\/sp1.kielce.eu\/wp-content\/uploads\/2022\/05\/20220522-115521-Copy-820x615.jpg 820w\" sizes=\"auto, (max-width: 1200px) 100vw, 1200px\" \/><\/a><\/figure>\n\n\n\n<figure class=\"wp-block-image size-large\"><a href=\"http:\/\/sp1.kielce.eu\/wp-content\/uploads\/2022\/05\/20220522-120544-Copy.jpg\"><img loading=\"lazy\" decoding=\"async\" width=\"675\" height=\"900\" data-id=\"22619\" src=\"http:\/\/sp1.kielce.eu\/wp-content\/uploads\/2022\/05\/20220522-120544-Copy.jpg\" alt=\"\" class=\"wp-image-22619\" srcset=\"https:\/\/sp1.kielce.eu\/wp-content\/uploads\/2022\/05\/20220522-120544-Copy.jpg 675w, https:\/\/sp1.kielce.eu\/wp-content\/uploads\/2022\/05\/20220522-120544-Copy-225x300.jpg 225w\" sizes=\"auto, (max-width: 675px) 100vw, 675px\" \/><\/a><\/figure>\n\n\n\n<figure class=\"wp-block-image size-large\"><a href=\"http:\/\/sp1.kielce.eu\/wp-content\/uploads\/2022\/05\/20220522-120906-Copy.jpg\"><img loading=\"lazy\" decoding=\"async\" width=\"1200\" height=\"900\" data-id=\"22622\" src=\"http:\/\/sp1.kielce.eu\/wp-content\/uploads\/2022\/05\/20220522-120906-Copy.jpg\" alt=\"\" class=\"wp-image-22622\" srcset=\"https:\/\/sp1.kielce.eu\/wp-content\/uploads\/2022\/05\/20220522-120906-Copy.jpg 1200w, https:\/\/sp1.kielce.eu\/wp-content\/uploads\/2022\/05\/20220522-120906-Copy-300x225.jpg 300w, https:\/\/sp1.kielce.eu\/wp-content\/uploads\/2022\/05\/20220522-120906-Copy-768x576.jpg 768w, https:\/\/sp1.kielce.eu\/wp-content\/uploads\/2022\/05\/20220522-120906-Copy-820x615.jpg 820w\" sizes=\"auto, (max-width: 1200px) 100vw, 1200px\" \/><\/a><\/figure>\n\n\n\n<figure class=\"wp-block-image size-large\"><a href=\"http:\/\/sp1.kielce.eu\/wp-content\/uploads\/2022\/05\/20220523-113754-0-Copy.jpg\"><img loading=\"lazy\" decoding=\"async\" width=\"1200\" height=\"900\" data-id=\"22623\" src=\"http:\/\/sp1.kielce.eu\/wp-content\/uploads\/2022\/05\/20220523-113754-0-Copy.jpg\" alt=\"\" class=\"wp-image-22623\" srcset=\"https:\/\/sp1.kielce.eu\/wp-content\/uploads\/2022\/05\/20220523-113754-0-Copy.jpg 1200w, https:\/\/sp1.kielce.eu\/wp-content\/uploads\/2022\/05\/20220523-113754-0-Copy-300x225.jpg 300w, https:\/\/sp1.kielce.eu\/wp-content\/uploads\/2022\/05\/20220523-113754-0-Copy-768x576.jpg 768w, https:\/\/sp1.kielce.eu\/wp-content\/uploads\/2022\/05\/20220523-113754-0-Copy-820x615.jpg 820w\" sizes=\"auto, (max-width: 1200px) 100vw, 1200px\" \/><\/a><\/figure>\n\n\n\n<figure class=\"wp-block-image size-large\"><a href=\"http:\/\/sp1.kielce.eu\/wp-content\/uploads\/2022\/05\/20220525-113210-Copy.jpg\"><img loading=\"lazy\" decoding=\"async\" width=\"675\" height=\"900\" data-id=\"22624\" src=\"http:\/\/sp1.kielce.eu\/wp-content\/uploads\/2022\/05\/20220525-113210-Copy.jpg\" alt=\"\" class=\"wp-image-22624\" srcset=\"https:\/\/sp1.kielce.eu\/wp-content\/uploads\/2022\/05\/20220525-113210-Copy.jpg 675w, https:\/\/sp1.kielce.eu\/wp-content\/uploads\/2022\/05\/20220525-113210-Copy-225x300.jpg 225w\" sizes=\"auto, (max-width: 675px) 100vw, 675px\" \/><\/a><\/figure>\n\n\n\n<figure class=\"wp-block-image size-large\"><a href=\"http:\/\/sp1.kielce.eu\/wp-content\/uploads\/2022\/05\/20220525-125520-Copy.jpg\"><img loading=\"lazy\" decoding=\"async\" width=\"636\" height=\"900\" data-id=\"22625\" src=\"http:\/\/sp1.kielce.eu\/wp-content\/uploads\/2022\/05\/20220525-125520-Copy.jpg\" alt=\"\" class=\"wp-image-22625\" srcset=\"https:\/\/sp1.kielce.eu\/wp-content\/uploads\/2022\/05\/20220525-125520-Copy.jpg 636w, https:\/\/sp1.kielce.eu\/wp-content\/uploads\/2022\/05\/20220525-125520-Copy-212x300.jpg 212w\" sizes=\"auto, (max-width: 636px) 100vw, 636px\" \/><\/a><\/figure>\n<\/figure>\n","protected":false},"excerpt":{"rendered":"<p>POLA NADZIEI \u2013 idea, wydarzenie, homilia ks.&nbsp;Stanis\u0142awa S\u0142owika, Dyrektora Caritas-Kielce, kwesta-zbi\u00f3rka pieni\u0119dzy do puszek na [&hellip;]<\/p>\n","protected":false},"author":13,"featured_media":22626,"comment_status":"closed","ping_status":"","sticky":false,"template":"","format":"standard","meta":{"footnotes":""},"categories":[163,23],"tags":[],"class_list":["post-22616","post","type-post","status-publish","format-standard","has-post-thumbnail","hentry","category-skw","category-charytatywne"],"_links":{"self":[{"href":"https:\/\/sp1.kielce.eu\/index.php\/wp-json\/wp\/v2\/posts\/22616","targetHints":{"allow":["GET"]}}],"collection":[{"href":"https:\/\/sp1.kielce.eu\/index.php\/wp-json\/wp\/v2\/posts"}],"about":[{"href":"https:\/\/sp1.kielce.eu\/index.php\/wp-json\/wp\/v2\/types\/post"}],"author":[{"embeddable":true,"href":"https:\/\/sp1.kielce.eu\/index.php\/wp-json\/wp\/v2\/users\/13"}],"replies":[{"embeddable":true,"href":"https:\/\/sp1.kielce.eu\/index.php\/wp-json\/wp\/v2\/comments?post=22616"}],"version-history":[{"count":2,"href":"https:\/\/sp1.kielce.eu\/index.php\/wp-json\/wp\/v2\/posts\/22616\/revisions"}],"predecessor-version":[{"id":22644,"href":"https:\/\/sp1.kielce.eu\/index.php\/wp-json\/wp\/v2\/posts\/22616\/revisions\/22644"}],"wp:featuredmedia":[{"embeddable":true,"href":"https:\/\/sp1.kielce.eu\/index.php\/wp-json\/wp\/v2\/media\/22626"}],"wp:attachment":[{"href":"https:\/\/sp1.kielce.eu\/index.php\/wp-json\/wp\/v2\/media?parent=22616"}],"wp:term":[{"taxonomy":"category","embeddable":true,"href":"https:\/\/sp1.kielce.eu\/index.php\/wp-json\/wp\/v2\/categories?post=22616"},{"taxonomy":"post_tag","embeddable":true,"href":"https:\/\/sp1.kielce.eu\/index.php\/wp-json\/wp\/v2\/tags?post=22616"}],"curies":[{"name":"wp","href":"https:\/\/api.w.org\/{rel}","templated":true}]}}