{"id":22574,"date":"2022-05-23T10:16:49","date_gmt":"2022-05-23T08:16:49","guid":{"rendered":"http:\/\/sp1.kielce.eu\/?p=22574"},"modified":"2023-06-05T21:29:22","modified_gmt":"2023-06-05T19:29:22","slug":"sukces-ewy-hlebickiej-jozefowicz","status":"publish","type":"post","link":"https:\/\/sp1.kielce.eu\/index.php\/2022\/05\/23\/sukces-ewy-hlebickiej-jozefowicz\/","title":{"rendered":"Sukces Ewy Hlebickiej-J\u00f3zefowicz!"},"content":{"rendered":"\n<p>Z wielk\u0105 rado\u015bci\u0105 dzielimy si\u0119 z Pa\u0144stwem wspania\u0142\u0105 wiadomo\u015bci\u0105! Uczennica klasy 8C &#8211; Ewa Hlebicka-J\u00f3zefowicz wygra\u0142a tegoroczn\u0105 edycj\u0119 Mi\u0119dzyszkolnego Konkursu Piosenki w J\u0119zyku Angielskim i Niemieckim, kt\u00f3ry odby\u0142 si\u0119 w Szkole Podstawowej nr 28 w Kielcach. Do wyst\u0119pu przygotowa\u0142a Ew\u0119 Pani Emilia Orkisz &#8211; nauczyciel muzyki. Serdecznie gratulujemy i \u017cyczymy dalszych wokalnych sukces\u00f3w!<\/p>\n\n\n\n<p>Emilia Orkisz<\/p>\n\n\n\n<figure class=\"wp-block-gallery has-nested-images columns-default is-cropped wp-block-gallery-1 is-layout-flex wp-block-gallery-is-layout-flex\">\n<figure class=\"wp-block-image size-large\"><a href=\"http:\/\/sp1.kielce.eu\/wp-content\/uploads\/2022\/05\/CZOuO.jpeg\"><img loading=\"lazy\" decoding=\"async\" width=\"2048\" height=\"1536\" data-id=\"22575\" src=\"http:\/\/sp1.kielce.eu\/wp-content\/uploads\/2022\/05\/CZOuO.jpeg\" alt=\"\" class=\"wp-image-22575\" srcset=\"https:\/\/sp1.kielce.eu\/wp-content\/uploads\/2022\/05\/CZOuO.jpeg 2048w, https:\/\/sp1.kielce.eu\/wp-content\/uploads\/2022\/05\/CZOuO-300x225.jpeg 300w, https:\/\/sp1.kielce.eu\/wp-content\/uploads\/2022\/05\/CZOuO-1200x900.jpeg 1200w, https:\/\/sp1.kielce.eu\/wp-content\/uploads\/2022\/05\/CZOuO-768x576.jpeg 768w, https:\/\/sp1.kielce.eu\/wp-content\/uploads\/2022\/05\/CZOuO-1536x1152.jpeg 1536w, https:\/\/sp1.kielce.eu\/wp-content\/uploads\/2022\/05\/CZOuO-820x615.jpeg 820w\" sizes=\"auto, (max-width: 2048px) 100vw, 2048px\" \/><\/a><\/figure>\n\n\n\n<figure class=\"wp-block-image size-large\"><a href=\"http:\/\/sp1.kielce.eu\/wp-content\/uploads\/2022\/05\/EWCIA-UPIEWA-1.jpg\"><img loading=\"lazy\" decoding=\"async\" width=\"1080\" height=\"595\" data-id=\"22576\" src=\"http:\/\/sp1.kielce.eu\/wp-content\/uploads\/2022\/05\/EWCIA-UPIEWA-1.jpg\" alt=\"\" class=\"wp-image-22576\" srcset=\"https:\/\/sp1.kielce.eu\/wp-content\/uploads\/2022\/05\/EWCIA-UPIEWA-1.jpg 1080w, https:\/\/sp1.kielce.eu\/wp-content\/uploads\/2022\/05\/EWCIA-UPIEWA-1-300x165.jpg 300w, https:\/\/sp1.kielce.eu\/wp-content\/uploads\/2022\/05\/EWCIA-UPIEWA-1-768x423.jpg 768w, https:\/\/sp1.kielce.eu\/wp-content\/uploads\/2022\/05\/EWCIA-UPIEWA-1-820x452.jpg 820w\" sizes=\"auto, (max-width: 1080px) 100vw, 1080px\" \/><\/a><\/figure>\n\n\n\n<figure class=\"wp-block-image size-large\"><a href=\"http:\/\/sp1.kielce.eu\/wp-content\/uploads\/2022\/05\/EWCIA-UPIEWA-2.jpg\"><img loading=\"lazy\" decoding=\"async\" width=\"1728\" height=\"1296\" data-id=\"22577\" src=\"http:\/\/sp1.kielce.eu\/wp-content\/uploads\/2022\/05\/EWCIA-UPIEWA-2.jpg\" alt=\"\" class=\"wp-image-22577\" srcset=\"https:\/\/sp1.kielce.eu\/wp-content\/uploads\/2022\/05\/EWCIA-UPIEWA-2.jpg 1728w, https:\/\/sp1.kielce.eu\/wp-content\/uploads\/2022\/05\/EWCIA-UPIEWA-2-300x225.jpg 300w, https:\/\/sp1.kielce.eu\/wp-content\/uploads\/2022\/05\/EWCIA-UPIEWA-2-1200x900.jpg 1200w, https:\/\/sp1.kielce.eu\/wp-content\/uploads\/2022\/05\/EWCIA-UPIEWA-2-768x576.jpg 768w, https:\/\/sp1.kielce.eu\/wp-content\/uploads\/2022\/05\/EWCIA-UPIEWA-2-1536x1152.jpg 1536w, https:\/\/sp1.kielce.eu\/wp-content\/uploads\/2022\/05\/EWCIA-UPIEWA-2-820x615.jpg 820w\" sizes=\"auto, (max-width: 1728px) 100vw, 1728px\" \/><\/a><\/figure>\n\n\n\n<figure class=\"wp-block-image size-large\"><a href=\"http:\/\/sp1.kielce.eu\/wp-content\/uploads\/2022\/05\/EWCIA-UPIEWA-3.jpg\"><img loading=\"lazy\" decoding=\"async\" width=\"1437\" height=\"1744\" data-id=\"22578\" src=\"http:\/\/sp1.kielce.eu\/wp-content\/uploads\/2022\/05\/EWCIA-UPIEWA-3.jpg\" alt=\"\" class=\"wp-image-22578\" srcset=\"https:\/\/sp1.kielce.eu\/wp-content\/uploads\/2022\/05\/EWCIA-UPIEWA-3.jpg 1437w, https:\/\/sp1.kielce.eu\/wp-content\/uploads\/2022\/05\/EWCIA-UPIEWA-3-247x300.jpg 247w, https:\/\/sp1.kielce.eu\/wp-content\/uploads\/2022\/05\/EWCIA-UPIEWA-3-742x900.jpg 742w, https:\/\/sp1.kielce.eu\/wp-content\/uploads\/2022\/05\/EWCIA-UPIEWA-3-768x932.jpg 768w, https:\/\/sp1.kielce.eu\/wp-content\/uploads\/2022\/05\/EWCIA-UPIEWA-3-1266x1536.jpg 1266w, https:\/\/sp1.kielce.eu\/wp-content\/uploads\/2022\/05\/EWCIA-UPIEWA-3-820x995.jpg 820w\" sizes=\"auto, (max-width: 1437px) 100vw, 1437px\" \/><\/a><\/figure>\n<\/figure>\n","protected":false},"excerpt":{"rendered":"<p>Z wielk\u0105 rado\u015bci\u0105 dzielimy si\u0119 z Pa\u0144stwem wspania\u0142\u0105 wiadomo\u015bci\u0105! Uczennica klasy 8C &#8211; Ewa Hlebicka-J\u00f3zefowicz [&hellip;]<\/p>\n","protected":false},"author":5,"featured_media":22575,"comment_status":"closed","ping_status":"","sticky":false,"template":"","format":"standard","meta":{"footnotes":""},"categories":[10,21],"tags":[],"class_list":["post-22574","post","type-post","status-publish","format-standard","has-post-thumbnail","hentry","category-konkursy-przedmiotowe","category-konkursy"],"_links":{"self":[{"href":"https:\/\/sp1.kielce.eu\/index.php\/wp-json\/wp\/v2\/posts\/22574","targetHints":{"allow":["GET"]}}],"collection":[{"href":"https:\/\/sp1.kielce.eu\/index.php\/wp-json\/wp\/v2\/posts"}],"about":[{"href":"https:\/\/sp1.kielce.eu\/index.php\/wp-json\/wp\/v2\/types\/post"}],"author":[{"embeddable":true,"href":"https:\/\/sp1.kielce.eu\/index.php\/wp-json\/wp\/v2\/users\/5"}],"replies":[{"embeddable":true,"href":"https:\/\/sp1.kielce.eu\/index.php\/wp-json\/wp\/v2\/comments?post=22574"}],"version-history":[{"count":2,"href":"https:\/\/sp1.kielce.eu\/index.php\/wp-json\/wp\/v2\/posts\/22574\/revisions"}],"predecessor-version":[{"id":28781,"href":"https:\/\/sp1.kielce.eu\/index.php\/wp-json\/wp\/v2\/posts\/22574\/revisions\/28781"}],"wp:featuredmedia":[{"embeddable":true,"href":"https:\/\/sp1.kielce.eu\/index.php\/wp-json\/wp\/v2\/media\/22575"}],"wp:attachment":[{"href":"https:\/\/sp1.kielce.eu\/index.php\/wp-json\/wp\/v2\/media?parent=22574"}],"wp:term":[{"taxonomy":"category","embeddable":true,"href":"https:\/\/sp1.kielce.eu\/index.php\/wp-json\/wp\/v2\/categories?post=22574"},{"taxonomy":"post_tag","embeddable":true,"href":"https:\/\/sp1.kielce.eu\/index.php\/wp-json\/wp\/v2\/tags?post=22574"}],"curies":[{"name":"wp","href":"https:\/\/api.w.org\/{rel}","templated":true}]}}