{"id":22479,"date":"2022-05-17T07:29:12","date_gmt":"2022-05-17T05:29:12","guid":{"rendered":"http:\/\/sp1.kielce.eu\/?p=22479"},"modified":"2022-05-17T07:29:12","modified_gmt":"2022-05-17T05:29:12","slug":"pola-nadziei-2022-zonkilowe-podziekowanie-i-dwa-zaproszenia","status":"publish","type":"post","link":"https:\/\/sp1.kielce.eu\/index.php\/2022\/05\/17\/pola-nadziei-2022-zonkilowe-podziekowanie-i-dwa-zaproszenia\/","title":{"rendered":"POLA NADZIEI 2022 \u2013 \u017bonkilowe podzi\u0119kowanie i dwa zaproszenia!"},"content":{"rendered":"\n<p><strong>Pi\u0119kne \u017c\u00f3\u0142te \u017conkile z&nbsp;\u201ePola nadziei\u201d przed budynkiem naszej \u201eJEDYNKI\u201d i&nbsp;dw\u00f3ch \u201eP\u00f3l nadziei\u201d sprzed budynku parafialnego \u015bw.&nbsp;J\u00f3zefa<\/strong>, oznaczonych nowymi, docelowymi i&nbsp;zarazem bardzo wymownymi tablicami, <strong>zosta\u0142y rozdane jako ma\u0142e podzi\u0119kowania<\/strong> za sta\u0142\u0105, ca\u0142oroczn\u0105 pomoc <strong>na rzecz Hospicjum im.&nbsp;\u015bw.&nbsp;Matki Teresy z&nbsp;Kalkuty<\/strong> (na przyk\u0142ad: zbieranie plastikowych nakr\u0119tek, hojno\u015b\u0107 serca w&nbsp;czasie organizowanych zbi\u00f3rek pieni\u0119\u017cnych, kwest)<\/p>\n\n\n\n<p>Symbolicznymi kwiatami nadziei jako <strong>ma\u0142a niespodzianka od naszych tw\u00f3rczych Wolontariuszy, <\/strong>zostali obdarzeni nauczyciele i&nbsp;pracownicy naszej SP&nbsp;nr&nbsp;1, jak r\u00f3wnie\u017c dzieci z m\u0142odej scholi parafialnej \u201eW niebo g\u0142osy\u201d. Opr\u00f3cz tego, <strong>z&nbsp;pi\u0119knych, \u015bwie\u017cych \u017conkili zosta\u0142y zrobione dwa du\u017ce bukiety<\/strong>, kt\u00f3re zosta\u0142y z\u0142o\u017cone w&nbsp;darze do ko\u015bcio\u0142a \u015bw.&nbsp;J\u00f3zefa (zob. zdj\u0119cia).<\/p>\n\n\n\n<p>Korzystaj\u0105c z&nbsp;okazji tego materia\u0142u, <strong>pragniemy zaprosi\u0107 Wszystkich Dobroczy\u0144c\u00f3w i&nbsp;Sympatyk\u00f3w naszego kieleckiego Hospicjum<\/strong> <strong>do udzia\u0142u w&nbsp;dw\u00f3ch wydarzeniach, kt\u00f3re b\u0119d\u0105 mia\u0142y miejsce w&nbsp;najbli\u017csz\u0105 niedziel\u0119, 22&nbsp;maja.<\/strong><\/p>\n\n\n\n<p><strong>Pierwsze wydarzenie<\/strong> to zaproszenie na Eucharysti\u0119 niedzieln\u0105, w&nbsp;par. \u015bw. J\u00f3zefa Robotnika w&nbsp;Kielcach i&nbsp;<strong>pos\u0142uchanie homilii i&nbsp;\u015bwiadectwa ks.&nbsp;Pra\u0142ata Stanis\u0142awa S\u0142owika, Dyrektora Caritas Kielce, kt\u00f3ry w&nbsp;ramach inicjatywy POLA NADZIEI 2022, chce skierowa\u0107 do nas s\u0142owo wielkiego podzi\u0119kowania za sta\u0142\u0105 pomoc na rzecz Hospicjum<\/strong>, tak\u017ce za udzia\u0142 w&nbsp;trwaj\u0105cej podczas tej niedzieli w&nbsp;parafii, <strong>kwesty na Hospicjum, w&nbsp;kt\u00f3r\u0105 b\u0119d\u0105 zaanga\u017cowani nasi Wolontariusze z&nbsp;\u201eJEDYNKI\u201d.<\/strong><\/p>\n\n\n\n<p><strong>Drugie wydarzenie<\/strong> to propozycja udzia\u0142u dla Wszystkich ch\u0119tnych, rodzin z&nbsp;dzie\u0107mi, czy samych Wolontariuszy, <strong>w&nbsp;festynie pod has\u0142em <em>&#8222;Wok\u00f3\u0142 Hospicjum. Plenerowe Spotkanie Przyjaci\u00f3\u0142 Idei Hospicyjnej Caritas&#8221;<\/em>, tak\u017ce w niedziel\u0119, 22&nbsp;maja, na terenie przy budynku Hospicjum im.&nbsp;\u015bw.&nbsp;Matki Teresy z&nbsp;Kalkuty &#8211; ul.&nbsp;Mieszka&nbsp;I&nbsp;48, Kielce \u2013 w&nbsp;godzinach (11.00 \u2013 14.00). <\/strong>Chcemy po prostu poby\u0107 razem, cieszy\u0107 si\u0119 majem, sob\u0105 nawzajem, drobnymi przyjemno\u015bciami i&nbsp;robi\u0107 to wszystko blisko tych, dla kt\u00f3rych jeste\u015bmy w&nbsp;Polach Nadziei &#8211; Pacjent\u00f3w naszego Hospicjum. (szczeg\u00f3\u0142owy program festynu na za\u0142\u0105czonym zdj\u0119ciu-plakacie w&nbsp;materiale, jak r\u00f3wnie\u017c na plakatach przy wej\u015bciu do szko\u0142y).<\/p>\n\n\n\n<p><a href=\"http:\/\/sp1.kielce.eu\/wp-content\/uploads\/2022\/05\/festyn-Wokol-Hospicjum-22.05.22-plakat.pdf\">Festyn-plakat<\/a><\/p>\n\n\n\n<p><strong>Wielkie podzi\u0119kowanie na wielkie, hojne i&nbsp;sta\u0142e serce dla Hospicjum!<\/strong><\/p>\n\n\n\n<p><strong>Wspieramy Hospicjum, bo cenimy ka\u017cde \u017cycie ludzkie, a\u017c do ko\u0144ca!<\/strong><\/p>\n\n\n\n<p class=\"has-text-align-right\">ks. Konrad Walerczak, ks. Dariusz W\u0119grzyn, s. Faustyna Czajkowska,<br>p. Krystyna Banasik<\/p>\n\n\n\n<figure class=\"wp-block-gallery has-nested-images columns-5 is-cropped wp-block-gallery-1 is-layout-flex wp-block-gallery-is-layout-flex\">\n<figure class=\"wp-block-image size-large\"><a href=\"http:\/\/sp1.kielce.eu\/wp-content\/uploads\/2022\/05\/20220427-095707-Copy.jpg\"><img loading=\"lazy\" decoding=\"async\" width=\"1200\" height=\"900\" data-id=\"22484\" src=\"http:\/\/sp1.kielce.eu\/wp-content\/uploads\/2022\/05\/20220427-095707-Copy.jpg\" alt=\"\" class=\"wp-image-22484\" srcset=\"https:\/\/sp1.kielce.eu\/wp-content\/uploads\/2022\/05\/20220427-095707-Copy.jpg 1200w, https:\/\/sp1.kielce.eu\/wp-content\/uploads\/2022\/05\/20220427-095707-Copy-300x225.jpg 300w, https:\/\/sp1.kielce.eu\/wp-content\/uploads\/2022\/05\/20220427-095707-Copy-768x576.jpg 768w, https:\/\/sp1.kielce.eu\/wp-content\/uploads\/2022\/05\/20220427-095707-Copy-820x615.jpg 820w\" sizes=\"auto, (max-width: 1200px) 100vw, 1200px\" \/><\/a><\/figure>\n\n\n\n<figure class=\"wp-block-image size-large\"><a href=\"http:\/\/sp1.kielce.eu\/wp-content\/uploads\/2022\/05\/20220505-140208-Copy.jpg\"><img loading=\"lazy\" decoding=\"async\" width=\"1200\" height=\"900\" data-id=\"22483\" src=\"http:\/\/sp1.kielce.eu\/wp-content\/uploads\/2022\/05\/20220505-140208-Copy.jpg\" alt=\"\" class=\"wp-image-22483\" srcset=\"https:\/\/sp1.kielce.eu\/wp-content\/uploads\/2022\/05\/20220505-140208-Copy.jpg 1200w, https:\/\/sp1.kielce.eu\/wp-content\/uploads\/2022\/05\/20220505-140208-Copy-300x225.jpg 300w, https:\/\/sp1.kielce.eu\/wp-content\/uploads\/2022\/05\/20220505-140208-Copy-768x576.jpg 768w, https:\/\/sp1.kielce.eu\/wp-content\/uploads\/2022\/05\/20220505-140208-Copy-820x615.jpg 820w\" sizes=\"auto, (max-width: 1200px) 100vw, 1200px\" \/><\/a><\/figure>\n\n\n\n<figure class=\"wp-block-image size-large\"><a href=\"http:\/\/sp1.kielce.eu\/wp-content\/uploads\/2022\/05\/20220505-140747-Copy.jpg\"><img loading=\"lazy\" decoding=\"async\" width=\"675\" height=\"900\" data-id=\"22482\" src=\"http:\/\/sp1.kielce.eu\/wp-content\/uploads\/2022\/05\/20220505-140747-Copy.jpg\" alt=\"\" class=\"wp-image-22482\" srcset=\"https:\/\/sp1.kielce.eu\/wp-content\/uploads\/2022\/05\/20220505-140747-Copy.jpg 675w, https:\/\/sp1.kielce.eu\/wp-content\/uploads\/2022\/05\/20220505-140747-Copy-225x300.jpg 225w\" sizes=\"auto, (max-width: 675px) 100vw, 675px\" \/><\/a><\/figure>\n\n\n\n<figure class=\"wp-block-image size-large\"><a href=\"http:\/\/sp1.kielce.eu\/wp-content\/uploads\/2022\/05\/20220506-101334-Copy.jpg\"><img loading=\"lazy\" decoding=\"async\" width=\"1200\" height=\"900\" data-id=\"22485\" src=\"http:\/\/sp1.kielce.eu\/wp-content\/uploads\/2022\/05\/20220506-101334-Copy.jpg\" alt=\"\" class=\"wp-image-22485\" srcset=\"https:\/\/sp1.kielce.eu\/wp-content\/uploads\/2022\/05\/20220506-101334-Copy.jpg 1200w, https:\/\/sp1.kielce.eu\/wp-content\/uploads\/2022\/05\/20220506-101334-Copy-300x225.jpg 300w, https:\/\/sp1.kielce.eu\/wp-content\/uploads\/2022\/05\/20220506-101334-Copy-768x576.jpg 768w, https:\/\/sp1.kielce.eu\/wp-content\/uploads\/2022\/05\/20220506-101334-Copy-820x615.jpg 820w\" sizes=\"auto, (max-width: 1200px) 100vw, 1200px\" \/><\/a><\/figure>\n\n\n\n<figure class=\"wp-block-image size-large\"><a href=\"http:\/\/sp1.kielce.eu\/wp-content\/uploads\/2022\/05\/20220506-102945-Copy.jpg\"><img loading=\"lazy\" decoding=\"async\" width=\"675\" height=\"900\" data-id=\"22481\" src=\"http:\/\/sp1.kielce.eu\/wp-content\/uploads\/2022\/05\/20220506-102945-Copy.jpg\" alt=\"\" class=\"wp-image-22481\" srcset=\"https:\/\/sp1.kielce.eu\/wp-content\/uploads\/2022\/05\/20220506-102945-Copy.jpg 675w, https:\/\/sp1.kielce.eu\/wp-content\/uploads\/2022\/05\/20220506-102945-Copy-225x300.jpg 225w\" sizes=\"auto, (max-width: 675px) 100vw, 675px\" \/><\/a><\/figure>\n\n\n\n<figure class=\"wp-block-image size-large\"><a href=\"http:\/\/sp1.kielce.eu\/wp-content\/uploads\/2022\/05\/20220506-102957-Copy.jpg\"><img loading=\"lazy\" decoding=\"async\" width=\"675\" height=\"900\" data-id=\"22480\" src=\"http:\/\/sp1.kielce.eu\/wp-content\/uploads\/2022\/05\/20220506-102957-Copy.jpg\" alt=\"\" class=\"wp-image-22480\" srcset=\"https:\/\/sp1.kielce.eu\/wp-content\/uploads\/2022\/05\/20220506-102957-Copy.jpg 675w, https:\/\/sp1.kielce.eu\/wp-content\/uploads\/2022\/05\/20220506-102957-Copy-225x300.jpg 225w\" sizes=\"auto, (max-width: 675px) 100vw, 675px\" \/><\/a><\/figure>\n\n\n\n<figure class=\"wp-block-image size-large\"><a href=\"http:\/\/sp1.kielce.eu\/wp-content\/uploads\/2022\/05\/20220506-104056-Copy.jpg\"><img loading=\"lazy\" decoding=\"async\" width=\"675\" height=\"900\" data-id=\"22488\" src=\"http:\/\/sp1.kielce.eu\/wp-content\/uploads\/2022\/05\/20220506-104056-Copy.jpg\" alt=\"\" class=\"wp-image-22488\" srcset=\"https:\/\/sp1.kielce.eu\/wp-content\/uploads\/2022\/05\/20220506-104056-Copy.jpg 675w, https:\/\/sp1.kielce.eu\/wp-content\/uploads\/2022\/05\/20220506-104056-Copy-225x300.jpg 225w\" sizes=\"auto, (max-width: 675px) 100vw, 675px\" \/><\/a><\/figure>\n\n\n\n<figure class=\"wp-block-image size-large\"><a href=\"http:\/\/sp1.kielce.eu\/wp-content\/uploads\/2022\/05\/20220506-205717-Copy.jpg\"><img loading=\"lazy\" decoding=\"async\" width=\"675\" height=\"900\" data-id=\"22486\" src=\"http:\/\/sp1.kielce.eu\/wp-content\/uploads\/2022\/05\/20220506-205717-Copy.jpg\" alt=\"\" class=\"wp-image-22486\" srcset=\"https:\/\/sp1.kielce.eu\/wp-content\/uploads\/2022\/05\/20220506-205717-Copy.jpg 675w, https:\/\/sp1.kielce.eu\/wp-content\/uploads\/2022\/05\/20220506-205717-Copy-225x300.jpg 225w\" sizes=\"auto, (max-width: 675px) 100vw, 675px\" \/><\/a><\/figure>\n\n\n\n<figure class=\"wp-block-image size-large\"><a href=\"http:\/\/sp1.kielce.eu\/wp-content\/uploads\/2022\/05\/20220507-075630-Copy.jpg\"><img loading=\"lazy\" decoding=\"async\" width=\"675\" height=\"900\" data-id=\"22487\" src=\"http:\/\/sp1.kielce.eu\/wp-content\/uploads\/2022\/05\/20220507-075630-Copy.jpg\" alt=\"\" class=\"wp-image-22487\" srcset=\"https:\/\/sp1.kielce.eu\/wp-content\/uploads\/2022\/05\/20220507-075630-Copy.jpg 675w, https:\/\/sp1.kielce.eu\/wp-content\/uploads\/2022\/05\/20220507-075630-Copy-225x300.jpg 225w\" sizes=\"auto, (max-width: 675px) 100vw, 675px\" \/><\/a><\/figure>\n\n\n\n<figure class=\"wp-block-image size-large\"><a href=\"http:\/\/sp1.kielce.eu\/wp-content\/uploads\/2022\/05\/20220507-075652-Copy.jpg\"><img loading=\"lazy\" decoding=\"async\" width=\"675\" height=\"900\" data-id=\"22489\" src=\"http:\/\/sp1.kielce.eu\/wp-content\/uploads\/2022\/05\/20220507-075652-Copy.jpg\" alt=\"\" class=\"wp-image-22489\" srcset=\"https:\/\/sp1.kielce.eu\/wp-content\/uploads\/2022\/05\/20220507-075652-Copy.jpg 675w, https:\/\/sp1.kielce.eu\/wp-content\/uploads\/2022\/05\/20220507-075652-Copy-225x300.jpg 225w\" sizes=\"auto, (max-width: 675px) 100vw, 675px\" \/><\/a><\/figure>\n\n\n\n<figure class=\"wp-block-image size-large\"><a href=\"http:\/\/sp1.kielce.eu\/wp-content\/uploads\/2022\/05\/20220507-075721-Copy.jpg\"><img loading=\"lazy\" decoding=\"async\" width=\"1200\" height=\"900\" data-id=\"22490\" src=\"http:\/\/sp1.kielce.eu\/wp-content\/uploads\/2022\/05\/20220507-075721-Copy.jpg\" alt=\"\" class=\"wp-image-22490\" srcset=\"https:\/\/sp1.kielce.eu\/wp-content\/uploads\/2022\/05\/20220507-075721-Copy.jpg 1200w, https:\/\/sp1.kielce.eu\/wp-content\/uploads\/2022\/05\/20220507-075721-Copy-300x225.jpg 300w, https:\/\/sp1.kielce.eu\/wp-content\/uploads\/2022\/05\/20220507-075721-Copy-768x576.jpg 768w, https:\/\/sp1.kielce.eu\/wp-content\/uploads\/2022\/05\/20220507-075721-Copy-820x615.jpg 820w\" sizes=\"auto, (max-width: 1200px) 100vw, 1200px\" \/><\/a><\/figure>\n\n\n\n<figure class=\"wp-block-image size-large\"><a href=\"http:\/\/sp1.kielce.eu\/wp-content\/uploads\/2022\/05\/20220508-114450-Copy.jpg\"><img loading=\"lazy\" decoding=\"async\" width=\"675\" height=\"900\" data-id=\"22491\" src=\"http:\/\/sp1.kielce.eu\/wp-content\/uploads\/2022\/05\/20220508-114450-Copy.jpg\" alt=\"\" class=\"wp-image-22491\" srcset=\"https:\/\/sp1.kielce.eu\/wp-content\/uploads\/2022\/05\/20220508-114450-Copy.jpg 675w, https:\/\/sp1.kielce.eu\/wp-content\/uploads\/2022\/05\/20220508-114450-Copy-225x300.jpg 225w\" sizes=\"auto, (max-width: 675px) 100vw, 675px\" \/><\/a><\/figure>\n\n\n\n<figure class=\"wp-block-image size-large\"><a href=\"http:\/\/sp1.kielce.eu\/wp-content\/uploads\/2022\/05\/20220508-115039-Copy.jpg\"><img loading=\"lazy\" decoding=\"async\" width=\"1200\" height=\"900\" data-id=\"22492\" src=\"http:\/\/sp1.kielce.eu\/wp-content\/uploads\/2022\/05\/20220508-115039-Copy.jpg\" alt=\"\" class=\"wp-image-22492\" srcset=\"https:\/\/sp1.kielce.eu\/wp-content\/uploads\/2022\/05\/20220508-115039-Copy.jpg 1200w, https:\/\/sp1.kielce.eu\/wp-content\/uploads\/2022\/05\/20220508-115039-Copy-300x225.jpg 300w, https:\/\/sp1.kielce.eu\/wp-content\/uploads\/2022\/05\/20220508-115039-Copy-768x576.jpg 768w, https:\/\/sp1.kielce.eu\/wp-content\/uploads\/2022\/05\/20220508-115039-Copy-820x615.jpg 820w\" sizes=\"auto, (max-width: 1200px) 100vw, 1200px\" \/><\/a><\/figure>\n<\/figure>\n","protected":false},"excerpt":{"rendered":"<p>Pi\u0119kne \u017c\u00f3\u0142te \u017conkile z&nbsp;\u201ePola nadziei\u201d przed budynkiem naszej \u201eJEDYNKI\u201d i&nbsp;dw\u00f3ch \u201eP\u00f3l nadziei\u201d sprzed budynku parafialnego [&hellip;]<\/p>\n","protected":false},"author":13,"featured_media":22493,"comment_status":"closed","ping_status":"","sticky":false,"template":"","format":"standard","meta":{"footnotes":""},"categories":[163,23],"tags":[],"class_list":["post-22479","post","type-post","status-publish","format-standard","has-post-thumbnail","hentry","category-skw","category-charytatywne"],"_links":{"self":[{"href":"https:\/\/sp1.kielce.eu\/index.php\/wp-json\/wp\/v2\/posts\/22479","targetHints":{"allow":["GET"]}}],"collection":[{"href":"https:\/\/sp1.kielce.eu\/index.php\/wp-json\/wp\/v2\/posts"}],"about":[{"href":"https:\/\/sp1.kielce.eu\/index.php\/wp-json\/wp\/v2\/types\/post"}],"author":[{"embeddable":true,"href":"https:\/\/sp1.kielce.eu\/index.php\/wp-json\/wp\/v2\/users\/13"}],"replies":[{"embeddable":true,"href":"https:\/\/sp1.kielce.eu\/index.php\/wp-json\/wp\/v2\/comments?post=22479"}],"version-history":[{"count":2,"href":"https:\/\/sp1.kielce.eu\/index.php\/wp-json\/wp\/v2\/posts\/22479\/revisions"}],"predecessor-version":[{"id":22496,"href":"https:\/\/sp1.kielce.eu\/index.php\/wp-json\/wp\/v2\/posts\/22479\/revisions\/22496"}],"wp:featuredmedia":[{"embeddable":true,"href":"https:\/\/sp1.kielce.eu\/index.php\/wp-json\/wp\/v2\/media\/22493"}],"wp:attachment":[{"href":"https:\/\/sp1.kielce.eu\/index.php\/wp-json\/wp\/v2\/media?parent=22479"}],"wp:term":[{"taxonomy":"category","embeddable":true,"href":"https:\/\/sp1.kielce.eu\/index.php\/wp-json\/wp\/v2\/categories?post=22479"},{"taxonomy":"post_tag","embeddable":true,"href":"https:\/\/sp1.kielce.eu\/index.php\/wp-json\/wp\/v2\/tags?post=22479"}],"curies":[{"name":"wp","href":"https:\/\/api.w.org\/{rel}","templated":true}]}}