{"id":22470,"date":"2022-05-12T22:36:17","date_gmt":"2022-05-12T20:36:17","guid":{"rendered":"http:\/\/sp1.kielce.eu\/?p=22470"},"modified":"2022-05-12T22:36:17","modified_gmt":"2022-05-12T20:36:17","slug":"ii-miejsce-w-miedzyswietlicowym-konkursie-plastycznym","status":"publish","type":"post","link":"https:\/\/sp1.kielce.eu\/index.php\/2022\/05\/12\/ii-miejsce-w-miedzyswietlicowym-konkursie-plastycznym\/","title":{"rendered":"II miejsce w Mi\u0119dzy\u015bwietlicowym Konkursie Plastycznym"},"content":{"rendered":"\n<p>Mi\u0142o nam poinformowa\u0107, \u017ce Mi\u0142osz Czechowicz z&nbsp;klasy 3a zaj\u0105\u0142 II&nbsp;miejsce w&nbsp;Mi\u0119dzy\u015bwietlicowym Konkursie Plastycznym \u201ePapierowe fantazje &#8211; \u015bwiat ukryty w&nbsp;origami\u201d. Organizatorem konkursu by\u0142a \u015bwietlica szkolna Szko\u0142y Podstawowej nr&nbsp;34 Adama Mickiewicza w&nbsp;Kielcach.<\/p>\n\n\n\n<p class=\"has-text-align-right\">Serdecznie gratulujemy.<br>Agnieszka Rycombel\u00a0<\/p>\n\n\n\n<figure class=\"wp-block-gallery has-nested-images columns-default is-cropped wp-block-gallery-1 is-layout-flex wp-block-gallery-is-layout-flex\">\n<figure class=\"wp-block-image size-large\"><img loading=\"lazy\" decoding=\"async\" width=\"785\" height=\"900\" data-id=\"22471\" src=\"http:\/\/sp1.kielce.eu\/wp-content\/uploads\/2022\/05\/20220511_094659-Copy.jpg\" alt=\"\" class=\"wp-image-22471\" srcset=\"https:\/\/sp1.kielce.eu\/wp-content\/uploads\/2022\/05\/20220511_094659-Copy.jpg 785w, https:\/\/sp1.kielce.eu\/wp-content\/uploads\/2022\/05\/20220511_094659-Copy-262x300.jpg 262w, https:\/\/sp1.kielce.eu\/wp-content\/uploads\/2022\/05\/20220511_094659-Copy-768x881.jpg 768w\" sizes=\"auto, (max-width: 785px) 100vw, 785px\" \/><\/figure>\n<\/figure>\n","protected":false},"excerpt":{"rendered":"<p>Mi\u0142o nam poinformowa\u0107, \u017ce Mi\u0142osz Czechowicz z&nbsp;klasy 3a zaj\u0105\u0142 II&nbsp;miejsce w&nbsp;Mi\u0119dzy\u015bwietlicowym Konkursie Plastycznym \u201ePapierowe fantazje [&hellip;]<\/p>\n","protected":false},"author":13,"featured_media":22472,"comment_status":"closed","ping_status":"","sticky":false,"template":"","format":"standard","meta":{"footnotes":""},"categories":[25],"tags":[],"class_list":["post-22470","post","type-post","status-publish","format-standard","has-post-thumbnail","hentry","category-swietlica"],"_links":{"self":[{"href":"https:\/\/sp1.kielce.eu\/index.php\/wp-json\/wp\/v2\/posts\/22470","targetHints":{"allow":["GET"]}}],"collection":[{"href":"https:\/\/sp1.kielce.eu\/index.php\/wp-json\/wp\/v2\/posts"}],"about":[{"href":"https:\/\/sp1.kielce.eu\/index.php\/wp-json\/wp\/v2\/types\/post"}],"author":[{"embeddable":true,"href":"https:\/\/sp1.kielce.eu\/index.php\/wp-json\/wp\/v2\/users\/13"}],"replies":[{"embeddable":true,"href":"https:\/\/sp1.kielce.eu\/index.php\/wp-json\/wp\/v2\/comments?post=22470"}],"version-history":[{"count":1,"href":"https:\/\/sp1.kielce.eu\/index.php\/wp-json\/wp\/v2\/posts\/22470\/revisions"}],"predecessor-version":[{"id":22473,"href":"https:\/\/sp1.kielce.eu\/index.php\/wp-json\/wp\/v2\/posts\/22470\/revisions\/22473"}],"wp:featuredmedia":[{"embeddable":true,"href":"https:\/\/sp1.kielce.eu\/index.php\/wp-json\/wp\/v2\/media\/22472"}],"wp:attachment":[{"href":"https:\/\/sp1.kielce.eu\/index.php\/wp-json\/wp\/v2\/media?parent=22470"}],"wp:term":[{"taxonomy":"category","embeddable":true,"href":"https:\/\/sp1.kielce.eu\/index.php\/wp-json\/wp\/v2\/categories?post=22470"},{"taxonomy":"post_tag","embeddable":true,"href":"https:\/\/sp1.kielce.eu\/index.php\/wp-json\/wp\/v2\/tags?post=22470"}],"curies":[{"name":"wp","href":"https:\/\/api.w.org\/{rel}","templated":true}]}}