{"id":22431,"date":"2022-05-12T08:29:02","date_gmt":"2022-05-12T06:29:02","guid":{"rendered":"http:\/\/sp1.kielce.eu\/?p=22431"},"modified":"2022-05-12T08:29:02","modified_gmt":"2022-05-12T06:29:02","slug":"wycieczka-klas-osmych-do-maslowa-i-ciekot","status":"publish","type":"post","link":"https:\/\/sp1.kielce.eu\/index.php\/2022\/05\/12\/wycieczka-klas-osmych-do-maslowa-i-ciekot\/","title":{"rendered":"Wycieczka klas \u00f3smych do Mas\u0142owa i Ciekot"},"content":{"rendered":"\n<p>W dniu 10 maja kl. 8b i 8c wybra\u0142y si\u0119 na wiosenn\u0105 wycieczk\u0119. Uczniowie pod opiek\u0105 nauczycieli (U. Sodel , D. Broni\u015b, P. Surma)&nbsp; oraz przewodnika wyruszyli na rajd czerwonym szlakiem z Mas\u0142owa. Po drodze podziwiali pi\u0119kn\u0105 przyrod\u0119 G\u00f3r \u015awi\u0119tokrzyskich. Zdobyli szczyt Klon\u00f3wki, zobaczyli Diabelski Kamie\u0144 oraz wys\u0142uchali legendy o nim. Po drodze mogli odpocz\u0105\u0107 nad brzegiem Lubrzanki oraz w turystycznych wiatach.<\/p>\n\n\n\n<p>Po d\u0142ugiej w\u0119dr\u00f3wce \u00f3smoklasi\u015bci dotarli na \u017beromszczyzn\u0119. Zwiedzili tam Dworek Stefana \u017beromskiego. Przy okazji odnale\u017ali liczne analogie do utworu ,,Syzyfowe prace\u201d. Ciekoty to powie\u015bciowe Gawronki , w kt\u00f3rych znajdowa\u0142 si\u0119 dom rodzinny pisarza. M\u0142ody Stefan odkry\u0142 tam swoj\u0105 pasj\u0119 do pisania. Inspiracj\u0119 czerpa\u0142 z&nbsp;G\u00f3r \u015awi\u0119tokrzyskich. Szczeg\u00f3lne miejsce w&nbsp;jego sercu zajmowa\u0142a Radostowa, nazywana G\u00f3r\u0105 Domow\u0105.To z&nbsp;jej zbocza wielokrotnie przysz\u0142y pisarz spogl\u0105da\u0142 na rodzinn\u0105 wie\u015b. To st\u0105d wyje\u017cd\u017ca\u0142 do szk\u00f3\u0142 w&nbsp;Psarach i&nbsp;Kielcach. Tu wraca\u0142 na \u015bwi\u0119ta i&nbsp;wakacje.<\/p>\n\n\n\n<p>Po zwiedzaniu dworku zorganizowana zosta\u0142a gra terenowa ,, Azymut na \u017beromskiego\u201d. Uczniowie w okolicy Szklanego Domu poszukiwali rozwi\u0105za\u0144 zagadek. Na zako\u0144czenie odby\u0142o si\u0119 ognisko. Wycieczka by\u0142a doskona\u0142\u0105 okazj\u0105 do integracji, ale te\u017c powt\u00f3rki do egzaminu w przyjemnych okoliczno\u015bciach przyrody. \u00a0Pi\u0119kna pogoda pozwoli\u0142a wszystkim si\u0119 zrelaksowa\u0107. Zapraszamy do obejrzenia filmu z wycieczki przygotowanego przez pana Piotra Surm\u0119.<br><br><br>\u00a0\u00a0\u00a0\u00a0\u00a0\u00a0\u00a0\u00a0\u00a0\u00a0\u00a0\u00a0\u00a0\u00a0\u00a0\u00a0\u00a0\u00a0\u00a0\u00a0\u00a0\u00a0\u00a0\u00a0\u00a0\u00a0\u00a0\u00a0\u00a0\u00a0\u00a0\u00a0\u00a0\u00a0\u00a0\u00a0\u00a0\u00a0\u00a0\u00a0\u00a0\u00a0\u00a0\u00a0\u00a0\u00a0\u00a0\u00a0\u00a0\u00a0\u00a0\u00a0\u00a0\u00a0\u00a0\u00a0\u00a0\u00a0\u00a0\u00a0\u00a0\u00a0\u00a0\u00a0\u00a0\u00a0\u00a0\u00a0\u00a0\u00a0\u00a0\u00a0\u00a0 \u00a0\u00a0\u00a0\u00a0\u00a0\u00a0\u00a0\u00a0\u00a0\u00a0\u00a0\u00a0\u00a0Dorota Broni\u015b<br>\u00a0\u00a0\u00a0\u00a0\u00a0\u00a0\u00a0\u00a0\u00a0\u00a0\u00a0\u00a0\u00a0\u00a0\u00a0\u00a0\u00a0\u00a0\u00a0\u00a0\u00a0\u00a0\u00a0\u00a0\u00a0\u00a0\u00a0\u00a0\u00a0\u00a0\u00a0\u00a0\u00a0\u00a0\u00a0\u00a0\u00a0\u00a0\u00a0\u00a0\u00a0\u00a0\u00a0\u00a0\u00a0\u00a0\u00a0\u00a0\u00a0\u00a0\u00a0\u00a0\u00a0\u00a0\u00a0\u00a0\u00a0\u00a0\u00a0\u00a0\u00a0\u00a0\u00a0\u00a0\u00a0\u00a0\u00a0\u00a0\u00a0\u00a0\u00a0\u00a0\u00a0\u00a0\u00a0\u00a0\u00a0\u00a0\u00a0\u00a0\u00a0\u00a0\u00a0\u00a0\u00a0\u00a0\u00a0 Urszula Sodel<br>\u00a0\u00a0\u00a0\u00a0\u00a0\u00a0\u00a0\u00a0\u00a0\u00a0\u00a0\u00a0\u00a0\u00a0\u00a0\u00a0\u00a0\u00a0\u00a0\u00a0\u00a0\u00a0\u00a0\u00a0\u00a0\u00a0\u00a0\u00a0\u00a0\u00a0\u00a0\u00a0\u00a0\u00a0\u00a0\u00a0\u00a0\u00a0\u00a0\u00a0\u00a0\u00a0\u00a0\u00a0\u00a0\u00a0\u00a0\u00a0\u00a0\u00a0\u00a0\u00a0\u00a0\u00a0\u00a0\u00a0\u00a0\u00a0\u00a0\u00a0\u00a0\u00a0\u00a0\u00a0\u00a0\u00a0\u00a0\u00a0\u00a0\u00a0\u00a0\u00a0\u00a0\u00a0\u00a0\u00a0\u00a0\u00a0\u00a0\u00a0\u00a0\u00a0\u00a0\u00a0\u00a0\u00a0\u00a0 Piotr Surma<\/p>\n\n\n\n<figure class=\"wp-block-embed is-type-video is-provider-youtube wp-block-embed-youtube wp-embed-aspect-16-9 wp-has-aspect-ratio\"><div class=\"wp-block-embed__wrapper\">\n<iframe loading=\"lazy\" title=\"Wycieczka klas 8b i 8c\" width=\"1160\" height=\"653\" src=\"https:\/\/www.youtube.com\/embed\/HObAyVt4QCM?feature=oembed\" frameborder=\"0\" allow=\"accelerometer; autoplay; clipboard-write; encrypted-media; gyroscope; picture-in-picture\" allowfullscreen><\/iframe>\n<\/div><\/figure>\n\n\n\n<figure class=\"wp-block-gallery has-nested-images columns-default is-cropped wp-block-gallery-1 is-layout-flex wp-block-gallery-is-layout-flex\">\n<figure class=\"wp-block-image size-large\"><a href=\"http:\/\/sp1.kielce.eu\/wp-content\/uploads\/2022\/05\/IMG_4899-Medium.jpg\"><img loading=\"lazy\" decoding=\"async\" width=\"1365\" height=\"768\" data-id=\"22432\" src=\"http:\/\/sp1.kielce.eu\/wp-content\/uploads\/2022\/05\/IMG_4899-Medium.jpg\" alt=\"\" class=\"wp-image-22432\" srcset=\"https:\/\/sp1.kielce.eu\/wp-content\/uploads\/2022\/05\/IMG_4899-Medium.jpg 1365w, https:\/\/sp1.kielce.eu\/wp-content\/uploads\/2022\/05\/IMG_4899-Medium-300x169.jpg 300w, https:\/\/sp1.kielce.eu\/wp-content\/uploads\/2022\/05\/IMG_4899-Medium-768x432.jpg 768w, https:\/\/sp1.kielce.eu\/wp-content\/uploads\/2022\/05\/IMG_4899-Medium-820x461.jpg 820w\" sizes=\"auto, (max-width: 1365px) 100vw, 1365px\" \/><\/a><\/figure>\n\n\n\n<figure class=\"wp-block-image size-large\"><a href=\"http:\/\/sp1.kielce.eu\/wp-content\/uploads\/2022\/05\/IMG_4902-Medium.jpg\"><img loading=\"lazy\" decoding=\"async\" width=\"1365\" height=\"768\" data-id=\"22433\" src=\"http:\/\/sp1.kielce.eu\/wp-content\/uploads\/2022\/05\/IMG_4902-Medium.jpg\" alt=\"\" class=\"wp-image-22433\" srcset=\"https:\/\/sp1.kielce.eu\/wp-content\/uploads\/2022\/05\/IMG_4902-Medium.jpg 1365w, https:\/\/sp1.kielce.eu\/wp-content\/uploads\/2022\/05\/IMG_4902-Medium-300x169.jpg 300w, https:\/\/sp1.kielce.eu\/wp-content\/uploads\/2022\/05\/IMG_4902-Medium-768x432.jpg 768w, https:\/\/sp1.kielce.eu\/wp-content\/uploads\/2022\/05\/IMG_4902-Medium-820x461.jpg 820w\" sizes=\"auto, (max-width: 1365px) 100vw, 1365px\" \/><\/a><\/figure>\n\n\n\n<figure class=\"wp-block-image size-large\"><a href=\"http:\/\/sp1.kielce.eu\/wp-content\/uploads\/2022\/05\/IMG_4915-Medium.jpg\"><img loading=\"lazy\" decoding=\"async\" width=\"1365\" height=\"768\" data-id=\"22434\" src=\"http:\/\/sp1.kielce.eu\/wp-content\/uploads\/2022\/05\/IMG_4915-Medium.jpg\" alt=\"\" class=\"wp-image-22434\" srcset=\"https:\/\/sp1.kielce.eu\/wp-content\/uploads\/2022\/05\/IMG_4915-Medium.jpg 1365w, https:\/\/sp1.kielce.eu\/wp-content\/uploads\/2022\/05\/IMG_4915-Medium-300x169.jpg 300w, https:\/\/sp1.kielce.eu\/wp-content\/uploads\/2022\/05\/IMG_4915-Medium-768x432.jpg 768w, https:\/\/sp1.kielce.eu\/wp-content\/uploads\/2022\/05\/IMG_4915-Medium-820x461.jpg 820w\" sizes=\"auto, (max-width: 1365px) 100vw, 1365px\" \/><\/a><\/figure>\n\n\n\n<figure class=\"wp-block-image size-large\"><a href=\"http:\/\/sp1.kielce.eu\/wp-content\/uploads\/2022\/05\/IMG_4917-Medium.jpg\"><img loading=\"lazy\" decoding=\"async\" width=\"1365\" height=\"768\" data-id=\"22435\" src=\"http:\/\/sp1.kielce.eu\/wp-content\/uploads\/2022\/05\/IMG_4917-Medium.jpg\" alt=\"\" class=\"wp-image-22435\" srcset=\"https:\/\/sp1.kielce.eu\/wp-content\/uploads\/2022\/05\/IMG_4917-Medium.jpg 1365w, https:\/\/sp1.kielce.eu\/wp-content\/uploads\/2022\/05\/IMG_4917-Medium-300x169.jpg 300w, https:\/\/sp1.kielce.eu\/wp-content\/uploads\/2022\/05\/IMG_4917-Medium-768x432.jpg 768w, https:\/\/sp1.kielce.eu\/wp-content\/uploads\/2022\/05\/IMG_4917-Medium-820x461.jpg 820w\" sizes=\"auto, (max-width: 1365px) 100vw, 1365px\" \/><\/a><\/figure>\n\n\n\n<figure class=\"wp-block-image size-large\"><a href=\"http:\/\/sp1.kielce.eu\/wp-content\/uploads\/2022\/05\/IMG_4922-Medium.jpg\"><img loading=\"lazy\" decoding=\"async\" width=\"1365\" height=\"768\" data-id=\"22436\" src=\"http:\/\/sp1.kielce.eu\/wp-content\/uploads\/2022\/05\/IMG_4922-Medium.jpg\" alt=\"\" class=\"wp-image-22436\" srcset=\"https:\/\/sp1.kielce.eu\/wp-content\/uploads\/2022\/05\/IMG_4922-Medium.jpg 1365w, https:\/\/sp1.kielce.eu\/wp-content\/uploads\/2022\/05\/IMG_4922-Medium-300x169.jpg 300w, https:\/\/sp1.kielce.eu\/wp-content\/uploads\/2022\/05\/IMG_4922-Medium-768x432.jpg 768w, https:\/\/sp1.kielce.eu\/wp-content\/uploads\/2022\/05\/IMG_4922-Medium-820x461.jpg 820w\" sizes=\"auto, (max-width: 1365px) 100vw, 1365px\" \/><\/a><\/figure>\n\n\n\n<figure class=\"wp-block-image size-large\"><a href=\"http:\/\/sp1.kielce.eu\/wp-content\/uploads\/2022\/05\/IMG_4925-Medium.jpg\"><img loading=\"lazy\" decoding=\"async\" width=\"845\" height=\"768\" data-id=\"22437\" src=\"http:\/\/sp1.kielce.eu\/wp-content\/uploads\/2022\/05\/IMG_4925-Medium.jpg\" alt=\"\" class=\"wp-image-22437\" srcset=\"https:\/\/sp1.kielce.eu\/wp-content\/uploads\/2022\/05\/IMG_4925-Medium.jpg 845w, https:\/\/sp1.kielce.eu\/wp-content\/uploads\/2022\/05\/IMG_4925-Medium-300x273.jpg 300w, https:\/\/sp1.kielce.eu\/wp-content\/uploads\/2022\/05\/IMG_4925-Medium-768x698.jpg 768w, https:\/\/sp1.kielce.eu\/wp-content\/uploads\/2022\/05\/IMG_4925-Medium-820x745.jpg 820w\" sizes=\"auto, (max-width: 845px) 100vw, 845px\" \/><\/a><\/figure>\n\n\n\n<figure class=\"wp-block-image size-large\"><a href=\"http:\/\/sp1.kielce.eu\/wp-content\/uploads\/2022\/05\/IMG_4929-Medium.jpg\"><img loading=\"lazy\" decoding=\"async\" width=\"1024\" height=\"768\" data-id=\"22438\" src=\"http:\/\/sp1.kielce.eu\/wp-content\/uploads\/2022\/05\/IMG_4929-Medium.jpg\" alt=\"\" class=\"wp-image-22438\" srcset=\"https:\/\/sp1.kielce.eu\/wp-content\/uploads\/2022\/05\/IMG_4929-Medium.jpg 1024w, https:\/\/sp1.kielce.eu\/wp-content\/uploads\/2022\/05\/IMG_4929-Medium-300x225.jpg 300w, https:\/\/sp1.kielce.eu\/wp-content\/uploads\/2022\/05\/IMG_4929-Medium-768x576.jpg 768w, https:\/\/sp1.kielce.eu\/wp-content\/uploads\/2022\/05\/IMG_4929-Medium-820x615.jpg 820w\" sizes=\"auto, (max-width: 1024px) 100vw, 1024px\" \/><\/a><\/figure>\n<\/figure>\n","protected":false},"excerpt":{"rendered":"<p>W dniu 10 maja kl. 8b i 8c wybra\u0142y si\u0119 na wiosenn\u0105 wycieczk\u0119. Uczniowie pod [&hellip;]<\/p>\n","protected":false},"author":5,"featured_media":22432,"comment_status":"closed","ping_status":"","sticky":false,"template":"","format":"standard","meta":{"footnotes":""},"categories":[36],"tags":[],"class_list":["post-22431","post","type-post","status-publish","format-standard","has-post-thumbnail","hentry","category-wydarzenia"],"_links":{"self":[{"href":"https:\/\/sp1.kielce.eu\/index.php\/wp-json\/wp\/v2\/posts\/22431","targetHints":{"allow":["GET"]}}],"collection":[{"href":"https:\/\/sp1.kielce.eu\/index.php\/wp-json\/wp\/v2\/posts"}],"about":[{"href":"https:\/\/sp1.kielce.eu\/index.php\/wp-json\/wp\/v2\/types\/post"}],"author":[{"embeddable":true,"href":"https:\/\/sp1.kielce.eu\/index.php\/wp-json\/wp\/v2\/users\/5"}],"replies":[{"embeddable":true,"href":"https:\/\/sp1.kielce.eu\/index.php\/wp-json\/wp\/v2\/comments?post=22431"}],"version-history":[{"count":1,"href":"https:\/\/sp1.kielce.eu\/index.php\/wp-json\/wp\/v2\/posts\/22431\/revisions"}],"predecessor-version":[{"id":22439,"href":"https:\/\/sp1.kielce.eu\/index.php\/wp-json\/wp\/v2\/posts\/22431\/revisions\/22439"}],"wp:featuredmedia":[{"embeddable":true,"href":"https:\/\/sp1.kielce.eu\/index.php\/wp-json\/wp\/v2\/media\/22432"}],"wp:attachment":[{"href":"https:\/\/sp1.kielce.eu\/index.php\/wp-json\/wp\/v2\/media?parent=22431"}],"wp:term":[{"taxonomy":"category","embeddable":true,"href":"https:\/\/sp1.kielce.eu\/index.php\/wp-json\/wp\/v2\/categories?post=22431"},{"taxonomy":"post_tag","embeddable":true,"href":"https:\/\/sp1.kielce.eu\/index.php\/wp-json\/wp\/v2\/tags?post=22431"}],"curies":[{"name":"wp","href":"https:\/\/api.w.org\/{rel}","templated":true}]}}