{"id":22314,"date":"2022-04-30T00:40:30","date_gmt":"2022-04-29T22:40:30","guid":{"rendered":"http:\/\/sp1.kielce.eu\/?p=22314"},"modified":"2022-04-30T00:40:30","modified_gmt":"2022-04-29T22:40:30","slug":"dzien-barw-narodowych-2","status":"publish","type":"post","link":"https:\/\/sp1.kielce.eu\/index.php\/2022\/04\/30\/dzien-barw-narodowych-2\/","title":{"rendered":"DZIE\u0143 BARW NARODOWYCH"},"content":{"rendered":"\n<p>Majowy weekend, w&nbsp;naszej Jedynce, zawsze kojarzy si\u0119 z&nbsp;Dniem Barw Narodowych. R\u00f3wnie\u017c w&nbsp;tym roku, Samorz\u0105d Uczniowski zadba\u0142 o&nbsp;odpowiedni\u0105 opraw\u0119 dla Dnia Flagi \u2013 2&nbsp;maja oraz \u015awi\u0119ta Konstytucji 3&nbsp;Maja. Wszyscy wyra\u017cali sw\u00f3j patriotyzm na r\u00f3\u017cne sposoby. By\u0142y, wi\u0119c bia\u0142o-czerwone kotyliony i&nbsp;wst\u0105\u017ceczki, przypi\u0119te na piersiach; bia\u0142e bluzeczki i&nbsp;koszulki oraz czerwone sp\u00f3dniczki lub spodnie.<\/p>\n\n\n\n<p>Zapraszamy do galerii ze zdj\u0119ciami. <\/p>\n\n\n\n<p class=\"has-text-align-right\">Opiekunki SU<\/p>\n\n\n\n<figure class=\"wp-block-gallery has-nested-images columns-default is-cropped wp-block-gallery-1 is-layout-flex wp-block-gallery-is-layout-flex\">\n<figure class=\"wp-block-image size-large\"><a href=\"http:\/\/sp1.kielce.eu\/wp-content\/uploads\/2022\/04\/20220428_090715-COLLAGE-Copy.jpg\"><img loading=\"lazy\" decoding=\"async\" width=\"675\" height=\"900\" data-id=\"22316\" src=\"http:\/\/sp1.kielce.eu\/wp-content\/uploads\/2022\/04\/20220428_090715-COLLAGE-Copy.jpg\" alt=\"\" class=\"wp-image-22316\" srcset=\"https:\/\/sp1.kielce.eu\/wp-content\/uploads\/2022\/04\/20220428_090715-COLLAGE-Copy.jpg 675w, https:\/\/sp1.kielce.eu\/wp-content\/uploads\/2022\/04\/20220428_090715-COLLAGE-Copy-225x300.jpg 225w\" sizes=\"auto, (max-width: 675px) 100vw, 675px\" \/><\/a><\/figure>\n\n\n\n<figure class=\"wp-block-image size-large\"><a href=\"http:\/\/sp1.kielce.eu\/wp-content\/uploads\/2022\/04\/20220428_091126-COLLAGE-Copy.jpg\"><img loading=\"lazy\" decoding=\"async\" width=\"675\" height=\"900\" data-id=\"22319\" src=\"http:\/\/sp1.kielce.eu\/wp-content\/uploads\/2022\/04\/20220428_091126-COLLAGE-Copy.jpg\" alt=\"\" class=\"wp-image-22319\" srcset=\"https:\/\/sp1.kielce.eu\/wp-content\/uploads\/2022\/04\/20220428_091126-COLLAGE-Copy.jpg 675w, https:\/\/sp1.kielce.eu\/wp-content\/uploads\/2022\/04\/20220428_091126-COLLAGE-Copy-225x300.jpg 225w\" sizes=\"auto, (max-width: 675px) 100vw, 675px\" \/><\/a><\/figure>\n\n\n\n<figure class=\"wp-block-image size-large\"><a href=\"http:\/\/sp1.kielce.eu\/wp-content\/uploads\/2022\/04\/20220428_100505-Copy.jpg\"><img loading=\"lazy\" decoding=\"async\" width=\"1200\" height=\"900\" data-id=\"22317\" src=\"http:\/\/sp1.kielce.eu\/wp-content\/uploads\/2022\/04\/20220428_100505-Copy.jpg\" alt=\"\" class=\"wp-image-22317\" srcset=\"https:\/\/sp1.kielce.eu\/wp-content\/uploads\/2022\/04\/20220428_100505-Copy.jpg 1200w, https:\/\/sp1.kielce.eu\/wp-content\/uploads\/2022\/04\/20220428_100505-Copy-300x225.jpg 300w, https:\/\/sp1.kielce.eu\/wp-content\/uploads\/2022\/04\/20220428_100505-Copy-768x576.jpg 768w, https:\/\/sp1.kielce.eu\/wp-content\/uploads\/2022\/04\/20220428_100505-Copy-820x615.jpg 820w\" sizes=\"auto, (max-width: 1200px) 100vw, 1200px\" \/><\/a><\/figure>\n\n\n\n<figure class=\"wp-block-image size-large\"><a href=\"http:\/\/sp1.kielce.eu\/wp-content\/uploads\/2022\/04\/1651173706737-Copy.jpg\"><img loading=\"lazy\" decoding=\"async\" width=\"900\" height=\"900\" data-id=\"22318\" src=\"http:\/\/sp1.kielce.eu\/wp-content\/uploads\/2022\/04\/1651173706737-Copy.jpg\" alt=\"\" class=\"wp-image-22318\" srcset=\"https:\/\/sp1.kielce.eu\/wp-content\/uploads\/2022\/04\/1651173706737-Copy.jpg 900w, https:\/\/sp1.kielce.eu\/wp-content\/uploads\/2022\/04\/1651173706737-Copy-300x300.jpg 300w, https:\/\/sp1.kielce.eu\/wp-content\/uploads\/2022\/04\/1651173706737-Copy-150x150.jpg 150w, https:\/\/sp1.kielce.eu\/wp-content\/uploads\/2022\/04\/1651173706737-Copy-768x768.jpg 768w, https:\/\/sp1.kielce.eu\/wp-content\/uploads\/2022\/04\/1651173706737-Copy-820x820.jpg 820w\" sizes=\"auto, (max-width: 900px) 100vw, 900px\" \/><\/a><\/figure>\n\n\n\n<figure class=\"wp-block-image size-large\"><a href=\"http:\/\/sp1.kielce.eu\/wp-content\/uploads\/2022\/04\/1651173706743-Copy.jpg\"><img loading=\"lazy\" decoding=\"async\" width=\"900\" height=\"900\" data-id=\"22315\" src=\"http:\/\/sp1.kielce.eu\/wp-content\/uploads\/2022\/04\/1651173706743-Copy.jpg\" alt=\"\" class=\"wp-image-22315\" srcset=\"https:\/\/sp1.kielce.eu\/wp-content\/uploads\/2022\/04\/1651173706743-Copy.jpg 900w, https:\/\/sp1.kielce.eu\/wp-content\/uploads\/2022\/04\/1651173706743-Copy-300x300.jpg 300w, https:\/\/sp1.kielce.eu\/wp-content\/uploads\/2022\/04\/1651173706743-Copy-150x150.jpg 150w, https:\/\/sp1.kielce.eu\/wp-content\/uploads\/2022\/04\/1651173706743-Copy-768x768.jpg 768w, https:\/\/sp1.kielce.eu\/wp-content\/uploads\/2022\/04\/1651173706743-Copy-820x820.jpg 820w\" sizes=\"auto, (max-width: 900px) 100vw, 900px\" \/><\/a><\/figure>\n<\/figure>\n","protected":false},"excerpt":{"rendered":"<p>Majowy weekend, w&nbsp;naszej Jedynce, zawsze kojarzy si\u0119 z&nbsp;Dniem Barw Narodowych. R\u00f3wnie\u017c w&nbsp;tym roku, Samorz\u0105d Uczniowski [&hellip;]<\/p>\n","protected":false},"author":13,"featured_media":22320,"comment_status":"closed","ping_status":"","sticky":false,"template":"","format":"standard","meta":{"footnotes":""},"categories":[36,170,18],"tags":[],"class_list":["post-22314","post","type-post","status-publish","format-standard","has-post-thumbnail","hentry","category-wydarzenia","category-msu","category-samorzad-uczniowoski"],"_links":{"self":[{"href":"https:\/\/sp1.kielce.eu\/index.php\/wp-json\/wp\/v2\/posts\/22314","targetHints":{"allow":["GET"]}}],"collection":[{"href":"https:\/\/sp1.kielce.eu\/index.php\/wp-json\/wp\/v2\/posts"}],"about":[{"href":"https:\/\/sp1.kielce.eu\/index.php\/wp-json\/wp\/v2\/types\/post"}],"author":[{"embeddable":true,"href":"https:\/\/sp1.kielce.eu\/index.php\/wp-json\/wp\/v2\/users\/13"}],"replies":[{"embeddable":true,"href":"https:\/\/sp1.kielce.eu\/index.php\/wp-json\/wp\/v2\/comments?post=22314"}],"version-history":[{"count":1,"href":"https:\/\/sp1.kielce.eu\/index.php\/wp-json\/wp\/v2\/posts\/22314\/revisions"}],"predecessor-version":[{"id":22321,"href":"https:\/\/sp1.kielce.eu\/index.php\/wp-json\/wp\/v2\/posts\/22314\/revisions\/22321"}],"wp:featuredmedia":[{"embeddable":true,"href":"https:\/\/sp1.kielce.eu\/index.php\/wp-json\/wp\/v2\/media\/22320"}],"wp:attachment":[{"href":"https:\/\/sp1.kielce.eu\/index.php\/wp-json\/wp\/v2\/media?parent=22314"}],"wp:term":[{"taxonomy":"category","embeddable":true,"href":"https:\/\/sp1.kielce.eu\/index.php\/wp-json\/wp\/v2\/categories?post=22314"},{"taxonomy":"post_tag","embeddable":true,"href":"https:\/\/sp1.kielce.eu\/index.php\/wp-json\/wp\/v2\/tags?post=22314"}],"curies":[{"name":"wp","href":"https:\/\/api.w.org\/{rel}","templated":true}]}}