{"id":22170,"date":"2022-04-22T15:39:57","date_gmt":"2022-04-22T13:39:57","guid":{"rendered":"http:\/\/sp1.kielce.eu\/?p=22170"},"modified":"2022-04-22T18:05:53","modified_gmt":"2022-04-22T16:05:53","slug":"dzien-ziemi-5","status":"publish","type":"post","link":"https:\/\/sp1.kielce.eu\/index.php\/2022\/04\/22\/dzien-ziemi-5\/","title":{"rendered":"Dzie\u0144 Ziemi"},"content":{"rendered":"\n<p><strong>Dzie\u0144 Ziemi <\/strong>(<a href=\"https:\/\/pl.wikipedia.org\/wiki\/J%C4%99zyk_angielski\">ang.<\/a><em>Earth Day<\/em>), znany te\u017c jako <strong>\u015awiatowy Dzie\u0144 Ziemi <\/strong>lub <strong>Mi\u0119dzynarodowy Dzie\u0144 Ziemi <\/strong>obchodzony jest 22 kwietnia. Zwi\u0105zane s\u0105 z nim akcje prowadzone corocznie <a href=\"https:\/\/pl.wikipedia.org\/wiki\/Wiosna\">wiosn\u0105<\/a>, kt\u00f3rych celem jest promowanie postaw <a href=\"https:\/\/pl.wikipedia.org\/wiki\/Ekologia\">p<\/a>roekologicznych w <a href=\"https:\/\/pl.wikipedia.org\/wiki\/Spo%C5%82ecze%C5%84stwo\">spo\u0142ecze\u0144stwie<\/a>.<\/p>\n\n\n\n<p>W naszej szkole Dzie\u0144 Ziemi uczcili\u015bmy uroczy\u015bcie poprzez zorganizowanie apelu wraz z uczniami klasy 5a i 5b. Ekobohaterzy znani z bajek uczyli dzieci, jak dba\u0107 o \u015brodowisko. Czerwony Kapturek, Minionek, Kubu\u015b, Kr\u00f3lik, Shrek, Fiona, Pinokio , Kr\u00f3lewna \u015anie\u017cka i Pszcz\u00f3\u0142ka Maja posprz\u0105tali ca\u0142y las, segreguj\u0105c odpady. Na zako\u0144czenie wyst\u0105pi\u0142 zesp\u00f3\u0142 taneczny w choreografii pani Ewy Nowak.<\/p>\n\n\n\n<p>Scenariusz przedstawienia przygotowa\u0142y pani Dorota Broni\u015b oraz pani Ewa Waleniak. Dekoracj\u0105 zaj\u0119\u0142y si\u0119 pani Marzenia Kwiecie\u0144 oraz pani Aneta Trzci\u0144ska. Opraw\u0119 muzyczn\u0105 zapewni\u0142a pani Emilia Orkisz. Fotorelacj\u0119 wykona\u0142 pan Piotr Surma.<\/p>\n\n\n\n<p>Apel przypomnia\u0142 wszystkim, jak wa\u017cna jest nasza planeta i \u017ce nale\u017cy o ni\u0105 dba\u0107.<\/p>\n\n\n\n<p>Dorota Broni\u015b<\/p>\n\n\n\n<p>Ewa Waleniak<\/p>\n\n\n\n<figure class=\"wp-block-gallery has-nested-images columns-default is-cropped wp-block-gallery-1 is-layout-flex wp-block-gallery-is-layout-flex\">\n<figure class=\"wp-block-image size-large\"><a href=\"http:\/\/sp1.kielce.eu\/wp-content\/uploads\/2022\/04\/unnamed-scaled.jpg\"><img loading=\"lazy\" decoding=\"async\" width=\"2560\" height=\"1441\" data-id=\"22171\" src=\"http:\/\/sp1.kielce.eu\/wp-content\/uploads\/2022\/04\/unnamed-scaled.jpg\" alt=\"\" class=\"wp-image-22171\" srcset=\"https:\/\/sp1.kielce.eu\/wp-content\/uploads\/2022\/04\/unnamed-scaled.jpg 2560w, https:\/\/sp1.kielce.eu\/wp-content\/uploads\/2022\/04\/unnamed-300x169.jpg 300w, https:\/\/sp1.kielce.eu\/wp-content\/uploads\/2022\/04\/unnamed-1400x788.jpg 1400w, https:\/\/sp1.kielce.eu\/wp-content\/uploads\/2022\/04\/unnamed-768x432.jpg 768w, https:\/\/sp1.kielce.eu\/wp-content\/uploads\/2022\/04\/unnamed-1536x865.jpg 1536w, https:\/\/sp1.kielce.eu\/wp-content\/uploads\/2022\/04\/unnamed-2048x1153.jpg 2048w, https:\/\/sp1.kielce.eu\/wp-content\/uploads\/2022\/04\/unnamed-820x462.jpg 820w\" sizes=\"auto, (max-width: 2560px) 100vw, 2560px\" \/><\/a><\/figure>\n\n\n\n<figure class=\"wp-block-image size-large\"><a href=\"http:\/\/sp1.kielce.eu\/wp-content\/uploads\/2022\/04\/image_50448129-scaled.jpg\"><img loading=\"lazy\" decoding=\"async\" width=\"2560\" height=\"1649\" data-id=\"22172\" src=\"http:\/\/sp1.kielce.eu\/wp-content\/uploads\/2022\/04\/image_50448129-scaled.jpg\" alt=\"\" class=\"wp-image-22172\" srcset=\"https:\/\/sp1.kielce.eu\/wp-content\/uploads\/2022\/04\/image_50448129-scaled.jpg 2560w, https:\/\/sp1.kielce.eu\/wp-content\/uploads\/2022\/04\/image_50448129-300x193.jpg 300w, https:\/\/sp1.kielce.eu\/wp-content\/uploads\/2022\/04\/image_50448129-1397x900.jpg 1397w, https:\/\/sp1.kielce.eu\/wp-content\/uploads\/2022\/04\/image_50448129-768x495.jpg 768w, https:\/\/sp1.kielce.eu\/wp-content\/uploads\/2022\/04\/image_50448129-1536x989.jpg 1536w, https:\/\/sp1.kielce.eu\/wp-content\/uploads\/2022\/04\/image_50448129-2048x1319.jpg 2048w, https:\/\/sp1.kielce.eu\/wp-content\/uploads\/2022\/04\/image_50448129-820x528.jpg 820w\" sizes=\"auto, (max-width: 2560px) 100vw, 2560px\" \/><\/a><\/figure>\n\n\n\n<figure class=\"wp-block-image size-large\"><a href=\"http:\/\/sp1.kielce.eu\/wp-content\/uploads\/2022\/04\/image_50431489-scaled.jpg\"><img loading=\"lazy\" decoding=\"async\" width=\"2560\" height=\"1440\" data-id=\"22173\" src=\"http:\/\/sp1.kielce.eu\/wp-content\/uploads\/2022\/04\/image_50431489-scaled.jpg\" alt=\"\" class=\"wp-image-22173\" srcset=\"https:\/\/sp1.kielce.eu\/wp-content\/uploads\/2022\/04\/image_50431489-scaled.jpg 2560w, https:\/\/sp1.kielce.eu\/wp-content\/uploads\/2022\/04\/image_50431489-300x169.jpg 300w, https:\/\/sp1.kielce.eu\/wp-content\/uploads\/2022\/04\/image_50431489-1400x788.jpg 1400w, https:\/\/sp1.kielce.eu\/wp-content\/uploads\/2022\/04\/image_50431489-768x432.jpg 768w, https:\/\/sp1.kielce.eu\/wp-content\/uploads\/2022\/04\/image_50431489-1536x864.jpg 1536w, https:\/\/sp1.kielce.eu\/wp-content\/uploads\/2022\/04\/image_50431489-2048x1152.jpg 2048w, https:\/\/sp1.kielce.eu\/wp-content\/uploads\/2022\/04\/image_50431489-820x461.jpg 820w\" sizes=\"auto, (max-width: 2560px) 100vw, 2560px\" \/><\/a><\/figure>\n\n\n\n<figure class=\"wp-block-image size-large\"><a href=\"http:\/\/sp1.kielce.eu\/wp-content\/uploads\/2022\/04\/image_72335555-scaled.jpg\"><img loading=\"lazy\" decoding=\"async\" width=\"2560\" height=\"1440\" data-id=\"22174\" src=\"http:\/\/sp1.kielce.eu\/wp-content\/uploads\/2022\/04\/image_72335555-scaled.jpg\" alt=\"\" class=\"wp-image-22174\" srcset=\"https:\/\/sp1.kielce.eu\/wp-content\/uploads\/2022\/04\/image_72335555-scaled.jpg 2560w, https:\/\/sp1.kielce.eu\/wp-content\/uploads\/2022\/04\/image_72335555-300x169.jpg 300w, https:\/\/sp1.kielce.eu\/wp-content\/uploads\/2022\/04\/image_72335555-1400x787.jpg 1400w, https:\/\/sp1.kielce.eu\/wp-content\/uploads\/2022\/04\/image_72335555-768x432.jpg 768w, https:\/\/sp1.kielce.eu\/wp-content\/uploads\/2022\/04\/image_72335555-1536x864.jpg 1536w, https:\/\/sp1.kielce.eu\/wp-content\/uploads\/2022\/04\/image_72335555-2048x1152.jpg 2048w, https:\/\/sp1.kielce.eu\/wp-content\/uploads\/2022\/04\/image_72335555-820x461.jpg 820w\" sizes=\"auto, (max-width: 2560px) 100vw, 2560px\" \/><\/a><\/figure>\n\n\n\n<figure class=\"wp-block-image size-large\"><a href=\"http:\/\/sp1.kielce.eu\/wp-content\/uploads\/2022\/04\/image_64873217-scaled.jpg\"><img loading=\"lazy\" decoding=\"async\" width=\"2560\" height=\"1444\" data-id=\"22175\" src=\"http:\/\/sp1.kielce.eu\/wp-content\/uploads\/2022\/04\/image_64873217-scaled.jpg\" alt=\"\" class=\"wp-image-22175\" srcset=\"https:\/\/sp1.kielce.eu\/wp-content\/uploads\/2022\/04\/image_64873217-scaled.jpg 2560w, https:\/\/sp1.kielce.eu\/wp-content\/uploads\/2022\/04\/image_64873217-300x169.jpg 300w, https:\/\/sp1.kielce.eu\/wp-content\/uploads\/2022\/04\/image_64873217-1400x790.jpg 1400w, https:\/\/sp1.kielce.eu\/wp-content\/uploads\/2022\/04\/image_64873217-768x433.jpg 768w, https:\/\/sp1.kielce.eu\/wp-content\/uploads\/2022\/04\/image_64873217-1536x867.jpg 1536w, https:\/\/sp1.kielce.eu\/wp-content\/uploads\/2022\/04\/image_64873217-2048x1155.jpg 2048w, https:\/\/sp1.kielce.eu\/wp-content\/uploads\/2022\/04\/image_64873217-820x463.jpg 820w\" sizes=\"auto, (max-width: 2560px) 100vw, 2560px\" \/><\/a><\/figure>\n\n\n\n<figure class=\"wp-block-image size-large\"><a href=\"http:\/\/sp1.kielce.eu\/wp-content\/uploads\/2022\/04\/image_6487327-scaled.jpg\"><img loading=\"lazy\" decoding=\"async\" width=\"2560\" height=\"1444\" data-id=\"22176\" src=\"http:\/\/sp1.kielce.eu\/wp-content\/uploads\/2022\/04\/image_6487327-scaled.jpg\" alt=\"\" class=\"wp-image-22176\" srcset=\"https:\/\/sp1.kielce.eu\/wp-content\/uploads\/2022\/04\/image_6487327-scaled.jpg 2560w, https:\/\/sp1.kielce.eu\/wp-content\/uploads\/2022\/04\/image_6487327-300x169.jpg 300w, https:\/\/sp1.kielce.eu\/wp-content\/uploads\/2022\/04\/image_6487327-1400x790.jpg 1400w, https:\/\/sp1.kielce.eu\/wp-content\/uploads\/2022\/04\/image_6487327-768x433.jpg 768w, https:\/\/sp1.kielce.eu\/wp-content\/uploads\/2022\/04\/image_6487327-1536x867.jpg 1536w, https:\/\/sp1.kielce.eu\/wp-content\/uploads\/2022\/04\/image_6487327-2048x1155.jpg 2048w, https:\/\/sp1.kielce.eu\/wp-content\/uploads\/2022\/04\/image_6487327-820x463.jpg 820w\" sizes=\"auto, (max-width: 2560px) 100vw, 2560px\" \/><\/a><\/figure>\n<\/figure>\n","protected":false},"excerpt":{"rendered":"<p>Dzie\u0144 Ziemi (ang.Earth Day), znany te\u017c jako \u015awiatowy Dzie\u0144 Ziemi lub Mi\u0119dzynarodowy Dzie\u0144 Ziemi obchodzony [&hellip;]<\/p>\n","protected":false},"author":5,"featured_media":22171,"comment_status":"closed","ping_status":"","sticky":false,"template":"","format":"standard","meta":{"footnotes":""},"categories":[36],"tags":[],"class_list":["post-22170","post","type-post","status-publish","format-standard","has-post-thumbnail","hentry","category-wydarzenia"],"_links":{"self":[{"href":"https:\/\/sp1.kielce.eu\/index.php\/wp-json\/wp\/v2\/posts\/22170","targetHints":{"allow":["GET"]}}],"collection":[{"href":"https:\/\/sp1.kielce.eu\/index.php\/wp-json\/wp\/v2\/posts"}],"about":[{"href":"https:\/\/sp1.kielce.eu\/index.php\/wp-json\/wp\/v2\/types\/post"}],"author":[{"embeddable":true,"href":"https:\/\/sp1.kielce.eu\/index.php\/wp-json\/wp\/v2\/users\/5"}],"replies":[{"embeddable":true,"href":"https:\/\/sp1.kielce.eu\/index.php\/wp-json\/wp\/v2\/comments?post=22170"}],"version-history":[{"count":2,"href":"https:\/\/sp1.kielce.eu\/index.php\/wp-json\/wp\/v2\/posts\/22170\/revisions"}],"predecessor-version":[{"id":22183,"href":"https:\/\/sp1.kielce.eu\/index.php\/wp-json\/wp\/v2\/posts\/22170\/revisions\/22183"}],"wp:featuredmedia":[{"embeddable":true,"href":"https:\/\/sp1.kielce.eu\/index.php\/wp-json\/wp\/v2\/media\/22171"}],"wp:attachment":[{"href":"https:\/\/sp1.kielce.eu\/index.php\/wp-json\/wp\/v2\/media?parent=22170"}],"wp:term":[{"taxonomy":"category","embeddable":true,"href":"https:\/\/sp1.kielce.eu\/index.php\/wp-json\/wp\/v2\/categories?post=22170"},{"taxonomy":"post_tag","embeddable":true,"href":"https:\/\/sp1.kielce.eu\/index.php\/wp-json\/wp\/v2\/tags?post=22170"}],"curies":[{"name":"wp","href":"https:\/\/api.w.org\/{rel}","templated":true}]}}