{"id":22157,"date":"2022-04-20T18:13:42","date_gmt":"2022-04-20T16:13:42","guid":{"rendered":"http:\/\/sp1.kielce.eu\/?p=22157"},"modified":"2022-04-20T18:13:42","modified_gmt":"2022-04-20T16:13:42","slug":"z-bl-carlo-acutisem-dbamy-o-bezpieczenstwo-w-internecie","status":"publish","type":"post","link":"https:\/\/sp1.kielce.eu\/index.php\/2022\/04\/20\/z-bl-carlo-acutisem-dbamy-o-bezpieczenstwo-w-internecie\/","title":{"rendered":"Z b\u0142. Carlo Acutisem dbamy o bezpiecze\u0144stwo w Internecie"},"content":{"rendered":"\n<p>Carlo Acutis (1991-2006) jest jednym z&nbsp;najm\u0142odszych b\u0142ogos\u0142awionych w&nbsp;Ko\u015bciele. Jego beatyfikacja odby\u0142a si\u0119 w&nbsp;Asy\u017cu 10&nbsp;pa\u017adziernika 2020 roku. Wiele wskazuje na to, \u017ce w\u0142oski pi\u0119tnastolatek, zostanie kanonizowany jako patron Internetu. Dzi\u0119ki polskiej opiekunce pozna\u0142 i&nbsp;coraz bardziej kocha\u0142 Jezusa. Codziennie uczestniczy\u0142 we Mszy \u015awi\u0119tej i&nbsp;adorowa\u0142 Naj\u015bwi\u0119tszy Sakrament. M\u00f3wi\u0142, ze Eucharystia jest jego autostrad\u0105 do nieba. By\u0142 wielkim czcicielem Maryi i&nbsp;modli\u0142 si\u0119 na r\u00f3\u017ca\u0144cu. Czci\u0142 i&nbsp;stara\u0142 si\u0119 na\u015bladowa\u0107 \u015bw.&nbsp;Franciszka \u2013 Biedaczyn\u0119 z&nbsp;Asy\u017cu.<\/p>\n\n\n\n<p>Pomaga\u0142 ubogim, by\u0142 wolontariuszem w&nbsp;jad\u0142odajni w&nbsp;Mediolanie, za swoje zaoszcz\u0119dzone pieni\u0105dze kupi\u0142 \u015bpiwory bezdomnym.<\/p>\n\n\n\n<p>Ju\u017c w&nbsp;wieku 12&nbsp;lat rozpocz\u0105\u0142 szerzenie wiary w&nbsp;sieci. Tworzy\u0142 strony internetowe po\u015bwi\u0119cone \u015bwi\u0119tym i&nbsp;cudom Eucharystycznym. Ewangelizowa\u0142 w&nbsp;mediach spo\u0142eczno\u015bciowych.<\/p>\n\n\n\n<p>Przyk\u0142adem w\u0142asnego \u017cycia uczy nas jak odnale\u017a\u0107 Boga w\u00a0tabernakulum i\u00a0w\u00a0drugim cz\u0142owieku, ale tak\u017ce jak bezpiecznie i\u00a0efektywnie korzysta\u0107 z\u00a0technologii cyfrowych. <br>Uczniowie klasy 4a pod kierunkiem katechetki \u2013 s.\u00a0Faustyny Czajkowskiej zgromadzili informacje i\u00a0przygotowali slajdy na temat b\u0142ogos\u0142awionego Carlo Acutisa. Przy okazji realizacji tego zadania przypomnieli sobie jak kszta\u0142towa\u0107 umiej\u0119tno\u015b\u0107 stosowania zasad ochrony osobistej, ochrony danych, ochrony to\u017csamo\u015bci cyfrowej, jak bezpiecznie i\u00a0odpowiedzialnie korzysta\u0107 z\u00a0medi\u00f3w spo\u0142eczno\u015bciowych.<\/p>\n\n\n\n<p class=\"has-text-align-right\"><em>s. Faustyna Czajkowska<\/em><\/p>\n\n\n\n<figure class=\"wp-block-gallery has-nested-images columns-4 is-cropped wp-block-gallery-1 is-layout-flex wp-block-gallery-is-layout-flex\">\n<figure class=\"wp-block-image size-large\"><a href=\"http:\/\/sp1.kielce.eu\/wp-content\/uploads\/2022\/04\/Acitis1-Copy.jpg\"><img loading=\"lazy\" decoding=\"async\" width=\"1200\" height=\"675\" data-id=\"22163\" src=\"http:\/\/sp1.kielce.eu\/wp-content\/uploads\/2022\/04\/Acitis1-Copy.jpg\" alt=\"\" class=\"wp-image-22163\" srcset=\"https:\/\/sp1.kielce.eu\/wp-content\/uploads\/2022\/04\/Acitis1-Copy.jpg 1200w, https:\/\/sp1.kielce.eu\/wp-content\/uploads\/2022\/04\/Acitis1-Copy-300x169.jpg 300w, https:\/\/sp1.kielce.eu\/wp-content\/uploads\/2022\/04\/Acitis1-Copy-768x432.jpg 768w, https:\/\/sp1.kielce.eu\/wp-content\/uploads\/2022\/04\/Acitis1-Copy-820x461.jpg 820w\" sizes=\"auto, (max-width: 1200px) 100vw, 1200px\" \/><\/a><\/figure>\n\n\n\n<figure class=\"wp-block-image size-large\"><a href=\"http:\/\/sp1.kielce.eu\/wp-content\/uploads\/2022\/04\/Acutis2-Copy.jpg\"><img loading=\"lazy\" decoding=\"async\" width=\"1200\" height=\"675\" data-id=\"22161\" src=\"http:\/\/sp1.kielce.eu\/wp-content\/uploads\/2022\/04\/Acutis2-Copy.jpg\" alt=\"\" class=\"wp-image-22161\" srcset=\"https:\/\/sp1.kielce.eu\/wp-content\/uploads\/2022\/04\/Acutis2-Copy.jpg 1200w, https:\/\/sp1.kielce.eu\/wp-content\/uploads\/2022\/04\/Acutis2-Copy-300x169.jpg 300w, https:\/\/sp1.kielce.eu\/wp-content\/uploads\/2022\/04\/Acutis2-Copy-768x432.jpg 768w, https:\/\/sp1.kielce.eu\/wp-content\/uploads\/2022\/04\/Acutis2-Copy-820x461.jpg 820w\" sizes=\"auto, (max-width: 1200px) 100vw, 1200px\" \/><\/a><\/figure>\n\n\n\n<figure class=\"wp-block-image size-large\"><a href=\"http:\/\/sp1.kielce.eu\/wp-content\/uploads\/2022\/04\/Acutis3-Copy.jpg\"><img loading=\"lazy\" decoding=\"async\" width=\"1200\" height=\"675\" data-id=\"22158\" src=\"http:\/\/sp1.kielce.eu\/wp-content\/uploads\/2022\/04\/Acutis3-Copy.jpg\" alt=\"\" class=\"wp-image-22158\" srcset=\"https:\/\/sp1.kielce.eu\/wp-content\/uploads\/2022\/04\/Acutis3-Copy.jpg 1200w, https:\/\/sp1.kielce.eu\/wp-content\/uploads\/2022\/04\/Acutis3-Copy-300x169.jpg 300w, https:\/\/sp1.kielce.eu\/wp-content\/uploads\/2022\/04\/Acutis3-Copy-768x432.jpg 768w, https:\/\/sp1.kielce.eu\/wp-content\/uploads\/2022\/04\/Acutis3-Copy-820x461.jpg 820w\" sizes=\"auto, (max-width: 1200px) 100vw, 1200px\" \/><\/a><\/figure>\n\n\n\n<figure class=\"wp-block-image size-large\"><a href=\"http:\/\/sp1.kielce.eu\/wp-content\/uploads\/2022\/04\/Acutis4-Copy.jpg\"><img loading=\"lazy\" decoding=\"async\" width=\"1200\" height=\"675\" data-id=\"22162\" src=\"http:\/\/sp1.kielce.eu\/wp-content\/uploads\/2022\/04\/Acutis4-Copy.jpg\" alt=\"\" class=\"wp-image-22162\" srcset=\"https:\/\/sp1.kielce.eu\/wp-content\/uploads\/2022\/04\/Acutis4-Copy.jpg 1200w, https:\/\/sp1.kielce.eu\/wp-content\/uploads\/2022\/04\/Acutis4-Copy-300x169.jpg 300w, https:\/\/sp1.kielce.eu\/wp-content\/uploads\/2022\/04\/Acutis4-Copy-768x432.jpg 768w, https:\/\/sp1.kielce.eu\/wp-content\/uploads\/2022\/04\/Acutis4-Copy-820x461.jpg 820w\" sizes=\"auto, (max-width: 1200px) 100vw, 1200px\" \/><\/a><\/figure>\n\n\n\n<figure class=\"wp-block-image size-large\"><a href=\"http:\/\/sp1.kielce.eu\/wp-content\/uploads\/2022\/04\/Acutis5-Copy.jpg\"><img loading=\"lazy\" decoding=\"async\" width=\"1200\" height=\"675\" data-id=\"22159\" src=\"http:\/\/sp1.kielce.eu\/wp-content\/uploads\/2022\/04\/Acutis5-Copy.jpg\" alt=\"\" class=\"wp-image-22159\" srcset=\"https:\/\/sp1.kielce.eu\/wp-content\/uploads\/2022\/04\/Acutis5-Copy.jpg 1200w, https:\/\/sp1.kielce.eu\/wp-content\/uploads\/2022\/04\/Acutis5-Copy-300x169.jpg 300w, https:\/\/sp1.kielce.eu\/wp-content\/uploads\/2022\/04\/Acutis5-Copy-768x432.jpg 768w, https:\/\/sp1.kielce.eu\/wp-content\/uploads\/2022\/04\/Acutis5-Copy-820x461.jpg 820w\" sizes=\"auto, (max-width: 1200px) 100vw, 1200px\" \/><\/a><\/figure>\n\n\n\n<figure class=\"wp-block-image size-large\"><a href=\"http:\/\/sp1.kielce.eu\/wp-content\/uploads\/2022\/04\/Acutis6-Copy.jpg\"><img loading=\"lazy\" decoding=\"async\" width=\"1200\" height=\"675\" data-id=\"22160\" src=\"http:\/\/sp1.kielce.eu\/wp-content\/uploads\/2022\/04\/Acutis6-Copy.jpg\" alt=\"\" class=\"wp-image-22160\" srcset=\"https:\/\/sp1.kielce.eu\/wp-content\/uploads\/2022\/04\/Acutis6-Copy.jpg 1200w, https:\/\/sp1.kielce.eu\/wp-content\/uploads\/2022\/04\/Acutis6-Copy-300x169.jpg 300w, https:\/\/sp1.kielce.eu\/wp-content\/uploads\/2022\/04\/Acutis6-Copy-768x432.jpg 768w, https:\/\/sp1.kielce.eu\/wp-content\/uploads\/2022\/04\/Acutis6-Copy-820x461.jpg 820w\" sizes=\"auto, (max-width: 1200px) 100vw, 1200px\" \/><\/a><\/figure>\n\n\n\n<figure class=\"wp-block-image size-large\"><a href=\"http:\/\/sp1.kielce.eu\/wp-content\/uploads\/2022\/04\/Acutis7-Copy.jpg\"><img loading=\"lazy\" decoding=\"async\" width=\"1200\" height=\"675\" data-id=\"22165\" src=\"http:\/\/sp1.kielce.eu\/wp-content\/uploads\/2022\/04\/Acutis7-Copy.jpg\" alt=\"\" class=\"wp-image-22165\" srcset=\"https:\/\/sp1.kielce.eu\/wp-content\/uploads\/2022\/04\/Acutis7-Copy.jpg 1200w, https:\/\/sp1.kielce.eu\/wp-content\/uploads\/2022\/04\/Acutis7-Copy-300x169.jpg 300w, https:\/\/sp1.kielce.eu\/wp-content\/uploads\/2022\/04\/Acutis7-Copy-768x432.jpg 768w, https:\/\/sp1.kielce.eu\/wp-content\/uploads\/2022\/04\/Acutis7-Copy-820x461.jpg 820w\" sizes=\"auto, (max-width: 1200px) 100vw, 1200px\" \/><\/a><\/figure>\n\n\n\n<figure class=\"wp-block-image size-large\"><a href=\"http:\/\/sp1.kielce.eu\/wp-content\/uploads\/2022\/04\/Acutis8-Copy.jpg\"><img loading=\"lazy\" decoding=\"async\" width=\"1200\" height=\"675\" data-id=\"22164\" src=\"http:\/\/sp1.kielce.eu\/wp-content\/uploads\/2022\/04\/Acutis8-Copy.jpg\" alt=\"\" class=\"wp-image-22164\" srcset=\"https:\/\/sp1.kielce.eu\/wp-content\/uploads\/2022\/04\/Acutis8-Copy.jpg 1200w, https:\/\/sp1.kielce.eu\/wp-content\/uploads\/2022\/04\/Acutis8-Copy-300x169.jpg 300w, https:\/\/sp1.kielce.eu\/wp-content\/uploads\/2022\/04\/Acutis8-Copy-768x432.jpg 768w, https:\/\/sp1.kielce.eu\/wp-content\/uploads\/2022\/04\/Acutis8-Copy-820x461.jpg 820w\" sizes=\"auto, (max-width: 1200px) 100vw, 1200px\" \/><\/a><\/figure>\n<\/figure>\n","protected":false},"excerpt":{"rendered":"<p>Carlo Acutis (1991-2006) jest jednym z&nbsp;najm\u0142odszych b\u0142ogos\u0142awionych w&nbsp;Ko\u015bciele. Jego beatyfikacja odby\u0142a si\u0119 w&nbsp;Asy\u017cu 10&nbsp;pa\u017adziernika 2020 [&hellip;]<\/p>\n","protected":false},"author":13,"featured_media":22167,"comment_status":"closed","ping_status":"","sticky":false,"template":"","format":"standard","meta":{"footnotes":""},"categories":[36],"tags":[],"class_list":["post-22157","post","type-post","status-publish","format-standard","has-post-thumbnail","hentry","category-wydarzenia"],"_links":{"self":[{"href":"https:\/\/sp1.kielce.eu\/index.php\/wp-json\/wp\/v2\/posts\/22157","targetHints":{"allow":["GET"]}}],"collection":[{"href":"https:\/\/sp1.kielce.eu\/index.php\/wp-json\/wp\/v2\/posts"}],"about":[{"href":"https:\/\/sp1.kielce.eu\/index.php\/wp-json\/wp\/v2\/types\/post"}],"author":[{"embeddable":true,"href":"https:\/\/sp1.kielce.eu\/index.php\/wp-json\/wp\/v2\/users\/13"}],"replies":[{"embeddable":true,"href":"https:\/\/sp1.kielce.eu\/index.php\/wp-json\/wp\/v2\/comments?post=22157"}],"version-history":[{"count":2,"href":"https:\/\/sp1.kielce.eu\/index.php\/wp-json\/wp\/v2\/posts\/22157\/revisions"}],"predecessor-version":[{"id":22168,"href":"https:\/\/sp1.kielce.eu\/index.php\/wp-json\/wp\/v2\/posts\/22157\/revisions\/22168"}],"wp:featuredmedia":[{"embeddable":true,"href":"https:\/\/sp1.kielce.eu\/index.php\/wp-json\/wp\/v2\/media\/22167"}],"wp:attachment":[{"href":"https:\/\/sp1.kielce.eu\/index.php\/wp-json\/wp\/v2\/media?parent=22157"}],"wp:term":[{"taxonomy":"category","embeddable":true,"href":"https:\/\/sp1.kielce.eu\/index.php\/wp-json\/wp\/v2\/categories?post=22157"},{"taxonomy":"post_tag","embeddable":true,"href":"https:\/\/sp1.kielce.eu\/index.php\/wp-json\/wp\/v2\/tags?post=22157"}],"curies":[{"name":"wp","href":"https:\/\/api.w.org\/{rel}","templated":true}]}}