{"id":22146,"date":"2022-04-20T12:23:00","date_gmt":"2022-04-20T10:23:00","guid":{"rendered":"http:\/\/sp1.kielce.eu\/?p=22146"},"modified":"2022-04-20T18:08:20","modified_gmt":"2022-04-20T16:08:20","slug":"konkurs-kartka-wielkanocna-rozstrzygniety","status":"publish","type":"post","link":"https:\/\/sp1.kielce.eu\/index.php\/2022\/04\/20\/konkurs-kartka-wielkanocna-rozstrzygniety\/","title":{"rendered":"Konkurs &#8222;Kartka Wielkanocna&#8221; rozstrzygni\u0119ty"},"content":{"rendered":"\n<p><strong>Wyniki konkursu plastycznego dla klas 1-8 na wykonanie Kartki Wielkanocnej z&nbsp;\u017cyczeniami w&nbsp;j\u0119zyku angielskim i&nbsp;niemieckim.<\/strong><\/p>\n\n\n\n<p>&nbsp;&nbsp;&nbsp;&nbsp;&nbsp;&nbsp;&nbsp;&nbsp;&nbsp;&nbsp;&nbsp; Wysy\u0142anie kartek to jedna z&nbsp;tradycji zwi\u0105zanej&nbsp; ze \u015awi\u0119tami Wielkanocnymi. Na szcz\u0119\u015bcie, w&nbsp;dobie rozwoju informatyki, nie zapominamy o&nbsp;wysy\u0142aniu kartek \u015bwi\u0105tecznych tradycyjn\u0105 drog\u0105 pocztow\u0105. Adresaci kartek \u015bwi\u0105tecznych, zachwyceni ich wykonaniem oraz tre\u015bci\u0105 \u017cycze\u0144, zatrzymuj\u0105 je na d\u0142ugo.<\/p>\n\n\n\n<p>&nbsp;&nbsp;&nbsp;&nbsp;&nbsp;&nbsp;&nbsp;&nbsp;&nbsp;&nbsp;&nbsp; Najpi\u0119kniejsze kartki \u015bwi\u0105teczne to te, kt\u00f3re powstaj\u0105 w\u0142asnor\u0119cznie wykonane przez dzieci, ozdabiane r\u00f3\u017cnymi technikami, z&nbsp;\u017cyczeniami p\u0142yn\u0105cymi prosto z&nbsp;serca. I&nbsp;w\u0142a\u015bnie takie kartki wykonali nasi uczniowie. Dzi\u0119kujemy wszystkim za wzi\u0119cie licznego udzia\u0142u w&nbsp;konkursie \u2013 wp\u0142yn\u0119\u0142o do nas ponad 30&nbsp;prac. Z&nbsp;rado\u015bci\u0105 przedstawiamy wyniki konkursu plastycznego \u201cKartka Wielkanocna\u201d.<\/p>\n\n\n\n<p><strong>W kategorii uczni\u00f3w klas 1-3<\/strong> <br>miejsce I \u2013 Lena Makowska kl. 2a <br>miejsce II \u2013 Zofia Mazur kl. 2a, Jakub Majkowski kl. 2a <br>miejsce III \u2013&nbsp; Filip \u0141abuz kl. 2a, Bartek Binkowski kl. 2b, Kaja Bia\u0142ek kl. 1c <br><strong>Wyr\u00f3\u017cnienia:<\/strong> Nadia Sosowska kl. 2a, Nikola Sosowska kl. 3a, Kinga W\u00f3jcik kl. 2a<\/p>\n\n\n\n<p><strong>W kategorii uczni\u00f3w z klas&nbsp; 4-8<\/strong> <br>miejsce I \u2013&nbsp; Eryk Kubicki kl. 8b, Katarzyna Ko\u0142cz kl. 7b <br>miejsce II \u2013&nbsp; Marika Masternak kl. 5b <br>miejsce III \u2013 <strong>&nbsp;<\/strong>Karolina Plech kl. 7b <br><strong>Wyr\u00f3\u017cnienia: <\/strong>Igor Zatelmajer kl. 5b<\/p>\n\n\n\n<p>Nagroda Specjalna: Julia Brzy\u015bkiewicz kl. 1c.<\/p>\n\n\n\n<p>Nagrodzonym uczniom gratulujemy i \u017cyczymy dalszych sukces\u00f3w.<\/p>\n\n\n\n<p class=\"has-text-align-right\"><strong>Organizatorzy konkursu:<\/strong> <br>Alina Dziopa <br>Rafa\u0142 Krzyczkowski<\/p>\n\n\n\n<figure class=\"wp-block-gallery has-nested-images columns-default is-cropped wp-block-gallery-1 is-layout-flex wp-block-gallery-is-layout-flex\">\n<figure class=\"wp-block-image size-large\"><a href=\"http:\/\/sp1.kielce.eu\/wp-content\/uploads\/2022\/04\/20220401_100850-Copy.jpg\"><img loading=\"lazy\" decoding=\"async\" width=\"1200\" height=\"900\" data-id=\"22147\" src=\"http:\/\/sp1.kielce.eu\/wp-content\/uploads\/2022\/04\/20220401_100850-Copy.jpg\" alt=\"\" class=\"wp-image-22147\" srcset=\"https:\/\/sp1.kielce.eu\/wp-content\/uploads\/2022\/04\/20220401_100850-Copy.jpg 1200w, https:\/\/sp1.kielce.eu\/wp-content\/uploads\/2022\/04\/20220401_100850-Copy-300x225.jpg 300w, https:\/\/sp1.kielce.eu\/wp-content\/uploads\/2022\/04\/20220401_100850-Copy-768x576.jpg 768w, https:\/\/sp1.kielce.eu\/wp-content\/uploads\/2022\/04\/20220401_100850-Copy-820x615.jpg 820w\" sizes=\"auto, (max-width: 1200px) 100vw, 1200px\" \/><\/a><\/figure>\n\n\n\n<figure class=\"wp-block-image size-large\"><a href=\"http:\/\/sp1.kielce.eu\/wp-content\/uploads\/2022\/04\/20220401_101643-Copy.jpg\"><img loading=\"lazy\" decoding=\"async\" width=\"675\" height=\"900\" data-id=\"22148\" src=\"http:\/\/sp1.kielce.eu\/wp-content\/uploads\/2022\/04\/20220401_101643-Copy.jpg\" alt=\"\" class=\"wp-image-22148\" srcset=\"https:\/\/sp1.kielce.eu\/wp-content\/uploads\/2022\/04\/20220401_101643-Copy.jpg 675w, https:\/\/sp1.kielce.eu\/wp-content\/uploads\/2022\/04\/20220401_101643-Copy-225x300.jpg 225w\" sizes=\"auto, (max-width: 675px) 100vw, 675px\" \/><\/a><\/figure>\n\n\n\n<figure class=\"wp-block-image size-large\"><a href=\"http:\/\/sp1.kielce.eu\/wp-content\/uploads\/2022\/04\/20220413_110215-Copy.jpg\"><img loading=\"lazy\" decoding=\"async\" width=\"1200\" height=\"900\" data-id=\"22149\" src=\"http:\/\/sp1.kielce.eu\/wp-content\/uploads\/2022\/04\/20220413_110215-Copy.jpg\" alt=\"\" class=\"wp-image-22149\" srcset=\"https:\/\/sp1.kielce.eu\/wp-content\/uploads\/2022\/04\/20220413_110215-Copy.jpg 1200w, https:\/\/sp1.kielce.eu\/wp-content\/uploads\/2022\/04\/20220413_110215-Copy-300x225.jpg 300w, https:\/\/sp1.kielce.eu\/wp-content\/uploads\/2022\/04\/20220413_110215-Copy-768x576.jpg 768w, https:\/\/sp1.kielce.eu\/wp-content\/uploads\/2022\/04\/20220413_110215-Copy-820x615.jpg 820w\" sizes=\"auto, (max-width: 1200px) 100vw, 1200px\" \/><\/a><\/figure>\n<\/figure>\n","protected":false},"excerpt":{"rendered":"<p>Wyniki konkursu plastycznego dla klas 1-8 na wykonanie Kartki Wielkanocnej z&nbsp;\u017cyczeniami w&nbsp;j\u0119zyku angielskim i&nbsp;niemieckim. &nbsp;&nbsp;&nbsp;&nbsp;&nbsp;&nbsp;&nbsp;&nbsp;&nbsp;&nbsp;&nbsp; [&hellip;]<\/p>\n","protected":false},"author":13,"featured_media":22153,"comment_status":"closed","ping_status":"","sticky":false,"template":"","format":"standard","meta":{"footnotes":""},"categories":[22],"tags":[],"class_list":["post-22146","post","type-post","status-publish","format-standard","has-post-thumbnail","hentry","category-konkursy-konkursy-przedmiotowe"],"_links":{"self":[{"href":"https:\/\/sp1.kielce.eu\/index.php\/wp-json\/wp\/v2\/posts\/22146","targetHints":{"allow":["GET"]}}],"collection":[{"href":"https:\/\/sp1.kielce.eu\/index.php\/wp-json\/wp\/v2\/posts"}],"about":[{"href":"https:\/\/sp1.kielce.eu\/index.php\/wp-json\/wp\/v2\/types\/post"}],"author":[{"embeddable":true,"href":"https:\/\/sp1.kielce.eu\/index.php\/wp-json\/wp\/v2\/users\/13"}],"replies":[{"embeddable":true,"href":"https:\/\/sp1.kielce.eu\/index.php\/wp-json\/wp\/v2\/comments?post=22146"}],"version-history":[{"count":4,"href":"https:\/\/sp1.kielce.eu\/index.php\/wp-json\/wp\/v2\/posts\/22146\/revisions"}],"predecessor-version":[{"id":22156,"href":"https:\/\/sp1.kielce.eu\/index.php\/wp-json\/wp\/v2\/posts\/22146\/revisions\/22156"}],"wp:featuredmedia":[{"embeddable":true,"href":"https:\/\/sp1.kielce.eu\/index.php\/wp-json\/wp\/v2\/media\/22153"}],"wp:attachment":[{"href":"https:\/\/sp1.kielce.eu\/index.php\/wp-json\/wp\/v2\/media?parent=22146"}],"wp:term":[{"taxonomy":"category","embeddable":true,"href":"https:\/\/sp1.kielce.eu\/index.php\/wp-json\/wp\/v2\/categories?post=22146"},{"taxonomy":"post_tag","embeddable":true,"href":"https:\/\/sp1.kielce.eu\/index.php\/wp-json\/wp\/v2\/tags?post=22146"}],"curies":[{"name":"wp","href":"https:\/\/api.w.org\/{rel}","templated":true}]}}