{"id":22044,"date":"2022-04-07T12:18:56","date_gmt":"2022-04-07T10:18:56","guid":{"rendered":"http:\/\/sp1.kielce.eu\/?p=22044"},"modified":"2022-04-08T11:35:17","modified_gmt":"2022-04-08T09:35:17","slug":"ii-edycja-wojewodzkiego-konkursu","status":"publish","type":"post","link":"https:\/\/sp1.kielce.eu\/index.php\/2022\/04\/07\/ii-edycja-wojewodzkiego-konkursu\/","title":{"rendered":"<strong>II edycja &nbsp;Wojew\u00f3dzkiego&nbsp; Konkursu<\/strong>"},"content":{"rendered":"\n<p><strong>\u201e\u00d6komode &#8211; ekologiczna moda niemieckiego obszaru j\u0119zykowego\u201d<\/strong><\/p>\n\n\n\n<p><strong>dla uczni\u00f3w klas IV-VIII szk\u00f3\u0142 podstawowych.<\/strong><\/p>\n\n\n\n<p>07 kwietnia 2022 roku odby\u0142 si\u0119 w Szkole Podstawowej nr 1 im. Stanis\u0142awa Staszica w Kielcach fina\u0142 II&nbsp;edycji Wojew\u00f3dzkiego Konkursu \u201e\u00d6komode \u2013 ekologiczna moda niemieckiego obszaru j\u0119zykowego\u201d. Konkurs odby\u0142 si\u0119 pod honorowym patronatem Prezydenta Miasta Kielce oraz \u015awi\u0119tokrzyskiego Kuratora O\u015bwiaty.<\/p>\n\n\n\n<p>&nbsp;&nbsp;&nbsp;&nbsp;&nbsp; Zadaniem konkursu by\u0142o promowanie zainteresowa\u0144 i postaw ekologicznych, popularyzacja wiedzy dotycz\u0105cej segregacji i recyklingu oraz uwra\u017cliwienie na konieczno\u015b\u0107 dbania o \u015brodowisko naturalne. Celem nadrz\u0119dnym by\u0142o rozwijanie ciekawo\u015bci poznawczej zwi\u0105zanej z krajami niemieckoj\u0119zycznymi&nbsp; oraz zach\u0119cenie uczni\u00f3w do nauki j\u0119zyka niemieckiego. A wszystko to z wykorzystaniem narz\u0119dzi technologii informacyjno \u2013 komputerowej.<\/p>\n\n\n\n<p>Uczestnicy trzeciego etapu konkursu&nbsp; wykonali na bazie ekologicznych materia\u0142\u00f3w ubi\u00f3r inspirowany strojem z okresu Baroku.<\/p>\n\n\n\n<p>W konkursie wzi\u0119\u0142o udzia\u0142 a\u017c 113 uczestnik\u00f3w z terenu wojew\u00f3dztwa \u015bwi\u0119tokrzyskiego.&nbsp; Do fina\u0142u zakwalifikowano 24 uczestnik\u00f3w. Jest nam niezmiernie mi\u0142o, \u017ce nasz konkurs cieszy\u0142 si\u0119 takim zainteresowaniem. Pragniemy r\u00f3wnie\u017c nadmieni\u0107, \u017ce konkurs zosta\u0142 wpisanyprzez \u015awi\u0119tokrzyskiego Kuratora O\u015bwiaty do wykazu zawod\u00f3w wiedzy, artystycznych i sportowych&nbsp; .<\/p>\n\n\n\n<p>Zwyci\u0119zc\u00f3w wy\u0142oni\u0142o niezale\u017cne jury w sk\u0142adzie:<\/p>\n\n\n\n<p>\u2013 Pani&nbsp;<strong>dr Donata W\u00f3jcik&nbsp;&nbsp;<\/strong>&#8211; Wyk\u0142adowca Uniwersytetu Jana Kochanowskiego<\/p>\n\n\n\n<p>\u2013 Pani <strong>Aneta Br\u00f3dka<\/strong> \u2013 Nauczyciel konsultant j\u0119zyka niemieckiego, pracownik \u015aCDN<\/p>\n\n\n\n<p>\u2013 Pani&nbsp;<strong>Ewa \u0141ukawska&nbsp;<\/strong>&#8211;&nbsp; projektantka mody<\/p>\n\n\n\n<p><strong>Laureatem konkursu zosta\u0142 Jakub Jaszczyk&nbsp; <\/strong><strong>ze Szko\u0142y Podstawowej im Stefana \u017beromskiego w Cedzynie.<\/strong><strong><\/strong><\/p>\n\n\n\n<p><strong>II miejsce: Nikola Ryczek <\/strong><strong>ze Szko\u0142y Podstawowej nr 1 im Stanis\u0142awa Staszica w Busku Zroju.<\/strong><\/p>\n\n\n\n<p><strong>III miejsce: Martyna Kot <\/strong><strong>ze Szko\u0142y Podstawowej im Jana Paw\u0142aII w Gowarczowie,<\/strong><\/p>\n\n\n\n<p><strong>&nbsp;&nbsp;&nbsp;&nbsp;&nbsp;&nbsp;&nbsp;&nbsp;&nbsp;&nbsp;&nbsp; &nbsp;&nbsp;&nbsp;&nbsp;&nbsp;&nbsp;&nbsp; Aleksander Pi\u0142at <\/strong><strong>ze Szko\u0142y Podstawowej nr 34 im. Adama Mickiewicza w Kielcach<\/strong><\/p>\n\n\n\n<p>&nbsp;&nbsp;&nbsp;&nbsp;&nbsp;&nbsp;&nbsp;&nbsp;&nbsp;&nbsp;&nbsp; Partnerami konkursu byli: Przedsi\u0119biorstwo Gospodarki Odpadami w Promniku,&nbsp; Wydzia\u0142 Us\u0142ug Komunalnych i Zarz\u0105dzania \u015arodowiskiem Urz\u0105d Miasta Kielce. &nbsp;Patronat nad konkursem obj\u0105\u0142 Prezydent miasta Kielce oraz \u015awi\u0119tokrzyski Kurator. Wspierali nas r\u00f3wnie\u017c Instytut Goethego w Warszawie. Patronat medialny obj\u0119li TVP Kielce, Radio Kielce i Echo Dnia.<\/p>\n\n\n\n<p>Wszystkim uczestnikom konkursu gratulujemy fantastycznych pomys\u0142\u00f3w i wspaniale wykonanych kreacji, a przede wszystkim znajomo\u015bci j\u0119zyka niemieckiego.<\/p>\n\n\n\n<p><a href=\"https:\/\/www.kielce.eu\/pl\/aktualnosci\/barokowe-stroje-z-ekologicznych-materialow-final-konkursu-dla-uczniow-podstawowek.html\">Barokowe stroje z ekologicznych materia\u0142\u00f3w. Fina\u0142 konkursu dla uczni\u00f3w podstaw\u00f3wek &#8211; Oficjalna strona internetowa Miasta Kielce<\/a><\/p>\n\n\n\n<p>Organizatorzy:<\/p>\n\n\n\n<p>Dyrektor &#8211; \u017baneta Szczepaniak<\/p>\n\n\n\n<p>Alina Dziopa<\/p>\n\n\n\n<p>Kinga Kozie\u0142<\/p>\n\n\n\n<p>&nbsp;Ewa Stachura<\/p>\n\n\n\n<p>Marta Pawlak<\/p>\n\n\n\n<p>Dariusz St\u0119pie\u0144<\/p>\n\n\n\n<p>Piotr Surma<\/p>\n\n\n\n<figure class=\"wp-block-embed is-type-video is-provider-youtube wp-block-embed-youtube wp-embed-aspect-16-9 wp-has-aspect-ratio\"><div class=\"wp-block-embed__wrapper\">\n<iframe loading=\"lazy\" title=\"OKOMODE - Ekologiczna moda niemieckiego obszaru j\u0119zykowego\" width=\"1160\" height=\"653\" src=\"https:\/\/www.youtube.com\/embed\/Ur0XxfbxJS0?feature=oembed\" frameborder=\"0\" allow=\"accelerometer; autoplay; clipboard-write; encrypted-media; gyroscope; picture-in-picture\" allowfullscreen><\/iframe>\n<\/div><\/figure>\n\n\n\n<figure class=\"wp-block-gallery has-nested-images columns-default is-cropped wp-block-gallery-1 is-layout-flex wp-block-gallery-is-layout-flex\">\n<figure class=\"wp-block-image size-large\"><a href=\"http:\/\/sp1.kielce.eu\/wp-content\/uploads\/2022\/04\/IMG_4423-scaled.jpg\"><img loading=\"lazy\" decoding=\"async\" width=\"2560\" height=\"1462\" data-id=\"22045\" src=\"http:\/\/sp1.kielce.eu\/wp-content\/uploads\/2022\/04\/IMG_4423-scaled.jpg\" alt=\"\" class=\"wp-image-22045\" srcset=\"https:\/\/sp1.kielce.eu\/wp-content\/uploads\/2022\/04\/IMG_4423-scaled.jpg 2560w, https:\/\/sp1.kielce.eu\/wp-content\/uploads\/2022\/04\/IMG_4423-300x171.jpg 300w, https:\/\/sp1.kielce.eu\/wp-content\/uploads\/2022\/04\/IMG_4423-1400x799.jpg 1400w, https:\/\/sp1.kielce.eu\/wp-content\/uploads\/2022\/04\/IMG_4423-768x438.jpg 768w, https:\/\/sp1.kielce.eu\/wp-content\/uploads\/2022\/04\/IMG_4423-1536x877.jpg 1536w, https:\/\/sp1.kielce.eu\/wp-content\/uploads\/2022\/04\/IMG_4423-2048x1169.jpg 2048w, https:\/\/sp1.kielce.eu\/wp-content\/uploads\/2022\/04\/IMG_4423-820x468.jpg 820w\" sizes=\"auto, (max-width: 2560px) 100vw, 2560px\" \/><\/a><\/figure>\n\n\n\n<figure class=\"wp-block-image size-large\"><a href=\"http:\/\/sp1.kielce.eu\/wp-content\/uploads\/2022\/04\/IMG_4430-scaled.jpg\"><img loading=\"lazy\" decoding=\"async\" width=\"2560\" height=\"1444\" data-id=\"22046\" src=\"http:\/\/sp1.kielce.eu\/wp-content\/uploads\/2022\/04\/IMG_4430-scaled.jpg\" alt=\"\" class=\"wp-image-22046\" srcset=\"https:\/\/sp1.kielce.eu\/wp-content\/uploads\/2022\/04\/IMG_4430-scaled.jpg 2560w, https:\/\/sp1.kielce.eu\/wp-content\/uploads\/2022\/04\/IMG_4430-300x169.jpg 300w, https:\/\/sp1.kielce.eu\/wp-content\/uploads\/2022\/04\/IMG_4430-1400x790.jpg 1400w, https:\/\/sp1.kielce.eu\/wp-content\/uploads\/2022\/04\/IMG_4430-768x433.jpg 768w, https:\/\/sp1.kielce.eu\/wp-content\/uploads\/2022\/04\/IMG_4430-1536x867.jpg 1536w, https:\/\/sp1.kielce.eu\/wp-content\/uploads\/2022\/04\/IMG_4430-2048x1155.jpg 2048w, https:\/\/sp1.kielce.eu\/wp-content\/uploads\/2022\/04\/IMG_4430-820x463.jpg 820w\" sizes=\"auto, (max-width: 2560px) 100vw, 2560px\" \/><\/a><\/figure>\n\n\n\n<figure class=\"wp-block-image size-large\"><a href=\"http:\/\/sp1.kielce.eu\/wp-content\/uploads\/2022\/04\/IMG_4432-scaled.jpg\"><img loading=\"lazy\" decoding=\"async\" width=\"2560\" height=\"1444\" data-id=\"22047\" src=\"http:\/\/sp1.kielce.eu\/wp-content\/uploads\/2022\/04\/IMG_4432-scaled.jpg\" alt=\"\" class=\"wp-image-22047\" srcset=\"https:\/\/sp1.kielce.eu\/wp-content\/uploads\/2022\/04\/IMG_4432-scaled.jpg 2560w, https:\/\/sp1.kielce.eu\/wp-content\/uploads\/2022\/04\/IMG_4432-300x169.jpg 300w, https:\/\/sp1.kielce.eu\/wp-content\/uploads\/2022\/04\/IMG_4432-1400x790.jpg 1400w, https:\/\/sp1.kielce.eu\/wp-content\/uploads\/2022\/04\/IMG_4432-768x433.jpg 768w, https:\/\/sp1.kielce.eu\/wp-content\/uploads\/2022\/04\/IMG_4432-1536x867.jpg 1536w, https:\/\/sp1.kielce.eu\/wp-content\/uploads\/2022\/04\/IMG_4432-2048x1155.jpg 2048w, https:\/\/sp1.kielce.eu\/wp-content\/uploads\/2022\/04\/IMG_4432-820x463.jpg 820w\" sizes=\"auto, (max-width: 2560px) 100vw, 2560px\" \/><\/a><\/figure>\n\n\n\n<figure class=\"wp-block-image size-large\"><a href=\"http:\/\/sp1.kielce.eu\/wp-content\/uploads\/2022\/04\/IMG_4434-scaled.jpg\"><img loading=\"lazy\" decoding=\"async\" width=\"2560\" height=\"1920\" data-id=\"22048\" src=\"http:\/\/sp1.kielce.eu\/wp-content\/uploads\/2022\/04\/IMG_4434-scaled.jpg\" alt=\"\" class=\"wp-image-22048\" srcset=\"https:\/\/sp1.kielce.eu\/wp-content\/uploads\/2022\/04\/IMG_4434-scaled.jpg 2560w, https:\/\/sp1.kielce.eu\/wp-content\/uploads\/2022\/04\/IMG_4434-300x225.jpg 300w, https:\/\/sp1.kielce.eu\/wp-content\/uploads\/2022\/04\/IMG_4434-1200x900.jpg 1200w, https:\/\/sp1.kielce.eu\/wp-content\/uploads\/2022\/04\/IMG_4434-768x576.jpg 768w, https:\/\/sp1.kielce.eu\/wp-content\/uploads\/2022\/04\/IMG_4434-1536x1152.jpg 1536w, https:\/\/sp1.kielce.eu\/wp-content\/uploads\/2022\/04\/IMG_4434-2048x1536.jpg 2048w, https:\/\/sp1.kielce.eu\/wp-content\/uploads\/2022\/04\/IMG_4434-820x615.jpg 820w\" sizes=\"auto, (max-width: 2560px) 100vw, 2560px\" \/><\/a><\/figure>\n\n\n\n<figure class=\"wp-block-image size-large\"><a href=\"http:\/\/sp1.kielce.eu\/wp-content\/uploads\/2022\/04\/IMG_4437-scaled.jpg\"><img loading=\"lazy\" decoding=\"async\" width=\"2560\" height=\"1440\" data-id=\"22049\" src=\"http:\/\/sp1.kielce.eu\/wp-content\/uploads\/2022\/04\/IMG_4437-scaled.jpg\" alt=\"\" class=\"wp-image-22049\" srcset=\"https:\/\/sp1.kielce.eu\/wp-content\/uploads\/2022\/04\/IMG_4437-scaled.jpg 2560w, https:\/\/sp1.kielce.eu\/wp-content\/uploads\/2022\/04\/IMG_4437-300x169.jpg 300w, https:\/\/sp1.kielce.eu\/wp-content\/uploads\/2022\/04\/IMG_4437-1400x788.jpg 1400w, https:\/\/sp1.kielce.eu\/wp-content\/uploads\/2022\/04\/IMG_4437-768x432.jpg 768w, https:\/\/sp1.kielce.eu\/wp-content\/uploads\/2022\/04\/IMG_4437-1536x864.jpg 1536w, https:\/\/sp1.kielce.eu\/wp-content\/uploads\/2022\/04\/IMG_4437-2048x1152.jpg 2048w, https:\/\/sp1.kielce.eu\/wp-content\/uploads\/2022\/04\/IMG_4437-820x461.jpg 820w\" sizes=\"auto, (max-width: 2560px) 100vw, 2560px\" \/><\/a><\/figure>\n\n\n\n<figure class=\"wp-block-image size-large\"><a href=\"http:\/\/sp1.kielce.eu\/wp-content\/uploads\/2022\/04\/IMG_4438-scaled.jpg\"><img loading=\"lazy\" decoding=\"async\" width=\"2560\" height=\"1920\" data-id=\"22050\" src=\"http:\/\/sp1.kielce.eu\/wp-content\/uploads\/2022\/04\/IMG_4438-scaled.jpg\" alt=\"\" class=\"wp-image-22050\" srcset=\"https:\/\/sp1.kielce.eu\/wp-content\/uploads\/2022\/04\/IMG_4438-scaled.jpg 2560w, https:\/\/sp1.kielce.eu\/wp-content\/uploads\/2022\/04\/IMG_4438-300x225.jpg 300w, https:\/\/sp1.kielce.eu\/wp-content\/uploads\/2022\/04\/IMG_4438-1200x900.jpg 1200w, https:\/\/sp1.kielce.eu\/wp-content\/uploads\/2022\/04\/IMG_4438-768x576.jpg 768w, https:\/\/sp1.kielce.eu\/wp-content\/uploads\/2022\/04\/IMG_4438-1536x1152.jpg 1536w, https:\/\/sp1.kielce.eu\/wp-content\/uploads\/2022\/04\/IMG_4438-2048x1536.jpg 2048w, https:\/\/sp1.kielce.eu\/wp-content\/uploads\/2022\/04\/IMG_4438-820x615.jpg 820w\" sizes=\"auto, (max-width: 2560px) 100vw, 2560px\" \/><\/a><\/figure>\n\n\n\n<figure class=\"wp-block-image size-large\"><a href=\"http:\/\/sp1.kielce.eu\/wp-content\/uploads\/2022\/04\/Jakub-Jaszczyk-SP-Cedzyna.jpg\"><img loading=\"lazy\" decoding=\"async\" width=\"1034\" height=\"1600\" data-id=\"22051\" src=\"http:\/\/sp1.kielce.eu\/wp-content\/uploads\/2022\/04\/Jakub-Jaszczyk-SP-Cedzyna.jpg\" alt=\"\" class=\"wp-image-22051\" srcset=\"https:\/\/sp1.kielce.eu\/wp-content\/uploads\/2022\/04\/Jakub-Jaszczyk-SP-Cedzyna.jpg 1034w, https:\/\/sp1.kielce.eu\/wp-content\/uploads\/2022\/04\/Jakub-Jaszczyk-SP-Cedzyna-194x300.jpg 194w, https:\/\/sp1.kielce.eu\/wp-content\/uploads\/2022\/04\/Jakub-Jaszczyk-SP-Cedzyna-582x900.jpg 582w, https:\/\/sp1.kielce.eu\/wp-content\/uploads\/2022\/04\/Jakub-Jaszczyk-SP-Cedzyna-768x1188.jpg 768w, https:\/\/sp1.kielce.eu\/wp-content\/uploads\/2022\/04\/Jakub-Jaszczyk-SP-Cedzyna-993x1536.jpg 993w, https:\/\/sp1.kielce.eu\/wp-content\/uploads\/2022\/04\/Jakub-Jaszczyk-SP-Cedzyna-820x1269.jpg 820w\" sizes=\"auto, (max-width: 1034px) 100vw, 1034px\" \/><\/a><\/figure>\n\n\n\n<figure class=\"wp-block-image size-large\"><a href=\"http:\/\/sp1.kielce.eu\/wp-content\/uploads\/2022\/04\/Aleksander-Pieat-SP-34-Kielce.jpg\"><img loading=\"lazy\" decoding=\"async\" width=\"1488\" height=\"2000\" data-id=\"22052\" src=\"http:\/\/sp1.kielce.eu\/wp-content\/uploads\/2022\/04\/Aleksander-Pieat-SP-34-Kielce.jpg\" alt=\"\" class=\"wp-image-22052\" srcset=\"https:\/\/sp1.kielce.eu\/wp-content\/uploads\/2022\/04\/Aleksander-Pieat-SP-34-Kielce.jpg 1488w, https:\/\/sp1.kielce.eu\/wp-content\/uploads\/2022\/04\/Aleksander-Pieat-SP-34-Kielce-223x300.jpg 223w, https:\/\/sp1.kielce.eu\/wp-content\/uploads\/2022\/04\/Aleksander-Pieat-SP-34-Kielce-670x900.jpg 670w, https:\/\/sp1.kielce.eu\/wp-content\/uploads\/2022\/04\/Aleksander-Pieat-SP-34-Kielce-768x1032.jpg 768w, https:\/\/sp1.kielce.eu\/wp-content\/uploads\/2022\/04\/Aleksander-Pieat-SP-34-Kielce-1143x1536.jpg 1143w, https:\/\/sp1.kielce.eu\/wp-content\/uploads\/2022\/04\/Aleksander-Pieat-SP-34-Kielce-820x1102.jpg 820w\" sizes=\"auto, (max-width: 1488px) 100vw, 1488px\" \/><\/a><\/figure>\n\n\n\n<figure class=\"wp-block-image size-large\"><a href=\"http:\/\/sp1.kielce.eu\/wp-content\/uploads\/2022\/04\/Martyna-Kot-SP-Gowarcz-w.jpg\"><img loading=\"lazy\" decoding=\"async\" width=\"1120\" height=\"2000\" data-id=\"22053\" src=\"http:\/\/sp1.kielce.eu\/wp-content\/uploads\/2022\/04\/Martyna-Kot-SP-Gowarcz-w.jpg\" alt=\"\" class=\"wp-image-22053\" srcset=\"https:\/\/sp1.kielce.eu\/wp-content\/uploads\/2022\/04\/Martyna-Kot-SP-Gowarcz-w.jpg 1120w, https:\/\/sp1.kielce.eu\/wp-content\/uploads\/2022\/04\/Martyna-Kot-SP-Gowarcz-w-168x300.jpg 168w, https:\/\/sp1.kielce.eu\/wp-content\/uploads\/2022\/04\/Martyna-Kot-SP-Gowarcz-w-504x900.jpg 504w, https:\/\/sp1.kielce.eu\/wp-content\/uploads\/2022\/04\/Martyna-Kot-SP-Gowarcz-w-768x1371.jpg 768w, https:\/\/sp1.kielce.eu\/wp-content\/uploads\/2022\/04\/Martyna-Kot-SP-Gowarcz-w-860x1536.jpg 860w, https:\/\/sp1.kielce.eu\/wp-content\/uploads\/2022\/04\/Martyna-Kot-SP-Gowarcz-w-820x1464.jpg 820w\" sizes=\"auto, (max-width: 1120px) 100vw, 1120px\" \/><\/a><\/figure>\n<\/figure>\n","protected":false},"excerpt":{"rendered":"<p>\u201e\u00d6komode &#8211; ekologiczna moda niemieckiego obszaru j\u0119zykowego\u201d dla uczni\u00f3w klas IV-VIII szk\u00f3\u0142 podstawowych. 07 kwietnia [&hellip;]<\/p>\n","protected":false},"author":5,"featured_media":22049,"comment_status":"closed","ping_status":"","sticky":false,"template":"","format":"standard","meta":{"footnotes":""},"categories":[36],"tags":[],"class_list":["post-22044","post","type-post","status-publish","format-standard","has-post-thumbnail","hentry","category-wydarzenia"],"_links":{"self":[{"href":"https:\/\/sp1.kielce.eu\/index.php\/wp-json\/wp\/v2\/posts\/22044","targetHints":{"allow":["GET"]}}],"collection":[{"href":"https:\/\/sp1.kielce.eu\/index.php\/wp-json\/wp\/v2\/posts"}],"about":[{"href":"https:\/\/sp1.kielce.eu\/index.php\/wp-json\/wp\/v2\/types\/post"}],"author":[{"embeddable":true,"href":"https:\/\/sp1.kielce.eu\/index.php\/wp-json\/wp\/v2\/users\/5"}],"replies":[{"embeddable":true,"href":"https:\/\/sp1.kielce.eu\/index.php\/wp-json\/wp\/v2\/comments?post=22044"}],"version-history":[{"count":2,"href":"https:\/\/sp1.kielce.eu\/index.php\/wp-json\/wp\/v2\/posts\/22044\/revisions"}],"predecessor-version":[{"id":22078,"href":"https:\/\/sp1.kielce.eu\/index.php\/wp-json\/wp\/v2\/posts\/22044\/revisions\/22078"}],"wp:featuredmedia":[{"embeddable":true,"href":"https:\/\/sp1.kielce.eu\/index.php\/wp-json\/wp\/v2\/media\/22049"}],"wp:attachment":[{"href":"https:\/\/sp1.kielce.eu\/index.php\/wp-json\/wp\/v2\/media?parent=22044"}],"wp:term":[{"taxonomy":"category","embeddable":true,"href":"https:\/\/sp1.kielce.eu\/index.php\/wp-json\/wp\/v2\/categories?post=22044"},{"taxonomy":"post_tag","embeddable":true,"href":"https:\/\/sp1.kielce.eu\/index.php\/wp-json\/wp\/v2\/tags?post=22044"}],"curies":[{"name":"wp","href":"https:\/\/api.w.org\/{rel}","templated":true}]}}