{"id":22022,"date":"2022-04-07T11:06:47","date_gmt":"2022-04-07T09:06:47","guid":{"rendered":"http:\/\/sp1.kielce.eu\/?p=22022"},"modified":"2022-04-07T11:06:47","modified_gmt":"2022-04-07T09:06:47","slug":"mamy-mistrzostwo-i-wicemistrzostwo-kielc-w-tenisie-stolowym","status":"publish","type":"post","link":"https:\/\/sp1.kielce.eu\/index.php\/2022\/04\/07\/mamy-mistrzostwo-i-wicemistrzostwo-kielc-w-tenisie-stolowym\/","title":{"rendered":"Mamy mistrzostwo i wicemistrzostwo Kielc w Tenisie Sto\u0142owym"},"content":{"rendered":"\n<p>W ostatnim dniu marca 2022 nasza szko\u0142a bra\u0142a udzia\u0142 w&nbsp;MISTRZOSTWACH KIELC W INDYWIDUALNYM TENISIE STO\u0141OWYM CH\u0141OPC\u00d3W I DZIEWCZ\u0104T IGRZYSKA DZIECI \u2013 ROCZNIK 2009 I M\u0141 W ROKU SZKOLNYM 2021\/22. Nasz\u0105 szko\u0142\u0119 reprezentowali Adam Walasek oraz Franciszek Regucki.&nbsp;<\/p>\n\n\n\n<p>Uczniowie naszej szko\u0142y zdobyli z\u0142oto oraz srebro i tym samym tytu\u0142y Mistrza Kielc oraz wicemistrzostwo Kielc w Tenisie sto\u0142owym ch\u0142opc\u00f3w. W meczu o z\u0142oty medal ch\u0142opcy z naszej szko\u0142y Franciszek Regucki oraz Adam Walasek rywalizowali mi\u0119dzy sob\u0105.&nbsp;<\/p>\n\n\n\n<p>I miejsce Adam Walasek Mistrz Kielc<\/p>\n\n\n\n<p>II miejsce Franciszek Regucki&nbsp;Wicemistrzostwo Kielc<\/p>\n\n\n\n<p>Gratuluj\u0119&nbsp;ch\u0142opakom za tak dobre wyniki w zawodach.<\/p>\n\n\n\n<p>&nbsp;&nbsp; Nauczyciel Wychowania Fizycznego<\/p>\n\n\n\n<p>Remigiusz Krzywda<\/p>\n\n\n\n<figure class=\"wp-block-gallery has-nested-images columns-default is-cropped wp-block-gallery-1 is-layout-flex wp-block-gallery-is-layout-flex\">\n<figure class=\"wp-block-image size-large\"><a href=\"http:\/\/sp1.kielce.eu\/wp-content\/uploads\/2022\/04\/20220331_134628-Medium.jpg\"><img loading=\"lazy\" decoding=\"async\" width=\"1024\" height=\"768\" data-id=\"22023\" src=\"http:\/\/sp1.kielce.eu\/wp-content\/uploads\/2022\/04\/20220331_134628-Medium.jpg\" alt=\"\" class=\"wp-image-22023\" srcset=\"https:\/\/sp1.kielce.eu\/wp-content\/uploads\/2022\/04\/20220331_134628-Medium.jpg 1024w, https:\/\/sp1.kielce.eu\/wp-content\/uploads\/2022\/04\/20220331_134628-Medium-300x225.jpg 300w, https:\/\/sp1.kielce.eu\/wp-content\/uploads\/2022\/04\/20220331_134628-Medium-768x576.jpg 768w, https:\/\/sp1.kielce.eu\/wp-content\/uploads\/2022\/04\/20220331_134628-Medium-820x615.jpg 820w\" sizes=\"auto, (max-width: 1024px) 100vw, 1024px\" \/><\/a><\/figure>\n\n\n\n<figure class=\"wp-block-image size-large\"><a href=\"http:\/\/sp1.kielce.eu\/wp-content\/uploads\/2022\/04\/20211123_122334-Medium.jpg\"><img loading=\"lazy\" decoding=\"async\" width=\"1024\" height=\"768\" data-id=\"22024\" src=\"http:\/\/sp1.kielce.eu\/wp-content\/uploads\/2022\/04\/20211123_122334-Medium.jpg\" alt=\"\" class=\"wp-image-22024\" srcset=\"https:\/\/sp1.kielce.eu\/wp-content\/uploads\/2022\/04\/20211123_122334-Medium.jpg 1024w, https:\/\/sp1.kielce.eu\/wp-content\/uploads\/2022\/04\/20211123_122334-Medium-300x225.jpg 300w, https:\/\/sp1.kielce.eu\/wp-content\/uploads\/2022\/04\/20211123_122334-Medium-768x576.jpg 768w, https:\/\/sp1.kielce.eu\/wp-content\/uploads\/2022\/04\/20211123_122334-Medium-820x615.jpg 820w\" sizes=\"auto, (max-width: 1024px) 100vw, 1024px\" \/><\/a><\/figure>\n\n\n\n<figure class=\"wp-block-image size-large\"><a href=\"http:\/\/sp1.kielce.eu\/wp-content\/uploads\/2022\/04\/20220331_123357-Medium-rotated.jpg\"><img loading=\"lazy\" decoding=\"async\" width=\"768\" height=\"1024\" data-id=\"22025\" src=\"http:\/\/sp1.kielce.eu\/wp-content\/uploads\/2022\/04\/20220331_123357-Medium-rotated.jpg\" alt=\"\" class=\"wp-image-22025\" srcset=\"https:\/\/sp1.kielce.eu\/wp-content\/uploads\/2022\/04\/20220331_123357-Medium-rotated.jpg 768w, https:\/\/sp1.kielce.eu\/wp-content\/uploads\/2022\/04\/20220331_123357-Medium-225x300.jpg 225w, https:\/\/sp1.kielce.eu\/wp-content\/uploads\/2022\/04\/20220331_123357-Medium-675x900.jpg 675w\" sizes=\"auto, (max-width: 768px) 100vw, 768px\" \/><\/a><\/figure>\n\n\n\n<figure class=\"wp-block-image size-large\"><a href=\"http:\/\/sp1.kielce.eu\/wp-content\/uploads\/2022\/04\/20220331_133819-1-Medium-rotated.jpg\"><img loading=\"lazy\" decoding=\"async\" width=\"768\" height=\"1024\" data-id=\"22026\" src=\"http:\/\/sp1.kielce.eu\/wp-content\/uploads\/2022\/04\/20220331_133819-1-Medium-rotated.jpg\" alt=\"\" class=\"wp-image-22026\" srcset=\"https:\/\/sp1.kielce.eu\/wp-content\/uploads\/2022\/04\/20220331_133819-1-Medium-rotated.jpg 768w, https:\/\/sp1.kielce.eu\/wp-content\/uploads\/2022\/04\/20220331_133819-1-Medium-225x300.jpg 225w, https:\/\/sp1.kielce.eu\/wp-content\/uploads\/2022\/04\/20220331_133819-1-Medium-675x900.jpg 675w\" sizes=\"auto, (max-width: 768px) 100vw, 768px\" \/><\/a><\/figure>\n\n\n\n<figure class=\"wp-block-image size-large\"><a href=\"http:\/\/sp1.kielce.eu\/wp-content\/uploads\/2022\/04\/20220331_135424-1-Medium.jpg\"><img loading=\"lazy\" decoding=\"async\" width=\"1024\" height=\"768\" data-id=\"22027\" src=\"http:\/\/sp1.kielce.eu\/wp-content\/uploads\/2022\/04\/20220331_135424-1-Medium.jpg\" alt=\"\" class=\"wp-image-22027\" srcset=\"https:\/\/sp1.kielce.eu\/wp-content\/uploads\/2022\/04\/20220331_135424-1-Medium.jpg 1024w, https:\/\/sp1.kielce.eu\/wp-content\/uploads\/2022\/04\/20220331_135424-1-Medium-300x225.jpg 300w, https:\/\/sp1.kielce.eu\/wp-content\/uploads\/2022\/04\/20220331_135424-1-Medium-768x576.jpg 768w, https:\/\/sp1.kielce.eu\/wp-content\/uploads\/2022\/04\/20220331_135424-1-Medium-820x615.jpg 820w\" sizes=\"auto, (max-width: 1024px) 100vw, 1024px\" \/><\/a><\/figure>\n<\/figure>\n","protected":false},"excerpt":{"rendered":"<p>W ostatnim dniu marca 2022 nasza szko\u0142a bra\u0142a udzia\u0142 w&nbsp;MISTRZOSTWACH KIELC W INDYWIDUALNYM TENISIE STO\u0141OWYM [&hellip;]<\/p>\n","protected":false},"author":5,"featured_media":22027,"comment_status":"closed","ping_status":"","sticky":false,"template":"","format":"standard","meta":{"footnotes":""},"categories":[36,11],"tags":[],"class_list":["post-22022","post","type-post","status-publish","format-standard","has-post-thumbnail","hentry","category-wydarzenia","category-zawody-sportowe"],"_links":{"self":[{"href":"https:\/\/sp1.kielce.eu\/index.php\/wp-json\/wp\/v2\/posts\/22022","targetHints":{"allow":["GET"]}}],"collection":[{"href":"https:\/\/sp1.kielce.eu\/index.php\/wp-json\/wp\/v2\/posts"}],"about":[{"href":"https:\/\/sp1.kielce.eu\/index.php\/wp-json\/wp\/v2\/types\/post"}],"author":[{"embeddable":true,"href":"https:\/\/sp1.kielce.eu\/index.php\/wp-json\/wp\/v2\/users\/5"}],"replies":[{"embeddable":true,"href":"https:\/\/sp1.kielce.eu\/index.php\/wp-json\/wp\/v2\/comments?post=22022"}],"version-history":[{"count":1,"href":"https:\/\/sp1.kielce.eu\/index.php\/wp-json\/wp\/v2\/posts\/22022\/revisions"}],"predecessor-version":[{"id":22028,"href":"https:\/\/sp1.kielce.eu\/index.php\/wp-json\/wp\/v2\/posts\/22022\/revisions\/22028"}],"wp:featuredmedia":[{"embeddable":true,"href":"https:\/\/sp1.kielce.eu\/index.php\/wp-json\/wp\/v2\/media\/22027"}],"wp:attachment":[{"href":"https:\/\/sp1.kielce.eu\/index.php\/wp-json\/wp\/v2\/media?parent=22022"}],"wp:term":[{"taxonomy":"category","embeddable":true,"href":"https:\/\/sp1.kielce.eu\/index.php\/wp-json\/wp\/v2\/categories?post=22022"},{"taxonomy":"post_tag","embeddable":true,"href":"https:\/\/sp1.kielce.eu\/index.php\/wp-json\/wp\/v2\/tags?post=22022"}],"curies":[{"name":"wp","href":"https:\/\/api.w.org\/{rel}","templated":true}]}}