{"id":21996,"date":"2022-04-04T23:53:06","date_gmt":"2022-04-04T21:53:06","guid":{"rendered":"http:\/\/sp1.kielce.eu\/?p=21996"},"modified":"2022-04-04T23:53:06","modified_gmt":"2022-04-04T21:53:06","slug":"gielda-liceow-ogolnoksztalcacych","status":"publish","type":"post","link":"https:\/\/sp1.kielce.eu\/index.php\/2022\/04\/04\/gielda-liceow-ogolnoksztalcacych\/","title":{"rendered":"Gie\u0142da Lice\u00f3w Og\u00f3lnokszta\u0142c\u0105cych"},"content":{"rendered":"\n<p>31 marca uczniowie klas \u00f3smych ponownie wzi\u0119li udzia\u0142 w\u00a0zorganizowanym na terenie Centrum Kszta\u0142cenia Zawodowego &#8211; CK Technik wydarzeniu, adresowanym do ko\u0144cz\u0105cych szko\u0142\u0119 podstawow\u0105. Tym razem poznali ofert\u0119 kieleckich lice\u00f3w og\u00f3lnokszta\u0142c\u0105cych na rok szkolny 2022\/2023. Z\u00a0zaanga\u017cowaniem uczestniczyli w\u00a0warsztatach, dotycz\u0105cych aktualnych trend\u00f3w na Rynku Pracy, korzystali z\u00a0mo\u017cliwo\u015bci indywidualnego badania predyspozycji zawodowych, a\u00a0podczas bezpo\u015brednich rozm\u00f3w przy stoiskach poszczeg\u00f3lnych szk\u00f3\u0142\u00a0z\u00a0uczniami i\u00a0nauczycielami, zdobywali potrzebne informacje.<\/p>\n\n\n\n<p>Gie\u0142da&#8230;uznana zosta\u0142a przez \u00f3smoklasist\u00f3w za wydarzenie interesuj\u0105ce i&nbsp;celowe.<\/p>\n\n\n\n<p class=\"has-text-align-right\">Renata Petrus <br>Dorota Broni\u015b\u00a0<br>Urszula Sodel <br>Beata Smag\u00f3r<\/p>\n\n\n\n<figure class=\"wp-block-gallery has-nested-images columns-5 is-cropped wp-block-gallery-1 is-layout-flex wp-block-gallery-is-layout-flex\">\n<figure class=\"wp-block-image size-large\"><a href=\"http:\/\/sp1.kielce.eu\/wp-content\/uploads\/2022\/04\/20220331_093936-Copy.jpg\"><img loading=\"lazy\" decoding=\"async\" width=\"1200\" height=\"900\" data-id=\"22001\" src=\"http:\/\/sp1.kielce.eu\/wp-content\/uploads\/2022\/04\/20220331_093936-Copy.jpg\" alt=\"\" class=\"wp-image-22001\" srcset=\"https:\/\/sp1.kielce.eu\/wp-content\/uploads\/2022\/04\/20220331_093936-Copy.jpg 1200w, https:\/\/sp1.kielce.eu\/wp-content\/uploads\/2022\/04\/20220331_093936-Copy-300x225.jpg 300w, https:\/\/sp1.kielce.eu\/wp-content\/uploads\/2022\/04\/20220331_093936-Copy-768x576.jpg 768w, https:\/\/sp1.kielce.eu\/wp-content\/uploads\/2022\/04\/20220331_093936-Copy-820x615.jpg 820w\" sizes=\"auto, (max-width: 1200px) 100vw, 1200px\" \/><\/a><\/figure>\n\n\n\n<figure class=\"wp-block-image size-large\"><a href=\"http:\/\/sp1.kielce.eu\/wp-content\/uploads\/2022\/04\/20220331_094338-Copy.jpg\"><img loading=\"lazy\" decoding=\"async\" width=\"1200\" height=\"900\" data-id=\"21999\" src=\"http:\/\/sp1.kielce.eu\/wp-content\/uploads\/2022\/04\/20220331_094338-Copy.jpg\" alt=\"\" class=\"wp-image-21999\" srcset=\"https:\/\/sp1.kielce.eu\/wp-content\/uploads\/2022\/04\/20220331_094338-Copy.jpg 1200w, https:\/\/sp1.kielce.eu\/wp-content\/uploads\/2022\/04\/20220331_094338-Copy-300x225.jpg 300w, https:\/\/sp1.kielce.eu\/wp-content\/uploads\/2022\/04\/20220331_094338-Copy-768x576.jpg 768w, https:\/\/sp1.kielce.eu\/wp-content\/uploads\/2022\/04\/20220331_094338-Copy-820x615.jpg 820w\" sizes=\"auto, (max-width: 1200px) 100vw, 1200px\" \/><\/a><\/figure>\n\n\n\n<figure class=\"wp-block-image size-large\"><a href=\"http:\/\/sp1.kielce.eu\/wp-content\/uploads\/2022\/04\/20220331_095227-Copy.jpg\"><img loading=\"lazy\" decoding=\"async\" width=\"1200\" height=\"900\" data-id=\"21998\" src=\"http:\/\/sp1.kielce.eu\/wp-content\/uploads\/2022\/04\/20220331_095227-Copy.jpg\" alt=\"\" class=\"wp-image-21998\" srcset=\"https:\/\/sp1.kielce.eu\/wp-content\/uploads\/2022\/04\/20220331_095227-Copy.jpg 1200w, https:\/\/sp1.kielce.eu\/wp-content\/uploads\/2022\/04\/20220331_095227-Copy-300x225.jpg 300w, https:\/\/sp1.kielce.eu\/wp-content\/uploads\/2022\/04\/20220331_095227-Copy-768x576.jpg 768w, https:\/\/sp1.kielce.eu\/wp-content\/uploads\/2022\/04\/20220331_095227-Copy-820x615.jpg 820w\" sizes=\"auto, (max-width: 1200px) 100vw, 1200px\" \/><\/a><\/figure>\n\n\n\n<figure class=\"wp-block-image size-large\"><a href=\"http:\/\/sp1.kielce.eu\/wp-content\/uploads\/2022\/04\/20220331_095304-Copy.jpg\"><img loading=\"lazy\" decoding=\"async\" width=\"1200\" height=\"900\" data-id=\"22000\" src=\"http:\/\/sp1.kielce.eu\/wp-content\/uploads\/2022\/04\/20220331_095304-Copy.jpg\" alt=\"\" class=\"wp-image-22000\" srcset=\"https:\/\/sp1.kielce.eu\/wp-content\/uploads\/2022\/04\/20220331_095304-Copy.jpg 1200w, https:\/\/sp1.kielce.eu\/wp-content\/uploads\/2022\/04\/20220331_095304-Copy-300x225.jpg 300w, https:\/\/sp1.kielce.eu\/wp-content\/uploads\/2022\/04\/20220331_095304-Copy-768x576.jpg 768w, https:\/\/sp1.kielce.eu\/wp-content\/uploads\/2022\/04\/20220331_095304-Copy-820x615.jpg 820w\" sizes=\"auto, (max-width: 1200px) 100vw, 1200px\" \/><\/a><\/figure>\n\n\n\n<figure class=\"wp-block-image size-large\"><a href=\"http:\/\/sp1.kielce.eu\/wp-content\/uploads\/2022\/04\/20220331_095640-Copy.jpg\"><img loading=\"lazy\" decoding=\"async\" width=\"1200\" height=\"900\" data-id=\"21997\" src=\"http:\/\/sp1.kielce.eu\/wp-content\/uploads\/2022\/04\/20220331_095640-Copy.jpg\" alt=\"\" class=\"wp-image-21997\" srcset=\"https:\/\/sp1.kielce.eu\/wp-content\/uploads\/2022\/04\/20220331_095640-Copy.jpg 1200w, https:\/\/sp1.kielce.eu\/wp-content\/uploads\/2022\/04\/20220331_095640-Copy-300x225.jpg 300w, https:\/\/sp1.kielce.eu\/wp-content\/uploads\/2022\/04\/20220331_095640-Copy-768x576.jpg 768w, https:\/\/sp1.kielce.eu\/wp-content\/uploads\/2022\/04\/20220331_095640-Copy-820x615.jpg 820w\" sizes=\"auto, (max-width: 1200px) 100vw, 1200px\" \/><\/a><\/figure>\n<\/figure>\n","protected":false},"excerpt":{"rendered":"<p>31 marca uczniowie klas \u00f3smych ponownie wzi\u0119li udzia\u0142 w\u00a0zorganizowanym na terenie Centrum Kszta\u0142cenia Zawodowego &#8211; [&hellip;]<\/p>\n","protected":false},"author":13,"featured_media":22002,"comment_status":"closed","ping_status":"","sticky":false,"template":"","format":"standard","meta":{"footnotes":""},"categories":[143],"tags":[],"class_list":["post-21996","post","type-post","status-publish","format-standard","has-post-thumbnail","hentry","category-dorzaw"],"_links":{"self":[{"href":"https:\/\/sp1.kielce.eu\/index.php\/wp-json\/wp\/v2\/posts\/21996","targetHints":{"allow":["GET"]}}],"collection":[{"href":"https:\/\/sp1.kielce.eu\/index.php\/wp-json\/wp\/v2\/posts"}],"about":[{"href":"https:\/\/sp1.kielce.eu\/index.php\/wp-json\/wp\/v2\/types\/post"}],"author":[{"embeddable":true,"href":"https:\/\/sp1.kielce.eu\/index.php\/wp-json\/wp\/v2\/users\/13"}],"replies":[{"embeddable":true,"href":"https:\/\/sp1.kielce.eu\/index.php\/wp-json\/wp\/v2\/comments?post=21996"}],"version-history":[{"count":1,"href":"https:\/\/sp1.kielce.eu\/index.php\/wp-json\/wp\/v2\/posts\/21996\/revisions"}],"predecessor-version":[{"id":22003,"href":"https:\/\/sp1.kielce.eu\/index.php\/wp-json\/wp\/v2\/posts\/21996\/revisions\/22003"}],"wp:featuredmedia":[{"embeddable":true,"href":"https:\/\/sp1.kielce.eu\/index.php\/wp-json\/wp\/v2\/media\/22002"}],"wp:attachment":[{"href":"https:\/\/sp1.kielce.eu\/index.php\/wp-json\/wp\/v2\/media?parent=21996"}],"wp:term":[{"taxonomy":"category","embeddable":true,"href":"https:\/\/sp1.kielce.eu\/index.php\/wp-json\/wp\/v2\/categories?post=21996"},{"taxonomy":"post_tag","embeddable":true,"href":"https:\/\/sp1.kielce.eu\/index.php\/wp-json\/wp\/v2\/tags?post=21996"}],"curies":[{"name":"wp","href":"https:\/\/api.w.org\/{rel}","templated":true}]}}