{"id":21977,"date":"2022-04-04T21:50:18","date_gmt":"2022-04-04T19:50:18","guid":{"rendered":"http:\/\/sp1.kielce.eu\/?p=21977"},"modified":"2022-04-04T21:50:18","modified_gmt":"2022-04-04T19:50:18","slug":"jak-zostac-pisarzem-warsztaty-z-pracownikami-miejskiej-biblioteki-publicznej-filia-10-w-kielcach","status":"publish","type":"post","link":"https:\/\/sp1.kielce.eu\/index.php\/2022\/04\/04\/jak-zostac-pisarzem-warsztaty-z-pracownikami-miejskiej-biblioteki-publicznej-filia-10-w-kielcach\/","title":{"rendered":"<strong>\u201eJak zosta\u0107 pisarzem?\u201d \u2013 warsztaty z&nbsp;pracownikami <\/strong><strong>Miejskiej Biblioteki Publicznej Filia 10 w&nbsp;Kielcach<\/strong>"},"content":{"rendered":"\n<p>Po raz kolejny go\u015bcili\u015bmy w&nbsp;naszej szkole pracownik\u00f3w Miejskiej Biblioteki Publicznej Filia nr&nbsp;10 w&nbsp;Kielcach, kt\u00f3rzy tym razem inspirowali naszych drugoklasist\u00f3w do tego, by zosta\u0107 pisarzem. Pani kierownik \u2013 Joanna Nowakowska oraz pani Aneta Rakowska, z&nbsp;du\u017c\u0105 dawk\u0105 dobrej zabawy, przekaza\u0142y dzieciom cenn\u0105 wiedz\u0105 na temat tego, jak powstaj\u0105 ksi\u0105\u017cki. Podkre\u015bli\u0142y, \u017ce pisarz musi przede wszystkim umie\u0107 pisa\u0107. Warto pracowa\u0107 nad ortografi\u0105, poprawn\u0105 sk\u0142adni\u0105 oraz bogatym s\u0142ownictwem.<\/p>\n\n\n\n<p>Nast\u0119pnie uczniowie klasy 2b, z&nbsp;pomoc\u0105 prowadz\u0105cych warsztaty, sk\u0142adali \u201eWielk\u0105 ksi\u0119g\u0119 Miejskiej Biblioteki Publicznej\u201d. Ksi\u0119ga zachwyca\u0142a pouczaj\u0105cymi historiami, znanymi postaciami z&nbsp;bajek i&nbsp;kolorowymi ilustracjami.<\/p>\n\n\n\n<p>Ogromnym zainteresowaniem \u201eprzysz\u0142ych pisarzy\u201d cieszy\u0142a si\u0119 stara maszyna do pisania, wyparta z&nbsp;u\u017cycia przez nowoczesne komputery i&nbsp;drukarki.<\/p>\n\n\n\n<p>Pani kierownik zako\u0144czy\u0142a spotkanie radosnym po\u017cegnaniem: \u201edo zobaczenia pisarze! \u2013 powiedzia\u0142a &#8211; je\u015bli szybko rozwiniecie swoje talenty, to ju\u017c wkr\u00f3tce, b\u0119dziemy w&nbsp;bibliotece wypo\u017cycza\u0107 czytelnikom wasze ksi\u0105\u017cki!\u201d<\/p>\n\n\n\n<p>Spotkanie z\u00a0pracownikami MBP Filia\u00a010 w\u00a0Kielcach wpisuje si\u0119 w\u00a0realizacj\u0119 innowacji pedagogicznej \u201eJedynkowe pejza\u017ce p\u0119dzlem i\u00a0pi\u00f3rem malowane\u201d. Sk\u0142adamy serdeczne podzi\u0119kowania kierownictwu oraz pracownikom Biblioteki za otwarto\u015b\u0107, serdeczno\u015b\u0107, \u017cyczliwo\u015b\u0107, dzielenie si\u0119 z\u00a0nami wiedz\u0105 i\u00a0inspiracj\u0105!<\/p>\n\n\n\n<p class=\"has-text-align-right\"><em>s. Faustyna Czajkowska<\/em><\/p>\n\n\n\n<figure class=\"wp-block-gallery has-nested-images columns-default is-cropped wp-block-gallery-1 is-layout-flex wp-block-gallery-is-layout-flex\">\n<figure class=\"wp-block-image size-large\"><a href=\"http:\/\/sp1.kielce.eu\/wp-content\/uploads\/2022\/04\/pisarz2-Copy.jpg\"><img loading=\"lazy\" decoding=\"async\" width=\"1200\" height=\"675\" data-id=\"21979\" src=\"http:\/\/sp1.kielce.eu\/wp-content\/uploads\/2022\/04\/pisarz2-Copy.jpg\" alt=\"\" class=\"wp-image-21979\" srcset=\"https:\/\/sp1.kielce.eu\/wp-content\/uploads\/2022\/04\/pisarz2-Copy.jpg 1200w, https:\/\/sp1.kielce.eu\/wp-content\/uploads\/2022\/04\/pisarz2-Copy-300x169.jpg 300w, https:\/\/sp1.kielce.eu\/wp-content\/uploads\/2022\/04\/pisarz2-Copy-768x432.jpg 768w, https:\/\/sp1.kielce.eu\/wp-content\/uploads\/2022\/04\/pisarz2-Copy-820x461.jpg 820w\" sizes=\"auto, (max-width: 1200px) 100vw, 1200px\" \/><\/a><\/figure>\n\n\n\n<figure class=\"wp-block-image size-large\"><a href=\"http:\/\/sp1.kielce.eu\/wp-content\/uploads\/2022\/04\/pisarz3-Copy.jpg\"><img loading=\"lazy\" decoding=\"async\" width=\"1200\" height=\"675\" data-id=\"21980\" src=\"http:\/\/sp1.kielce.eu\/wp-content\/uploads\/2022\/04\/pisarz3-Copy.jpg\" alt=\"\" class=\"wp-image-21980\" srcset=\"https:\/\/sp1.kielce.eu\/wp-content\/uploads\/2022\/04\/pisarz3-Copy.jpg 1200w, https:\/\/sp1.kielce.eu\/wp-content\/uploads\/2022\/04\/pisarz3-Copy-300x169.jpg 300w, https:\/\/sp1.kielce.eu\/wp-content\/uploads\/2022\/04\/pisarz3-Copy-768x432.jpg 768w, https:\/\/sp1.kielce.eu\/wp-content\/uploads\/2022\/04\/pisarz3-Copy-820x461.jpg 820w\" sizes=\"auto, (max-width: 1200px) 100vw, 1200px\" \/><\/a><\/figure>\n\n\n\n<figure class=\"wp-block-image size-large\"><a href=\"http:\/\/sp1.kielce.eu\/wp-content\/uploads\/2022\/04\/pisarz4-Copy.jpg\"><img loading=\"lazy\" decoding=\"async\" width=\"1200\" height=\"675\" data-id=\"21978\" src=\"http:\/\/sp1.kielce.eu\/wp-content\/uploads\/2022\/04\/pisarz4-Copy.jpg\" alt=\"\" class=\"wp-image-21978\" srcset=\"https:\/\/sp1.kielce.eu\/wp-content\/uploads\/2022\/04\/pisarz4-Copy.jpg 1200w, https:\/\/sp1.kielce.eu\/wp-content\/uploads\/2022\/04\/pisarz4-Copy-300x169.jpg 300w, https:\/\/sp1.kielce.eu\/wp-content\/uploads\/2022\/04\/pisarz4-Copy-768x432.jpg 768w, https:\/\/sp1.kielce.eu\/wp-content\/uploads\/2022\/04\/pisarz4-Copy-820x461.jpg 820w\" sizes=\"auto, (max-width: 1200px) 100vw, 1200px\" \/><\/a><\/figure>\n<\/figure>\n","protected":false},"excerpt":{"rendered":"<p>Po raz kolejny go\u015bcili\u015bmy w&nbsp;naszej szkole pracownik\u00f3w Miejskiej Biblioteki Publicznej Filia nr&nbsp;10 w&nbsp;Kielcach, kt\u00f3rzy tym [&hellip;]<\/p>\n","protected":false},"author":13,"featured_media":21981,"comment_status":"closed","ping_status":"","sticky":false,"template":"","format":"standard","meta":{"footnotes":""},"categories":[36],"tags":[],"class_list":["post-21977","post","type-post","status-publish","format-standard","has-post-thumbnail","hentry","category-wydarzenia"],"_links":{"self":[{"href":"https:\/\/sp1.kielce.eu\/index.php\/wp-json\/wp\/v2\/posts\/21977","targetHints":{"allow":["GET"]}}],"collection":[{"href":"https:\/\/sp1.kielce.eu\/index.php\/wp-json\/wp\/v2\/posts"}],"about":[{"href":"https:\/\/sp1.kielce.eu\/index.php\/wp-json\/wp\/v2\/types\/post"}],"author":[{"embeddable":true,"href":"https:\/\/sp1.kielce.eu\/index.php\/wp-json\/wp\/v2\/users\/13"}],"replies":[{"embeddable":true,"href":"https:\/\/sp1.kielce.eu\/index.php\/wp-json\/wp\/v2\/comments?post=21977"}],"version-history":[{"count":1,"href":"https:\/\/sp1.kielce.eu\/index.php\/wp-json\/wp\/v2\/posts\/21977\/revisions"}],"predecessor-version":[{"id":21982,"href":"https:\/\/sp1.kielce.eu\/index.php\/wp-json\/wp\/v2\/posts\/21977\/revisions\/21982"}],"wp:featuredmedia":[{"embeddable":true,"href":"https:\/\/sp1.kielce.eu\/index.php\/wp-json\/wp\/v2\/media\/21981"}],"wp:attachment":[{"href":"https:\/\/sp1.kielce.eu\/index.php\/wp-json\/wp\/v2\/media?parent=21977"}],"wp:term":[{"taxonomy":"category","embeddable":true,"href":"https:\/\/sp1.kielce.eu\/index.php\/wp-json\/wp\/v2\/categories?post=21977"},{"taxonomy":"post_tag","embeddable":true,"href":"https:\/\/sp1.kielce.eu\/index.php\/wp-json\/wp\/v2\/tags?post=21977"}],"curies":[{"name":"wp","href":"https:\/\/api.w.org\/{rel}","templated":true}]}}