{"id":21889,"date":"2022-03-30T12:26:02","date_gmt":"2022-03-30T10:26:02","guid":{"rendered":"http:\/\/sp1.kielce.eu\/?p=21889"},"modified":"2022-03-30T12:26:02","modified_gmt":"2022-03-30T10:26:02","slug":"rozstrzygniecie-w-konkursie-mem-z-zycia-stanislawa-staszica","status":"publish","type":"post","link":"https:\/\/sp1.kielce.eu\/index.php\/2022\/03\/30\/rozstrzygniecie-w-konkursie-mem-z-zycia-stanislawa-staszica\/","title":{"rendered":"Rozstrzygni\u0119cie w konkursie &#8222;Mem z \u017cycia Stanis\u0142awa Staszica&#8221;"},"content":{"rendered":"\n<p>W zwi\u0105zku z obchodami \u015bwi\u0119ta Patrona naszej szko\u0142y, pod koniec lutego odby\u0142 si\u0119 w naszej szkole pierwszy konkurs pod nazw\u0105 \u201eMem z \u017cycia Stanis\u0142awa Staszica\u201d.<br><br>Zainteresowanie by\u0142o ogromne, du\u017ca ilo\u015b\u0107 prac jak\u0105 otrzymali\u015bmy jest dowodem na kreatywno\u015b\u0107 naszych uczni\u00f3w.<br><br>Ostatecznie Jury sk\u0142adaj\u0105ce si\u0119 z nauczycieli historii wy\u0142oni\u0142o nast\u0119puj\u0105cych zwyci\u0119zc\u00f3w:<\/p>\n\n\n\n<p><br>1. Kacper Le\u017co\u0144 V A<br>2. Piotr Pionka VIII C<br>3. Edyta K\u0119dracka VIII B<br><br>Kilkoro z naszych uczni\u00f3w r\u00f3wnie\u017c zas\u0142u\u017cy\u0142o na wyr\u00f3\u017cnienia:<br>Alicja Bolek VII A<br>Eryk Kubicki VIII B<br>Katarzyna Ko\u0142cz VII B<br>Piotr Bujak V B<br><br>Wszystkim bior\u0105cym udzia\u0142 w konkursie gratulujemy i \u017cyczymy dalszego pozytywnego wyra\u017cania swoich pok\u0142ad\u00f3w kreatywno\u015bci w ten &#8222;nowoczesny spos\u00f3b&#8221;.<br><br>Katarzyna Szostak<br>Patryk Kozie\u0142<br>n-le historii<\/p>\n\n\n\n<figure class=\"wp-block-gallery has-nested-images columns-default is-cropped wp-block-gallery-1 is-layout-flex wp-block-gallery-is-layout-flex\">\n<figure class=\"wp-block-image size-large\"><a href=\"http:\/\/sp1.kielce.eu\/wp-content\/uploads\/2022\/03\/mem-w3.jpg\"><img loading=\"lazy\" decoding=\"async\" width=\"1080\" height=\"1080\" data-id=\"21890\" src=\"http:\/\/sp1.kielce.eu\/wp-content\/uploads\/2022\/03\/mem-w3.jpg\" alt=\"\" class=\"wp-image-21890\" srcset=\"https:\/\/sp1.kielce.eu\/wp-content\/uploads\/2022\/03\/mem-w3.jpg 1080w, https:\/\/sp1.kielce.eu\/wp-content\/uploads\/2022\/03\/mem-w3-300x300.jpg 300w, https:\/\/sp1.kielce.eu\/wp-content\/uploads\/2022\/03\/mem-w3-900x900.jpg 900w, https:\/\/sp1.kielce.eu\/wp-content\/uploads\/2022\/03\/mem-w3-150x150.jpg 150w, https:\/\/sp1.kielce.eu\/wp-content\/uploads\/2022\/03\/mem-w3-768x768.jpg 768w, https:\/\/sp1.kielce.eu\/wp-content\/uploads\/2022\/03\/mem-w3-820x820.jpg 820w\" sizes=\"auto, (max-width: 1080px) 100vw, 1080px\" \/><\/a><\/figure>\n\n\n\n<figure class=\"wp-block-image size-large\"><a href=\"http:\/\/sp1.kielce.eu\/wp-content\/uploads\/2022\/03\/mem1.jpg\"><img loading=\"lazy\" decoding=\"async\" width=\"1080\" height=\"1080\" data-id=\"21891\" src=\"http:\/\/sp1.kielce.eu\/wp-content\/uploads\/2022\/03\/mem1.jpg\" alt=\"\" class=\"wp-image-21891\" srcset=\"https:\/\/sp1.kielce.eu\/wp-content\/uploads\/2022\/03\/mem1.jpg 1080w, https:\/\/sp1.kielce.eu\/wp-content\/uploads\/2022\/03\/mem1-300x300.jpg 300w, https:\/\/sp1.kielce.eu\/wp-content\/uploads\/2022\/03\/mem1-900x900.jpg 900w, https:\/\/sp1.kielce.eu\/wp-content\/uploads\/2022\/03\/mem1-150x150.jpg 150w, https:\/\/sp1.kielce.eu\/wp-content\/uploads\/2022\/03\/mem1-768x768.jpg 768w, https:\/\/sp1.kielce.eu\/wp-content\/uploads\/2022\/03\/mem1-820x820.jpg 820w\" sizes=\"auto, (max-width: 1080px) 100vw, 1080px\" \/><\/a><\/figure>\n\n\n\n<figure class=\"wp-block-image size-large\"><a href=\"http:\/\/sp1.kielce.eu\/wp-content\/uploads\/2022\/03\/mem2.jpg\"><img loading=\"lazy\" decoding=\"async\" width=\"1080\" height=\"1080\" data-id=\"21892\" src=\"http:\/\/sp1.kielce.eu\/wp-content\/uploads\/2022\/03\/mem2.jpg\" alt=\"\" class=\"wp-image-21892\" srcset=\"https:\/\/sp1.kielce.eu\/wp-content\/uploads\/2022\/03\/mem2.jpg 1080w, https:\/\/sp1.kielce.eu\/wp-content\/uploads\/2022\/03\/mem2-300x300.jpg 300w, https:\/\/sp1.kielce.eu\/wp-content\/uploads\/2022\/03\/mem2-900x900.jpg 900w, https:\/\/sp1.kielce.eu\/wp-content\/uploads\/2022\/03\/mem2-150x150.jpg 150w, https:\/\/sp1.kielce.eu\/wp-content\/uploads\/2022\/03\/mem2-768x768.jpg 768w, https:\/\/sp1.kielce.eu\/wp-content\/uploads\/2022\/03\/mem2-820x820.jpg 820w\" sizes=\"auto, (max-width: 1080px) 100vw, 1080px\" \/><\/a><\/figure>\n\n\n\n<figure class=\"wp-block-image size-large\"><a href=\"http:\/\/sp1.kielce.eu\/wp-content\/uploads\/2022\/03\/mem3.jpg\"><img loading=\"lazy\" decoding=\"async\" width=\"1080\" height=\"1080\" data-id=\"21893\" src=\"http:\/\/sp1.kielce.eu\/wp-content\/uploads\/2022\/03\/mem3.jpg\" alt=\"\" class=\"wp-image-21893\" srcset=\"https:\/\/sp1.kielce.eu\/wp-content\/uploads\/2022\/03\/mem3.jpg 1080w, https:\/\/sp1.kielce.eu\/wp-content\/uploads\/2022\/03\/mem3-300x300.jpg 300w, https:\/\/sp1.kielce.eu\/wp-content\/uploads\/2022\/03\/mem3-900x900.jpg 900w, https:\/\/sp1.kielce.eu\/wp-content\/uploads\/2022\/03\/mem3-150x150.jpg 150w, https:\/\/sp1.kielce.eu\/wp-content\/uploads\/2022\/03\/mem3-768x768.jpg 768w, https:\/\/sp1.kielce.eu\/wp-content\/uploads\/2022\/03\/mem3-820x820.jpg 820w\" sizes=\"auto, (max-width: 1080px) 100vw, 1080px\" \/><\/a><\/figure>\n\n\n\n<figure class=\"wp-block-image size-large\"><a href=\"http:\/\/sp1.kielce.eu\/wp-content\/uploads\/2022\/03\/memW.jpg\"><img loading=\"lazy\" decoding=\"async\" width=\"1080\" height=\"1080\" data-id=\"21894\" src=\"http:\/\/sp1.kielce.eu\/wp-content\/uploads\/2022\/03\/memW.jpg\" alt=\"\" class=\"wp-image-21894\" srcset=\"https:\/\/sp1.kielce.eu\/wp-content\/uploads\/2022\/03\/memW.jpg 1080w, https:\/\/sp1.kielce.eu\/wp-content\/uploads\/2022\/03\/memW-300x300.jpg 300w, https:\/\/sp1.kielce.eu\/wp-content\/uploads\/2022\/03\/memW-900x900.jpg 900w, https:\/\/sp1.kielce.eu\/wp-content\/uploads\/2022\/03\/memW-150x150.jpg 150w, https:\/\/sp1.kielce.eu\/wp-content\/uploads\/2022\/03\/memW-768x768.jpg 768w, https:\/\/sp1.kielce.eu\/wp-content\/uploads\/2022\/03\/memW-820x820.jpg 820w\" sizes=\"auto, (max-width: 1080px) 100vw, 1080px\" \/><\/a><\/figure>\n\n\n\n<figure class=\"wp-block-image size-large\"><a href=\"http:\/\/sp1.kielce.eu\/wp-content\/uploads\/2022\/03\/memW2.jpg\"><img loading=\"lazy\" decoding=\"async\" width=\"1080\" height=\"1080\" data-id=\"21895\" src=\"http:\/\/sp1.kielce.eu\/wp-content\/uploads\/2022\/03\/memW2.jpg\" alt=\"\" class=\"wp-image-21895\" srcset=\"https:\/\/sp1.kielce.eu\/wp-content\/uploads\/2022\/03\/memW2.jpg 1080w, https:\/\/sp1.kielce.eu\/wp-content\/uploads\/2022\/03\/memW2-300x300.jpg 300w, https:\/\/sp1.kielce.eu\/wp-content\/uploads\/2022\/03\/memW2-900x900.jpg 900w, https:\/\/sp1.kielce.eu\/wp-content\/uploads\/2022\/03\/memW2-150x150.jpg 150w, https:\/\/sp1.kielce.eu\/wp-content\/uploads\/2022\/03\/memW2-768x768.jpg 768w, https:\/\/sp1.kielce.eu\/wp-content\/uploads\/2022\/03\/memW2-820x820.jpg 820w\" sizes=\"auto, (max-width: 1080px) 100vw, 1080px\" \/><\/a><\/figure>\n\n\n\n<figure class=\"wp-block-image size-large\"><a href=\"http:\/\/sp1.kielce.eu\/wp-content\/uploads\/2022\/03\/Na-stron\u00a6O-ge-wn\u00a6u.jpg\"><img loading=\"lazy\" decoding=\"async\" width=\"1080\" height=\"1080\" data-id=\"21896\" src=\"http:\/\/sp1.kielce.eu\/wp-content\/uploads\/2022\/03\/Na-stron\u00a6O-ge-wn\u00a6u.jpg\" alt=\"\" class=\"wp-image-21896\" srcset=\"https:\/\/sp1.kielce.eu\/wp-content\/uploads\/2022\/03\/Na-stron\u00a6O-ge-wn\u00a6u.jpg 1080w, https:\/\/sp1.kielce.eu\/wp-content\/uploads\/2022\/03\/Na-stron\u00a6O-ge-wn\u00a6u-300x300.jpg 300w, https:\/\/sp1.kielce.eu\/wp-content\/uploads\/2022\/03\/Na-stron\u00a6O-ge-wn\u00a6u-900x900.jpg 900w, https:\/\/sp1.kielce.eu\/wp-content\/uploads\/2022\/03\/Na-stron\u00a6O-ge-wn\u00a6u-150x150.jpg 150w, https:\/\/sp1.kielce.eu\/wp-content\/uploads\/2022\/03\/Na-stron\u00a6O-ge-wn\u00a6u-768x768.jpg 768w, https:\/\/sp1.kielce.eu\/wp-content\/uploads\/2022\/03\/Na-stron\u00a6O-ge-wn\u00a6u-820x820.jpg 820w\" sizes=\"auto, (max-width: 1080px) 100vw, 1080px\" \/><\/a><\/figure>\n<\/figure>\n","protected":false},"excerpt":{"rendered":"<p>W zwi\u0105zku z obchodami \u015bwi\u0119ta Patrona naszej szko\u0142y, pod koniec lutego odby\u0142 si\u0119 w naszej [&hellip;]<\/p>\n","protected":false},"author":5,"featured_media":21896,"comment_status":"closed","ping_status":"","sticky":false,"template":"","format":"standard","meta":{"footnotes":""},"categories":[36],"tags":[],"class_list":["post-21889","post","type-post","status-publish","format-standard","has-post-thumbnail","hentry","category-wydarzenia"],"_links":{"self":[{"href":"https:\/\/sp1.kielce.eu\/index.php\/wp-json\/wp\/v2\/posts\/21889","targetHints":{"allow":["GET"]}}],"collection":[{"href":"https:\/\/sp1.kielce.eu\/index.php\/wp-json\/wp\/v2\/posts"}],"about":[{"href":"https:\/\/sp1.kielce.eu\/index.php\/wp-json\/wp\/v2\/types\/post"}],"author":[{"embeddable":true,"href":"https:\/\/sp1.kielce.eu\/index.php\/wp-json\/wp\/v2\/users\/5"}],"replies":[{"embeddable":true,"href":"https:\/\/sp1.kielce.eu\/index.php\/wp-json\/wp\/v2\/comments?post=21889"}],"version-history":[{"count":1,"href":"https:\/\/sp1.kielce.eu\/index.php\/wp-json\/wp\/v2\/posts\/21889\/revisions"}],"predecessor-version":[{"id":21897,"href":"https:\/\/sp1.kielce.eu\/index.php\/wp-json\/wp\/v2\/posts\/21889\/revisions\/21897"}],"wp:featuredmedia":[{"embeddable":true,"href":"https:\/\/sp1.kielce.eu\/index.php\/wp-json\/wp\/v2\/media\/21896"}],"wp:attachment":[{"href":"https:\/\/sp1.kielce.eu\/index.php\/wp-json\/wp\/v2\/media?parent=21889"}],"wp:term":[{"taxonomy":"category","embeddable":true,"href":"https:\/\/sp1.kielce.eu\/index.php\/wp-json\/wp\/v2\/categories?post=21889"},{"taxonomy":"post_tag","embeddable":true,"href":"https:\/\/sp1.kielce.eu\/index.php\/wp-json\/wp\/v2\/tags?post=21889"}],"curies":[{"name":"wp","href":"https:\/\/api.w.org\/{rel}","templated":true}]}}