{"id":21877,"date":"2022-03-30T00:05:44","date_gmt":"2022-03-29T22:05:44","guid":{"rendered":"http:\/\/sp1.kielce.eu\/?p=21877"},"modified":"2022-03-30T00:05:44","modified_gmt":"2022-03-29T22:05:44","slug":"kiermasz-ozdob-wielkanocnych","status":"publish","type":"post","link":"https:\/\/sp1.kielce.eu\/index.php\/2022\/03\/30\/kiermasz-ozdob-wielkanocnych\/","title":{"rendered":"Kiermasz OZD\u00d3B WIELKANOCNYCH"},"content":{"rendered":"\n<p>Zapraszamy na Kiermasz OZD\u00d3B WIELKANOCNYCH w&nbsp;niedziel\u0105 3 kwietnia 2022 roku od 7.30 do&nbsp;13.30, kt\u00f3ry odb\u0119dzie si\u0119 przed g\u0142\u00f3wnym wej\u015bciem do KO\u015aCIO\u0141A \u015aW. J\u00d3ZEFA ROBOTNIKA w&nbsp;Kielcach<img loading=\"lazy\" decoding=\"async\" src=\"\" alt=\"?\" width=\"16\" height=\"16\"><img loading=\"lazy\" decoding=\"async\" src=\"\" alt=\"?\" width=\"16\" height=\"16\"><img loading=\"lazy\" decoding=\"async\" src=\"\" alt=\"?\" width=\"16\" height=\"16\"><\/p>\n\n\n\n<p>Na kiermaszu b\u0119dzie mo\u017cna kupi\u0107 ozdoby wykonane przez uczni\u00f3w, ich rodzic\u00f3w, oraz nauczycieli. Zgromadzone \u015brodki zostan\u0105 przeznaczone na odnowienie ma\u0142ej salki gimnastycznej dla dzieci z&nbsp;klas I-III.<\/p>\n\n\n\n<p class=\"has-text-align-left\">Zach\u0119camy do wsparcia naszego celu<img loading=\"lazy\" decoding=\"async\" width=\"16\" height=\"16\" src=\"\" alt=\"\u2764\ufe0f\"> <\/p>\n\n\n\n<p class=\"has-text-align-right\">Z g\u00f3ry dzi\u0119kujemy w\u00a0imieniu dzieci:<br>STOWARZYSZENIE KIELECKA JEDYNKA<br>SZKOLNE KO\u0141O WOLONTARIATU JEDYNKA<br>DYREKCJA SP1, NAUCZYCIELE I RODZICE<\/p>\n\n\n\n<figure class=\"wp-block-gallery has-nested-images columns-4 is-cropped wp-block-gallery-1 is-layout-flex wp-block-gallery-is-layout-flex\">\n<figure class=\"wp-block-image size-large\"><a href=\"http:\/\/sp1.kielce.eu\/wp-content\/uploads\/2022\/03\/2-Copy-2.jpg\"><img loading=\"lazy\" decoding=\"async\" width=\"900\" height=\"900\" data-id=\"21886\" src=\"http:\/\/sp1.kielce.eu\/wp-content\/uploads\/2022\/03\/2-Copy-2.jpg\" alt=\"\" class=\"wp-image-21886\" srcset=\"https:\/\/sp1.kielce.eu\/wp-content\/uploads\/2022\/03\/2-Copy-2.jpg 900w, https:\/\/sp1.kielce.eu\/wp-content\/uploads\/2022\/03\/2-Copy-2-300x300.jpg 300w, https:\/\/sp1.kielce.eu\/wp-content\/uploads\/2022\/03\/2-Copy-2-150x150.jpg 150w, https:\/\/sp1.kielce.eu\/wp-content\/uploads\/2022\/03\/2-Copy-2-768x768.jpg 768w, https:\/\/sp1.kielce.eu\/wp-content\/uploads\/2022\/03\/2-Copy-2-820x820.jpg 820w\" sizes=\"auto, (max-width: 900px) 100vw, 900px\" \/><\/a><\/figure>\n\n\n\n<figure class=\"wp-block-image size-large\"><a href=\"http:\/\/sp1.kielce.eu\/wp-content\/uploads\/2022\/03\/3-Copy-2.jpg\"><img loading=\"lazy\" decoding=\"async\" width=\"900\" height=\"900\" data-id=\"21885\" src=\"http:\/\/sp1.kielce.eu\/wp-content\/uploads\/2022\/03\/3-Copy-2.jpg\" alt=\"\" class=\"wp-image-21885\" srcset=\"https:\/\/sp1.kielce.eu\/wp-content\/uploads\/2022\/03\/3-Copy-2.jpg 900w, https:\/\/sp1.kielce.eu\/wp-content\/uploads\/2022\/03\/3-Copy-2-300x300.jpg 300w, https:\/\/sp1.kielce.eu\/wp-content\/uploads\/2022\/03\/3-Copy-2-150x150.jpg 150w, https:\/\/sp1.kielce.eu\/wp-content\/uploads\/2022\/03\/3-Copy-2-768x768.jpg 768w, https:\/\/sp1.kielce.eu\/wp-content\/uploads\/2022\/03\/3-Copy-2-820x820.jpg 820w\" sizes=\"auto, (max-width: 900px) 100vw, 900px\" \/><\/a><\/figure>\n\n\n\n<figure class=\"wp-block-image size-large\"><a href=\"http:\/\/sp1.kielce.eu\/wp-content\/uploads\/2022\/03\/4-Copy-2.jpg\"><img loading=\"lazy\" decoding=\"async\" width=\"900\" height=\"900\" data-id=\"21884\" src=\"http:\/\/sp1.kielce.eu\/wp-content\/uploads\/2022\/03\/4-Copy-2.jpg\" alt=\"\" class=\"wp-image-21884\" srcset=\"https:\/\/sp1.kielce.eu\/wp-content\/uploads\/2022\/03\/4-Copy-2.jpg 900w, https:\/\/sp1.kielce.eu\/wp-content\/uploads\/2022\/03\/4-Copy-2-300x300.jpg 300w, https:\/\/sp1.kielce.eu\/wp-content\/uploads\/2022\/03\/4-Copy-2-150x150.jpg 150w, https:\/\/sp1.kielce.eu\/wp-content\/uploads\/2022\/03\/4-Copy-2-768x768.jpg 768w, https:\/\/sp1.kielce.eu\/wp-content\/uploads\/2022\/03\/4-Copy-2-820x820.jpg 820w\" sizes=\"auto, (max-width: 900px) 100vw, 900px\" \/><\/a><\/figure>\n<\/figure>\n","protected":false},"excerpt":{"rendered":"<p>Zapraszamy na Kiermasz OZD\u00d3B WIELKANOCNYCH w&nbsp;niedziel\u0105 3 kwietnia 2022 roku od 7.30 do&nbsp;13.30, kt\u00f3ry odb\u0119dzie [&hellip;]<\/p>\n","protected":false},"author":13,"featured_media":21887,"comment_status":"closed","ping_status":"","sticky":false,"template":"","format":"standard","meta":{"footnotes":""},"categories":[1,36,163],"tags":[],"class_list":["post-21877","post","type-post","status-publish","format-standard","has-post-thumbnail","hentry","category-bez-kategorii","category-wydarzenia","category-skw"],"_links":{"self":[{"href":"https:\/\/sp1.kielce.eu\/index.php\/wp-json\/wp\/v2\/posts\/21877","targetHints":{"allow":["GET"]}}],"collection":[{"href":"https:\/\/sp1.kielce.eu\/index.php\/wp-json\/wp\/v2\/posts"}],"about":[{"href":"https:\/\/sp1.kielce.eu\/index.php\/wp-json\/wp\/v2\/types\/post"}],"author":[{"embeddable":true,"href":"https:\/\/sp1.kielce.eu\/index.php\/wp-json\/wp\/v2\/users\/13"}],"replies":[{"embeddable":true,"href":"https:\/\/sp1.kielce.eu\/index.php\/wp-json\/wp\/v2\/comments?post=21877"}],"version-history":[{"count":1,"href":"https:\/\/sp1.kielce.eu\/index.php\/wp-json\/wp\/v2\/posts\/21877\/revisions"}],"predecessor-version":[{"id":21888,"href":"https:\/\/sp1.kielce.eu\/index.php\/wp-json\/wp\/v2\/posts\/21877\/revisions\/21888"}],"wp:featuredmedia":[{"embeddable":true,"href":"https:\/\/sp1.kielce.eu\/index.php\/wp-json\/wp\/v2\/media\/21887"}],"wp:attachment":[{"href":"https:\/\/sp1.kielce.eu\/index.php\/wp-json\/wp\/v2\/media?parent=21877"}],"wp:term":[{"taxonomy":"category","embeddable":true,"href":"https:\/\/sp1.kielce.eu\/index.php\/wp-json\/wp\/v2\/categories?post=21877"},{"taxonomy":"post_tag","embeddable":true,"href":"https:\/\/sp1.kielce.eu\/index.php\/wp-json\/wp\/v2\/tags?post=21877"}],"curies":[{"name":"wp","href":"https:\/\/api.w.org\/{rel}","templated":true}]}}