{"id":21861,"date":"2022-03-18T17:58:00","date_gmt":"2022-03-18T16:58:00","guid":{"rendered":"http:\/\/sp1.kielce.eu\/?p=21861"},"modified":"2022-03-29T23:55:37","modified_gmt":"2022-03-29T21:55:37","slug":"dzien-swietego-patryka-w-swietlicy-sp1","status":"publish","type":"post","link":"https:\/\/sp1.kielce.eu\/index.php\/2022\/03\/18\/dzien-swietego-patryka-w-swietlicy-sp1\/","title":{"rendered":"Dzie\u0144 \u015awi\u0119tego Patryka\u00a0 w \u015bwietlicy SP1"},"content":{"rendered":"\n<p>Dzie\u0144 \u015awi\u0119tego Patryka wypada 17 marca. Jest to \u015bwi\u0119to irlandzkie, o&nbsp;wymiarze narodowo-religijnym. \u015awi\u0119ty Patryk to bowiem patron tego kraju. By\u0142 on misjonarzem i&nbsp;biskupem krzewi\u0105cym wiar\u0119 chrze\u015bcija\u0144sk\u0105. Wed\u0142ug r\u00f3\u017cnych legend, \u015bw.&nbsp;Patryk by\u0142 cudotw\u00f3rc\u0105, kt\u00f3ry przywraca\u0142 wzrok niewidomym, \u017cycie umar\u0142ym, a&nbsp;Irlandi\u0119 uwolni\u0142 od plagi w\u0119\u017cy. Dlatego na obrazach jest cz\u0119sto przedstawiany jako mnich, przydeptuj\u0105cy stop\u0105 w\u0119\u017ca.<\/p>\n\n\n\n<p>Dzie\u0144 \u015bw.&nbsp;Patryka obchodzony jest nie tylko w&nbsp;Irlandii, ale r\u00f3wnie\u017c w&nbsp;wielu innych krajach na ca\u0142ym \u015bwiecie, dlatego podczas zaj\u0119\u0107 w&nbsp;\u015bwietlicy zosta\u0142a przybli\u017cona dzieciom posta\u0107 \u015aw.&nbsp;Patryka. Uczniowie wykonali pi\u0119kne prace zwi\u0105zane z&nbsp;tym \u015bwi\u0119tem, wraz z&nbsp;wolontariuszk\u0105 Konstantine z&nbsp;Grecji, kt\u00f3ra go\u015bci w naszej szkol\u0119 dzi\u0119ki uzyskanemu Znaku Jako\u015bci Europejskiego Korpusu Solidarno\u015bci.<\/p>\n\n\n\n<p class=\"has-text-align-right\">Organizatorzy:<br>p. Paulina Kondracka &#8211; nauczyciel j.angielskiego<br>wychowawcy \u015bwietlicy<\/p>\n","protected":false},"excerpt":{"rendered":"<p>Dzie\u0144 \u015awi\u0119tego Patryka wypada 17 marca. Jest to \u015bwi\u0119to irlandzkie, o&nbsp;wymiarze narodowo-religijnym. \u015awi\u0119ty Patryk to [&hellip;]<\/p>\n","protected":false},"author":13,"featured_media":21862,"comment_status":"closed","ping_status":"","sticky":false,"template":"","format":"standard","meta":{"footnotes":""},"categories":[25],"tags":[],"class_list":["post-21861","post","type-post","status-publish","format-standard","has-post-thumbnail","hentry","category-swietlica"],"_links":{"self":[{"href":"https:\/\/sp1.kielce.eu\/index.php\/wp-json\/wp\/v2\/posts\/21861","targetHints":{"allow":["GET"]}}],"collection":[{"href":"https:\/\/sp1.kielce.eu\/index.php\/wp-json\/wp\/v2\/posts"}],"about":[{"href":"https:\/\/sp1.kielce.eu\/index.php\/wp-json\/wp\/v2\/types\/post"}],"author":[{"embeddable":true,"href":"https:\/\/sp1.kielce.eu\/index.php\/wp-json\/wp\/v2\/users\/13"}],"replies":[{"embeddable":true,"href":"https:\/\/sp1.kielce.eu\/index.php\/wp-json\/wp\/v2\/comments?post=21861"}],"version-history":[{"count":1,"href":"https:\/\/sp1.kielce.eu\/index.php\/wp-json\/wp\/v2\/posts\/21861\/revisions"}],"predecessor-version":[{"id":21863,"href":"https:\/\/sp1.kielce.eu\/index.php\/wp-json\/wp\/v2\/posts\/21861\/revisions\/21863"}],"wp:featuredmedia":[{"embeddable":true,"href":"https:\/\/sp1.kielce.eu\/index.php\/wp-json\/wp\/v2\/media\/21862"}],"wp:attachment":[{"href":"https:\/\/sp1.kielce.eu\/index.php\/wp-json\/wp\/v2\/media?parent=21861"}],"wp:term":[{"taxonomy":"category","embeddable":true,"href":"https:\/\/sp1.kielce.eu\/index.php\/wp-json\/wp\/v2\/categories?post=21861"},{"taxonomy":"post_tag","embeddable":true,"href":"https:\/\/sp1.kielce.eu\/index.php\/wp-json\/wp\/v2\/tags?post=21861"}],"curies":[{"name":"wp","href":"https:\/\/api.w.org\/{rel}","templated":true}]}}