{"id":21856,"date":"2022-03-29T23:54:49","date_gmt":"2022-03-29T21:54:49","guid":{"rendered":"http:\/\/sp1.kielce.eu\/?p=21856"},"modified":"2022-03-29T23:54:49","modified_gmt":"2022-03-29T21:54:49","slug":"i-miejsce-w-miedzyswietlicowym-konkursie-na-ekologiczna-marzanne-w-sp-nr-5-w-kielcach","status":"publish","type":"post","link":"https:\/\/sp1.kielce.eu\/index.php\/2022\/03\/29\/i-miejsce-w-miedzyswietlicowym-konkursie-na-ekologiczna-marzanne-w-sp-nr-5-w-kielcach\/","title":{"rendered":"I miejsce w mi\u0119dzy\u015bwietlicowym konkursie na &#8222;Ekologiczn\u0105 Marzann\u0119&#8221; w SP nr 5 w Kielcach"},"content":{"rendered":"\n<p>W marcu wychowawcy \u015bwietlicy wraz z&nbsp;dzie\u0107mi i&nbsp;dzi\u0119ki materia\u0142om dostarczonym przez rodzic\u00f3w klas I-III, wykonali ekologiczn\u0105 Marzann\u0119. Zosta\u0142a ona zg\u0142oszona do&nbsp;mi\u0119dzy\u015bwietlicowego konkursu na \u201eEkologiczn\u0105 Marzann\u0119\u201d w&nbsp;Szkole Podstawowej nr&nbsp;5 w&nbsp;Kielcach.&nbsp;<\/p>\n\n\n\n<p>Podstawowym kryterium oceny prac by\u0142o wykorzystanie odpad\u00f3w pochodz\u0105cych z&nbsp;gospodarstw domowych (gazety, butelki, puszki&nbsp;itp.) tym samym, propagowanie recyklingu w\u015br\u00f3d najm\u0142odszych.<\/p>\n\n\n\n<p><strong>Mi\u0142o nam poinformowa\u0107, \u017ce nasza Marzanna zaj\u0119\u0142a I miejsce!<\/strong><\/p>\n\n\n\n<p>Dzi\u0119kujemy rodzicom klas I-III za wsp\u00f3\u0142prac\u0119 i&nbsp;ciekawe pomys\u0142y.<\/p>\n\n\n\n<p class=\"has-text-align-right\">Organizatorzy: Agnieszka Rycombel &#8211; kierownik \u015bwietlicy<br>Marzena Kwiecie\u0144 &#8211; nauczyciel plastyki<br>El\u017cbieta Litwinek &#8211; wychowawca \u015bwietlicy<br>Anna Borowska &#8211; nauczyciel j. polskiego<br>Ewa Waleniak &#8211; nauczyciel geografii&nbsp;<\/p>\n\n\n\n<figure class=\"wp-block-gallery has-nested-images columns-default is-cropped wp-block-gallery-1 is-layout-flex wp-block-gallery-is-layout-flex\">\n<figure class=\"wp-block-image size-large\"><a href=\"http:\/\/sp1.kielce.eu\/wp-content\/uploads\/2022\/03\/20220324_141450-Copy.jpg\"><img loading=\"lazy\" decoding=\"async\" width=\"1200\" height=\"767\" data-id=\"21857\" src=\"http:\/\/sp1.kielce.eu\/wp-content\/uploads\/2022\/03\/20220324_141450-Copy.jpg\" alt=\"\" class=\"wp-image-21857\" srcset=\"https:\/\/sp1.kielce.eu\/wp-content\/uploads\/2022\/03\/20220324_141450-Copy.jpg 1200w, https:\/\/sp1.kielce.eu\/wp-content\/uploads\/2022\/03\/20220324_141450-Copy-300x192.jpg 300w, https:\/\/sp1.kielce.eu\/wp-content\/uploads\/2022\/03\/20220324_141450-Copy-768x491.jpg 768w, https:\/\/sp1.kielce.eu\/wp-content\/uploads\/2022\/03\/20220324_141450-Copy-820x524.jpg 820w\" sizes=\"auto, (max-width: 1200px) 100vw, 1200px\" \/><\/a><\/figure>\n\n\n\n<figure class=\"wp-block-image size-large\"><a href=\"http:\/\/sp1.kielce.eu\/wp-content\/uploads\/2022\/03\/Screenshot_20220322-112058_Chrome-Copy.jpg\"><img loading=\"lazy\" decoding=\"async\" width=\"415\" height=\"900\" data-id=\"21858\" src=\"http:\/\/sp1.kielce.eu\/wp-content\/uploads\/2022\/03\/Screenshot_20220322-112058_Chrome-Copy.jpg\" alt=\"\" class=\"wp-image-21858\" srcset=\"https:\/\/sp1.kielce.eu\/wp-content\/uploads\/2022\/03\/Screenshot_20220322-112058_Chrome-Copy.jpg 415w, https:\/\/sp1.kielce.eu\/wp-content\/uploads\/2022\/03\/Screenshot_20220322-112058_Chrome-Copy-138x300.jpg 138w\" sizes=\"auto, (max-width: 415px) 100vw, 415px\" \/><\/a><\/figure>\n<\/figure>\n","protected":false},"excerpt":{"rendered":"<p>W marcu wychowawcy \u015bwietlicy wraz z&nbsp;dzie\u0107mi i&nbsp;dzi\u0119ki materia\u0142om dostarczonym przez rodzic\u00f3w klas I-III, wykonali ekologiczn\u0105 [&hellip;]<\/p>\n","protected":false},"author":13,"featured_media":21859,"comment_status":"closed","ping_status":"","sticky":false,"template":"","format":"standard","meta":{"footnotes":""},"categories":[25,21],"tags":[],"class_list":["post-21856","post","type-post","status-publish","format-standard","has-post-thumbnail","hentry","category-swietlica","category-konkursy"],"_links":{"self":[{"href":"https:\/\/sp1.kielce.eu\/index.php\/wp-json\/wp\/v2\/posts\/21856","targetHints":{"allow":["GET"]}}],"collection":[{"href":"https:\/\/sp1.kielce.eu\/index.php\/wp-json\/wp\/v2\/posts"}],"about":[{"href":"https:\/\/sp1.kielce.eu\/index.php\/wp-json\/wp\/v2\/types\/post"}],"author":[{"embeddable":true,"href":"https:\/\/sp1.kielce.eu\/index.php\/wp-json\/wp\/v2\/users\/13"}],"replies":[{"embeddable":true,"href":"https:\/\/sp1.kielce.eu\/index.php\/wp-json\/wp\/v2\/comments?post=21856"}],"version-history":[{"count":2,"href":"https:\/\/sp1.kielce.eu\/index.php\/wp-json\/wp\/v2\/posts\/21856\/revisions"}],"predecessor-version":[{"id":21864,"href":"https:\/\/sp1.kielce.eu\/index.php\/wp-json\/wp\/v2\/posts\/21856\/revisions\/21864"}],"wp:featuredmedia":[{"embeddable":true,"href":"https:\/\/sp1.kielce.eu\/index.php\/wp-json\/wp\/v2\/media\/21859"}],"wp:attachment":[{"href":"https:\/\/sp1.kielce.eu\/index.php\/wp-json\/wp\/v2\/media?parent=21856"}],"wp:term":[{"taxonomy":"category","embeddable":true,"href":"https:\/\/sp1.kielce.eu\/index.php\/wp-json\/wp\/v2\/categories?post=21856"},{"taxonomy":"post_tag","embeddable":true,"href":"https:\/\/sp1.kielce.eu\/index.php\/wp-json\/wp\/v2\/tags?post=21856"}],"curies":[{"name":"wp","href":"https:\/\/api.w.org\/{rel}","templated":true}]}}