{"id":21835,"date":"2022-03-28T09:09:45","date_gmt":"2022-03-28T07:09:45","guid":{"rendered":"http:\/\/sp1.kielce.eu\/?p=21835"},"modified":"2022-03-28T09:09:45","modified_gmt":"2022-03-28T07:09:45","slug":"ii-wojewodzki-konkurs-okomode-ekologiczna-moda-niemieckiego-obszaru-jezykowego-dla-uczniow-klas-iv-viii-szkol-podstawowych","status":"publish","type":"post","link":"https:\/\/sp1.kielce.eu\/index.php\/2022\/03\/28\/ii-wojewodzki-konkurs-okomode-ekologiczna-moda-niemieckiego-obszaru-jezykowego-dla-uczniow-klas-iv-viii-szkol-podstawowych\/","title":{"rendered":"II Wojew\u00f3dzki Konkurs \u201e\u00d6komode &#8211; ekologiczna moda niemieckiego obszaru j\u0119zykowego\u201d\u00a0 dla uczni\u00f3w klas IV-VIII szk\u00f3\u0142 podstawowych."},"content":{"rendered":"\n<p><strong>II etap konkursu za nami.\u00a0 45 uczni\u00f3w ze \u015bwi\u0119tokrzyskich szk\u00f3\u0142 przygotowa\u0142o prezentacje w j\u0119zyku niemieckiem na temat \u201eVerwerte \u2013 verwende.\u201d Prace porusza\u0142y bardzo wa\u017cne tematy ochrony \u015brodowiska, segregacji odpad\u00f3w oraz zagro\u017cenia zwi\u0105zane z nadmiernym eksploatowaniem naszej planety. Poziom prezentacji by\u0142 bardzo wysoki i jury mia\u0142o du\u017cy problem z wyborem tych najlepszych. Do 3 etapu zakwalifikowano 24 uczni\u00f3w. \u00a0Fina\u0142 odb\u0119dzie si\u0119 7 kwietnia na platformie teams.<\/strong><\/p>\n\n\n\n<figure class=\"wp-block-gallery has-nested-images columns-default is-cropped wp-block-gallery-1 is-layout-flex wp-block-gallery-is-layout-flex\">\n<figure class=\"wp-block-image size-large\"><a href=\"http:\/\/sp1.kielce.eu\/wp-content\/uploads\/2022\/03\/IMG-4335.jpg\"><img loading=\"lazy\" decoding=\"async\" width=\"1170\" height=\"878\" data-id=\"21836\" src=\"http:\/\/sp1.kielce.eu\/wp-content\/uploads\/2022\/03\/IMG-4335.jpg\" alt=\"\" class=\"wp-image-21836\" srcset=\"https:\/\/sp1.kielce.eu\/wp-content\/uploads\/2022\/03\/IMG-4335.jpg 1170w, https:\/\/sp1.kielce.eu\/wp-content\/uploads\/2022\/03\/IMG-4335-300x225.jpg 300w, https:\/\/sp1.kielce.eu\/wp-content\/uploads\/2022\/03\/IMG-4335-768x576.jpg 768w, https:\/\/sp1.kielce.eu\/wp-content\/uploads\/2022\/03\/IMG-4335-820x615.jpg 820w\" sizes=\"auto, (max-width: 1170px) 100vw, 1170px\" \/><\/a><\/figure>\n\n\n\n<figure class=\"wp-block-image size-large\"><a href=\"http:\/\/sp1.kielce.eu\/wp-content\/uploads\/2022\/03\/IMG-4336.jpg\"><img loading=\"lazy\" decoding=\"async\" width=\"1170\" height=\"878\" data-id=\"21837\" src=\"http:\/\/sp1.kielce.eu\/wp-content\/uploads\/2022\/03\/IMG-4336.jpg\" alt=\"\" class=\"wp-image-21837\" srcset=\"https:\/\/sp1.kielce.eu\/wp-content\/uploads\/2022\/03\/IMG-4336.jpg 1170w, https:\/\/sp1.kielce.eu\/wp-content\/uploads\/2022\/03\/IMG-4336-300x225.jpg 300w, https:\/\/sp1.kielce.eu\/wp-content\/uploads\/2022\/03\/IMG-4336-768x576.jpg 768w, https:\/\/sp1.kielce.eu\/wp-content\/uploads\/2022\/03\/IMG-4336-820x615.jpg 820w\" sizes=\"auto, (max-width: 1170px) 100vw, 1170px\" \/><\/a><\/figure>\n\n\n\n<figure class=\"wp-block-image size-large\"><a href=\"http:\/\/sp1.kielce.eu\/wp-content\/uploads\/2022\/03\/IMG-4337.jpg\"><img loading=\"lazy\" decoding=\"async\" width=\"1170\" height=\"878\" data-id=\"21838\" src=\"http:\/\/sp1.kielce.eu\/wp-content\/uploads\/2022\/03\/IMG-4337.jpg\" alt=\"\" class=\"wp-image-21838\" srcset=\"https:\/\/sp1.kielce.eu\/wp-content\/uploads\/2022\/03\/IMG-4337.jpg 1170w, https:\/\/sp1.kielce.eu\/wp-content\/uploads\/2022\/03\/IMG-4337-300x225.jpg 300w, https:\/\/sp1.kielce.eu\/wp-content\/uploads\/2022\/03\/IMG-4337-768x576.jpg 768w, https:\/\/sp1.kielce.eu\/wp-content\/uploads\/2022\/03\/IMG-4337-820x615.jpg 820w\" sizes=\"auto, (max-width: 1170px) 100vw, 1170px\" \/><\/a><\/figure>\n\n\n\n<figure class=\"wp-block-image size-large\"><a href=\"http:\/\/sp1.kielce.eu\/wp-content\/uploads\/2022\/03\/IMG-4338.jpg\"><img loading=\"lazy\" decoding=\"async\" width=\"1170\" height=\"878\" data-id=\"21839\" src=\"http:\/\/sp1.kielce.eu\/wp-content\/uploads\/2022\/03\/IMG-4338.jpg\" alt=\"\" class=\"wp-image-21839\" srcset=\"https:\/\/sp1.kielce.eu\/wp-content\/uploads\/2022\/03\/IMG-4338.jpg 1170w, https:\/\/sp1.kielce.eu\/wp-content\/uploads\/2022\/03\/IMG-4338-300x225.jpg 300w, https:\/\/sp1.kielce.eu\/wp-content\/uploads\/2022\/03\/IMG-4338-768x576.jpg 768w, https:\/\/sp1.kielce.eu\/wp-content\/uploads\/2022\/03\/IMG-4338-820x615.jpg 820w\" sizes=\"auto, (max-width: 1170px) 100vw, 1170px\" \/><\/a><\/figure>\n<\/figure>\n","protected":false},"excerpt":{"rendered":"<p>II etap konkursu za nami.\u00a0 45 uczni\u00f3w ze \u015bwi\u0119tokrzyskich szk\u00f3\u0142 przygotowa\u0142o prezentacje w j\u0119zyku niemieckiem [&hellip;]<\/p>\n","protected":false},"author":5,"featured_media":21837,"comment_status":"closed","ping_status":"","sticky":false,"template":"","format":"standard","meta":{"footnotes":""},"categories":[36],"tags":[],"class_list":["post-21835","post","type-post","status-publish","format-standard","has-post-thumbnail","hentry","category-wydarzenia"],"_links":{"self":[{"href":"https:\/\/sp1.kielce.eu\/index.php\/wp-json\/wp\/v2\/posts\/21835","targetHints":{"allow":["GET"]}}],"collection":[{"href":"https:\/\/sp1.kielce.eu\/index.php\/wp-json\/wp\/v2\/posts"}],"about":[{"href":"https:\/\/sp1.kielce.eu\/index.php\/wp-json\/wp\/v2\/types\/post"}],"author":[{"embeddable":true,"href":"https:\/\/sp1.kielce.eu\/index.php\/wp-json\/wp\/v2\/users\/5"}],"replies":[{"embeddable":true,"href":"https:\/\/sp1.kielce.eu\/index.php\/wp-json\/wp\/v2\/comments?post=21835"}],"version-history":[{"count":1,"href":"https:\/\/sp1.kielce.eu\/index.php\/wp-json\/wp\/v2\/posts\/21835\/revisions"}],"predecessor-version":[{"id":21840,"href":"https:\/\/sp1.kielce.eu\/index.php\/wp-json\/wp\/v2\/posts\/21835\/revisions\/21840"}],"wp:featuredmedia":[{"embeddable":true,"href":"https:\/\/sp1.kielce.eu\/index.php\/wp-json\/wp\/v2\/media\/21837"}],"wp:attachment":[{"href":"https:\/\/sp1.kielce.eu\/index.php\/wp-json\/wp\/v2\/media?parent=21835"}],"wp:term":[{"taxonomy":"category","embeddable":true,"href":"https:\/\/sp1.kielce.eu\/index.php\/wp-json\/wp\/v2\/categories?post=21835"},{"taxonomy":"post_tag","embeddable":true,"href":"https:\/\/sp1.kielce.eu\/index.php\/wp-json\/wp\/v2\/tags?post=21835"}],"curies":[{"name":"wp","href":"https:\/\/api.w.org\/{rel}","templated":true}]}}